{"id":108427,"date":"2025-09-11T19:08:08","date_gmt":"2025-09-11T19:08:08","guid":{"rendered":"https:\/\/www.europesays.com\/es\/108427\/"},"modified":"2025-09-11T19:08:08","modified_gmt":"2025-09-11T19:08:08","slug":"el-actor-danes-mads-mikkelsen-rueda-en-tafalla-una-pelicula-de-ciencia-ficcion","status":"publish","type":"post","link":"https:\/\/www.europesays.com\/es\/108427\/","title":{"rendered":"El actor dan\u00e9s Mads Mikkelsen rueda en Tafalla una pel\u00edcula de ciencia ficci\u00f3n"},"content":{"rendered":"<p>Una nave industrial de Tafalla acoge desde hace tres semanas el rodaje de una pel\u00edcula de ciencia ficci\u00f3n protagonizada por el actor dan\u00e9s <strong>Mads Mikkelsen.<\/strong>\n<\/p>\n<p>El int\u00e9rprete (Copenhague, 1965) es conocido mundialmente por sus papeles en pel\u00edculas y series como &#8216;Otra ronda&#8217;, &#8216;La caza&#8217;, &#8216;Hannibal&#8217;, &#8216;Casino Royale&#8217; o &#8216;La tierra prometida&#8217;, entre otras muchas, y su presencia en Navarra estos d\u00edas no hab\u00eda pasado desapercibida en las redes sociales, que le captaron cenando en el asador Katuzarra o tomando una cerveza en una terraza en la plaza consistorial de Pamplona. La raz\u00f3n de su presencia era que est\u00e1 rodando estas semanas  A.M.I., una pel\u00edcula futurista dirigida por <strong>Fernando Szurman <\/strong>para la que se han construido los decorados en Tafalla y en la que interviene tambi\u00e9n la actriz alemana <strong>Diane Kruger <\/strong>(conocida entre otras pel\u00edculas por Troya o Malditos bastardos). Curiosamente, Kruger forma parte tambi\u00e9n del reparto de &#8216;Each of Us&#8217;, el largometraje sobre el campo de concentraci\u00f3n nazi femenino de Ravensbr\u00fcck que se rodar\u00e1 en las pr\u00f3ximas semanas en las instalaciones de Refena en Pamplona.<\/p>\n<p>A.M.I. responde a las siglas de Autonomous Mission Intelligence (inteligencia de misi\u00f3n aut\u00f3noma), el nombre de la inteligencia artificial que se emplea en la nave espacial Quantum 4. Cuando una misi\u00f3n de la nave falla y \u00fanicamente sobrevive un miembro de la tripulaci\u00f3n, el teniente Ian J. Teague (Mikkelsen), \u00e9ste tendr\u00e1 que formar equipo con esa tecnolog\u00eda de inteligencia artificial para poder sobrevivir en un planeta de condiciones extremas. Una explosi\u00f3n a bordo de la nave lanza un peque\u00f1o veh\u00edculo de escape, una c\u00e1psula de vida, a un sistema solar no explorado con el teniente Teague. \u00c9ste deber\u00e1 reanimarse repentinamente del criosue\u00f1o en el que viajaba inmerso, lo que le dejar\u00e1 aturdido y no le permitir\u00e1 acceder a los recuerdos del pasado. Su \u00fanica certeza es que algo ha salido mal en la misi\u00f3n y ahora necesitar\u00e1 esos recursos tecnol\u00f3gicos para poder mantenerse con vida.<\/p>\n<p>El planeta presenta unas <strong>temperaturas extremas<\/strong>, con suelo y columnas de hielo, un enorme sol y tres lunas que se recrean en esta nave de Tafalla. La pel\u00edcula, una coproducci\u00f3n entre Estados Unidos y Espa\u00f1a, lleva por subt\u00edtulo Solo en el espacio. Detr\u00e1s del proyecto est\u00e1n las productoras Fish Corb, Conch Republic Films y MEM.<\/p>\n<p>\n<strong>Fernando Szurman<\/strong> es un director argentino y polaco afincado desde 2023 en Espa\u00f1a. Graduado en Comunicaci\u00f3n Audiovisual y doctor en Filosof\u00eda, su cortometraje &#8216;Black Water&#8217; particip\u00f3 en el Festival de Sitges en la edici\u00f3n de 2019.<\/p>\n","protected":false},"excerpt":{"rendered":"Una nave industrial de Tafalla acoge desde hace tres semanas el rodaje de una pel\u00edcula de ciencia ficci\u00f3n&hellip;\n","protected":false},"author":2,"featured_media":108428,"comment_status":"","ping_status":"","sticky":false,"template":"","format":"standard","meta":{"footnotes":""},"categories":[169],"tags":[1339,177,7423,158,146,147,25,24,176,20305,33346,175,23],"class_list":{"0":"post-108427","1":"post","2":"type-post","3":"status-publish","4":"format-standard","5":"has-post-thumbnail","7":"category-cine","8":"tag-actor","9":"tag-cine","10":"tag-danes","11":"tag-el","12":"tag-entertainment","13":"tag-entretenimiento","14":"tag-es","15":"tag-espana","16":"tag-film","17":"tag-mads","18":"tag-mikkelsen","19":"tag-movies","20":"tag-spain"},"share_on_mastodon":{"url":"","error":""},"_links":{"self":[{"href":"https:\/\/www.europesays.com\/es\/wp-json\/wp\/v2\/posts\/108427","targetHints":{"allow":["GET"]}}],"collection":[{"href":"https:\/\/www.europesays.com\/es\/wp-json\/wp\/v2\/posts"}],"about":[{"href":"https:\/\/www.europesays.com\/es\/wp-json\/wp\/v2\/types\/post"}],"author":[{"embeddable":true,"href":"https:\/\/www.europesays.com\/es\/wp-json\/wp\/v2\/users\/2"}],"replies":[{"embeddable":true,"href":"https:\/\/www.europesays.com\/es\/wp-json\/wp\/v2\/comments?post=108427"}],"version-history":[{"count":0,"href":"https:\/\/www.europesays.com\/es\/wp-json\/wp\/v2\/posts\/108427\/revisions"}],"wp:featuredmedia":[{"embeddable":true,"href":"https:\/\/www.europesays.com\/es\/wp-json\/wp\/v2\/media\/108428"}],"wp:attachment":[{"href":"https:\/\/www.europesays.com\/es\/wp-json\/wp\/v2\/media?parent=108427"}],"wp:term":[{"taxonomy":"category","embeddable":true,"href":"https:\/\/www.europesays.com\/es\/wp-json\/wp\/v2\/categories?post=108427"},{"taxonomy":"post_tag","embeddable":true,"href":"https:\/\/www.europesays.com\/es\/wp-json\/wp\/v2\/tags?post=108427"}],"curies":[{"name":"wp","href":"https:\/\/api.w.org\/{rel}","templated":true}]}}