{"id":108431,"date":"2025-09-11T19:15:11","date_gmt":"2025-09-11T19:15:11","guid":{"rendered":"https:\/\/www.europesays.com\/es\/108431\/"},"modified":"2025-09-11T19:15:11","modified_gmt":"2025-09-11T19:15:11","slug":"menos-multitudinario-el-independentismo-catalan-sale-a-la-calle-en-su-movilizacion-anual","status":"publish","type":"post","link":"https:\/\/www.europesays.com\/es\/108431\/","title":{"rendered":"Menos multitudinario, el independentismo catal\u00e1n sale a la calle en su movilizaci\u00f3n anual"},"content":{"rendered":"<p>    <img src=\"https:\/\/www.europesays.com\/es\/wp-content\/uploads\/2025\/09\/2025-09-11T183A423A10Z-89990836.jpg\" width=\"1024\" height=\"682\" alt=\"\" loading=\"eager\" decoding=\"sync\" fetchpriority=\"high\"\/><\/p>\n<p>            afp_tickers        <\/p>\n<p>        Este contenido fue publicado en    <\/p>\n<p>        11 septiembre 2025 &#8211; 20:42\n<\/p>\n<p>Fragmentado y fuera del gobierno regional, el independentismo catal\u00e1n sali\u00f3 este jueves a las calles de Barcelona para su movilizaci\u00f3n anual, aunque muy lejos de las multitudinarias marchas de los a\u00f1os cercanos al intento secesionista de esta regi\u00f3n espa\u00f1ola en 2017.\u00a0<\/p>\n<p>Agitando sus banderas esteladas y entonando c\u00e1nticos de \u00abIndependecia\u00bb, unas 28.000 personas, seg\u00fan la Guardia Urbana, se congregaron en Barcelona para la tradicional manifestaci\u00f3n que las principales entidades separatistas convocan por la Diada, como se conoce a la fiesta regional de Catalu\u00f1a.<\/p>\n<p>La marcha, que en los a\u00f1os \u00e1lgidos de la escalada separatista super\u00f3 el mill\u00f3n de asistentes, ha ido perdiendo impacto y el a\u00f1o pasado hab\u00eda congregado a 60.000 personas en Barcelona durante una convocatoria que, como este, se descentraliz\u00f3 en varias ciudades.\u00a0<\/p>\n<p>\u00abHemos pasado un proceso de un auge muy grande, que es muy dif\u00edcil sostener durante muchos a\u00f1os tanta intensidad\u00bb, reconoce Ester Benach, una periodista de 49 a\u00f1os con una gran bandera estelada a la espalda.<\/p>\n<p>El contexto pol\u00edtico ha cambiado mucho en esta pr\u00f3spera regi\u00f3n del noreste de Espa\u00f1a, que desde el a\u00f1o pasado preside el socialista Salvador Illa, el primer dirigente no nacionalista o independentista en ocupar el Palau de la Generalitat desde 2010.<\/p>\n<p>Un 52% de catalanes son ahora contrarios a la independencia, frente a un 40% favorable, seg\u00fan la \u00faltima encuesta del centro regional de estudios de opini\u00f3n (CEO).\u00a0<\/p>\n<p>\u00abEl movimiento independentista est\u00e1 decepcionado con todo lo que ha pasado con el proc\u00e9s [como se conoce a la tentativa fallida de 2017, ndlr], pero la gente est\u00e1\u00bb, opina Josep Serrat, un jubilado de 75 a\u00f1os que, como todos los a\u00f1os, acude a la marcha desde un municipio del interior de Catalu\u00f1a.\u00a0<\/p>\n<p>\u00abEn el momento que esto se reactive volveremos a ser con m\u00e1s gente y m\u00e1s fuerza\u00bb, agrega.\u00a0<\/p>\n<p>Los choques entre las dos grandes formaciones separatistas dejaron a muchos votantes decepcionados y abrieron paso en los \u00faltimos tiempos al ascenso de la emergente Alian\u00e7a Catalana, un partido ultranacionalista catal\u00e1n por ahora minoritario, pero que ha multiplicado sus proyecciones de voto con un discurso populista y cr\u00edtico con la migraci\u00f3n.<\/p>\n<p>Mientras, Carles Puigdemont, quien presid\u00eda Catalu\u00f1a cuando la regi\u00f3n intent\u00f3 separarse de Espa\u00f1a en 2017, sigue residiendo en B\u00e9lgica a la espera de que el Tribunal Constitucional espa\u00f1ol decida sobre el recurso que present\u00f3 para poder acogerse a la ley de amnist\u00eda aprobada el a\u00f1o pasado, y que el Tribunal Supremo decidi\u00f3 que no era aplicable a los investigados por delito de malversaci\u00f3n.<\/p>\n<p>rs\/mdm\/mb<\/p>\n","protected":false},"excerpt":{"rendered":"afp_tickers Este contenido fue publicado en 11 septiembre 2025 &#8211; 20:42 Fragmentado y fuera del gobierno regional, el&hellip;\n","protected":false},"author":2,"featured_media":108432,"comment_status":"","ping_status":"","sticky":false,"template":"","format":"standard","meta":{"footnotes":""},"categories":[8],"tags":[17,18,3675,636,18680,25,24,13,14,11,19,20,9,10,15,16,88,23,90,12,21,22],"class_list":{"0":"post-108431","1":"post","2":"type-post","3":"status-publish","4":"format-standard","5":"has-post-thumbnail","7":"category-espana","8":"tag-breaking-news","9":"tag-breakingnews","10":"tag-civil-unrest","11":"tag-conflict","12":"tag-demonstration","13":"tag-es","14":"tag-espana","15":"tag-featured-news","16":"tag-featurednews","17":"tag-headlines","18":"tag-latest-news","19":"tag-latestnews","20":"tag-news","21":"tag-noticias","22":"tag-noticias-destacadas","23":"tag-noticiasdestacadas","24":"tag-politics","25":"tag-spain","26":"tag-ticker","27":"tag-titulares","28":"tag-ultimas-noticias","29":"tag-ultimasnoticias"},"share_on_mastodon":{"url":"","error":""},"_links":{"self":[{"href":"https:\/\/www.europesays.com\/es\/wp-json\/wp\/v2\/posts\/108431","targetHints":{"allow":["GET"]}}],"collection":[{"href":"https:\/\/www.europesays.com\/es\/wp-json\/wp\/v2\/posts"}],"about":[{"href":"https:\/\/www.europesays.com\/es\/wp-json\/wp\/v2\/types\/post"}],"author":[{"embeddable":true,"href":"https:\/\/www.europesays.com\/es\/wp-json\/wp\/v2\/users\/2"}],"replies":[{"embeddable":true,"href":"https:\/\/www.europesays.com\/es\/wp-json\/wp\/v2\/comments?post=108431"}],"version-history":[{"count":0,"href":"https:\/\/www.europesays.com\/es\/wp-json\/wp\/v2\/posts\/108431\/revisions"}],"wp:featuredmedia":[{"embeddable":true,"href":"https:\/\/www.europesays.com\/es\/wp-json\/wp\/v2\/media\/108432"}],"wp:attachment":[{"href":"https:\/\/www.europesays.com\/es\/wp-json\/wp\/v2\/media?parent=108431"}],"wp:term":[{"taxonomy":"category","embeddable":true,"href":"https:\/\/www.europesays.com\/es\/wp-json\/wp\/v2\/categories?post=108431"},{"taxonomy":"post_tag","embeddable":true,"href":"https:\/\/www.europesays.com\/es\/wp-json\/wp\/v2\/tags?post=108431"}],"curies":[{"name":"wp","href":"https:\/\/api.w.org\/{rel}","templated":true}]}}