{"id":108453,"date":"2025-09-11T19:28:07","date_gmt":"2025-09-11T19:28:07","guid":{"rendered":"https:\/\/www.europesays.com\/es\/108453\/"},"modified":"2025-09-11T19:28:07","modified_gmt":"2025-09-11T19:28:07","slug":"ciudad-real-un-libro-recupera-la-figura-de-lopez-villasenor","status":"publish","type":"post","link":"https:\/\/www.europesays.com\/es\/108453\/","title":{"rendered":"Ciudad Real: Un libro recupera la figura de L\u00f3pez Villase\u00f1or"},"content":{"rendered":"<p>El doctor en Bellas Artes y profesor de pintura V\u00edctor Chac\u00f3n ha presentado en el Museo L\u00f3pez-Villase\u00f1or su obra Villase\u00f1or. Conocimiento y Esencia, un libro que rescata y actualiza su tesis in\u00e9dita dedicada a Manuel L\u00f3pez-Villase\u00f1or, uno de los grandes referentes del arte espa\u00f1ol del siglo XX.<\/p>\n<p>El acto de presentaci\u00f3n cont\u00f3 con la participaci\u00f3n del concejal de Cultura del Ayuntamiento de Ciudad Real, Pedro Lozano, y reuni\u00f3 a numerosos asistentes interesados en la figura del artista ciudadreale\u00f1o. Durante su intervenci\u00f3n, Lozano destac\u00f3 que \u00abeste libro supone un hito m\u00e1s en la labor de engrandecer la figura de un pintor tan importante para Ciudad Real como fue L\u00f3pez-Villase\u00f1or, un creador universal cuya obra debemos seguir reivindicando y difundiendo\u00bb.<\/p>\n<p>La obra, que cuenta con la colaboraci\u00f3n de la concejal\u00eda de Cultura del Ayuntamiento de Ciudad Real, ofrece un riguroso an\u00e1lisis cr\u00edtico, enriquecido con testimonios directos del propio L\u00f3pez-Villase\u00f1or, que permiten adentrarse en la vida y trayectoria de un creador cuya influencia traspas\u00f3 fronteras, estilos y generaciones. Desde sus murales hist\u00f3ricos hasta las t\u00e9cnicas m\u00e1s innovadoras, el libro pone en valor la amplitud y vigencia de su legado.<\/p>\n<p><img decoding=\"async\" loading=\"lazy\" src=\"https:\/\/www.europesays.com\/es\/wp-content\/uploads\/2025\/09\/9DA1F0FF-AEF7-482E-A91B506FD008A95D.JPG\" alt=\"Un libro recupera la figura de L\u00f3pez Villase\u00f1or\" border=\"0\"\/>Un libro recupera la figura de L\u00f3pez Villase\u00f1or<\/p>\n<p>Villase\u00f1or. Conocimiento y Esencia no solo ilumina la obra del pintor, sino tambi\u00e9n al hombre y su manera de entender el arte como una aut\u00e9ntica forma de vida.<\/p>\n<p><img decoding=\"async\" loading=\"lazy\" src=\"https:\/\/www.europesays.com\/es\/wp-content\/uploads\/2025\/09\/96B6B488-3270-4D3F-903FC00D246569E4.JPG\" alt=\"Un libro recupera la figura de L\u00f3pez Villase\u00f1or\" border=\"0\"\/>Un libro recupera la figura de L\u00f3pez Villase\u00f1or<\/p>\n<p>\u00a0<\/p>\n","protected":false},"excerpt":{"rendered":"El doctor en Bellas Artes y profesor de pintura V\u00edctor Chac\u00f3n ha presentado en el Museo L\u00f3pez-Villase\u00f1or su&hellip;\n","protected":false},"author":2,"featured_media":108454,"comment_status":"","ping_status":"","sticky":false,"template":"","format":"standard","meta":{"footnotes":""},"categories":[172],"tags":[229,1954,224,1940,146,147,25,24,225,37375,4193,23],"class_list":{"0":"post-108453","1":"post","2":"type-post","3":"status-publish","4":"format-standard","5":"has-post-thumbnail","7":"category-libros","8":"tag-arte","9":"tag-ayuntamiento-de-ciudad-real","10":"tag-books","11":"tag-ciudad-real","12":"tag-entertainment","13":"tag-entretenimiento","14":"tag-es","15":"tag-espana","16":"tag-libros","17":"tag-museo-lopez-villasenor","18":"tag-siglo-xx","19":"tag-spain"},"share_on_mastodon":{"url":"","error":""},"_links":{"self":[{"href":"https:\/\/www.europesays.com\/es\/wp-json\/wp\/v2\/posts\/108453","targetHints":{"allow":["GET"]}}],"collection":[{"href":"https:\/\/www.europesays.com\/es\/wp-json\/wp\/v2\/posts"}],"about":[{"href":"https:\/\/www.europesays.com\/es\/wp-json\/wp\/v2\/types\/post"}],"author":[{"embeddable":true,"href":"https:\/\/www.europesays.com\/es\/wp-json\/wp\/v2\/users\/2"}],"replies":[{"embeddable":true,"href":"https:\/\/www.europesays.com\/es\/wp-json\/wp\/v2\/comments?post=108453"}],"version-history":[{"count":0,"href":"https:\/\/www.europesays.com\/es\/wp-json\/wp\/v2\/posts\/108453\/revisions"}],"wp:featuredmedia":[{"embeddable":true,"href":"https:\/\/www.europesays.com\/es\/wp-json\/wp\/v2\/media\/108454"}],"wp:attachment":[{"href":"https:\/\/www.europesays.com\/es\/wp-json\/wp\/v2\/media?parent=108453"}],"wp:term":[{"taxonomy":"category","embeddable":true,"href":"https:\/\/www.europesays.com\/es\/wp-json\/wp\/v2\/categories?post=108453"},{"taxonomy":"post_tag","embeddable":true,"href":"https:\/\/www.europesays.com\/es\/wp-json\/wp\/v2\/tags?post=108453"}],"curies":[{"name":"wp","href":"https:\/\/api.w.org\/{rel}","templated":true}]}}