{"id":108479,"date":"2025-09-11T19:44:14","date_gmt":"2025-09-11T19:44:14","guid":{"rendered":"https:\/\/www.europesays.com\/es\/108479\/"},"modified":"2025-09-11T19:44:14","modified_gmt":"2025-09-11T19:44:14","slug":"se-definieron-los-cruces-entre-argentina-y-paises-bajos-por-la-copa-davis","status":"publish","type":"post","link":"https:\/\/www.europesays.com\/es\/108479\/","title":{"rendered":"Se definieron los cruces entre Argentina y Pa\u00edses Bajos por la Copa Davis"},"content":{"rendered":"<p>&#13;<br \/>\n                    &#13;<br \/>\n                        &#13;<br \/>\n&#13;<\/p>\n<p>Este fin de semana la delegaci\u00f3n albiceleste se juega la clasificaci\u00f3n al Final 8 ante el combinado neerland\u00e9s en Groningen. Repas\u00e1 el cronograma.<\/p>\n<p>&#13;<br \/>\n<img decoding=\"async\" class=\"mainImg r16x9\" width=\"416\" height=\"234\" fetchpriority=\"high\" src=\"https:\/\/www.europesays.com\/es\/wp-content\/uploads\/2025\/09\/delegacion-argentina-copa-davis_416x234.webp.webp\"  alt=\"Delegaci\u00f3n argentina Copa Davis\" title=\"Delegaci\u00f3n argentina Copa Davis\"\/> La delegaci\u00f3n argentina se divierte antes de la serie ante Pa\u00edses Bajos por la Copa Davis. (@AATenis)<\/p>\n<p>Este viernes comenzar\u00e1 la <b>serie entre Argentina y Pa\u00edses Bajos, correspondiente a la segunda ronda de los Qualifiers de la Copa Davis 2025<\/b>, en la que ambas selecciones buscar\u00e1n un lugar en el Final 8 de la competici\u00f3n. Horas antes del primer encuentro<b> se celebr\u00f3 el sorteo <\/b>en el Martiniplaza de Groningen, estadio con capacidad para 3.855 espectadores que albergar\u00e1 los partidos. Repas\u00e1 el cronograma de los argentinos.<\/p>\n<p>&#13;<\/p>\n<p>El que abrir\u00e1 la jornada del viernes, desde las 9 de Argentina, ser\u00e1 <b>Tom\u00e1s Etcheverri (64\u00b0), quien se medir\u00e1 ante Jesper de Jong (79\u00b0)<\/b>. El historial entre ambos es parejo: <b>se vieron las caras en el Challenger de Lima en 2021 y fue victoria del argentino, mientras que ese mismo a\u00f1o en Guayaquil el neerland\u00e9s se qued\u00f3 con la victoria.<\/b><\/p>\n<p>A continuaci\u00f3n, <b>Francisco Cer\u00fandolo (21\u00b0) se enfrentar\u00e1 a Botic van de Zandschulp (82\u00b0)<\/b>. Pese a la diferencia en el ranking, el europeo es un jugador de renombre que se hace muy fuerte en canchas r\u00e1pidas, superficie donde consigui\u00f3 victorias ante figuras de renombre como Novak Djokovic, Carlos Alcaraz o Rafael Nadal. <b>Se enfrentaron una sola vez, en los 32avos de final de Indian Wells, y fue victoria para el porte\u00f1o en sets corridos<\/b>.<\/p>\n<p>El s\u00e1bado, tambi\u00e9n desde las 9, se disputar\u00e1 el partido de dobles entre<b> Horacio Zeballos (5\u00b0 en dobles) y Andr\u00e9s Molteni (19\u00b0) ante la dupla conformada por Sander Arends (23\u00b0) y Sem Verbeek (48\u00b0)<\/b>. Si la serie no est\u00e1 definida, <b>se jugar\u00e1 un duelo entre Cer\u00fandolo y de Jong y, en el caso de necesitar un quinto partido, se ver\u00e1n las caras Etcheverry y van de Zandschlup<\/b>.<\/p>\n<p><img decoding=\"async\" class=\"mainImg r3x4\" fetchpriority=\"low\" loading=\"lazy\" src=\"https:\/\/www.europesays.com\/es\/wp-content\/uploads\/2025\/09\/argentina-copa-davis_416x555.webp.webp\" alt=\"Argentina Copa Davis\" title=\"Argentina Copa Davis\"\/> Francisco Cer\u00fandolo vs. Botic van de Zandschulp, uno de los duelos de singles en la serie entre Argentina y Pa\u00edses Bajos. (@AATenis)El cronograma completo de la serie entre Argentina y Pa\u00edses Bajos por Copa Davis<\/p>\n<ul>\n<li>Viernes 12 de septiembre 09.00 &#8211; <b>Jesper de Jong vs. Tom\u00e1s Etcheverri<\/b><\/li>\n<li>Viernes 12 de septiembre una vez finalizado el primer partido &#8211; <b>Botic van de Zandschulp vs. Francisco Cer\u00fandolo<\/b><\/li>\n<li>S\u00e1bado 13 de septiembre 09.00 &#8211;<b> Sander Arends y Sem Verbeek vs. Horacio Zeballos y Andr\u00e9s Molteni<\/b><\/li>\n<li>S\u00e1bado 13 de septiembre (si es necesario) &#8211; <b>Jesper de Jong vs. Francisco Cer\u00fandolo<\/b><\/li>\n<li>S\u00e1bado 13 de septiembre (si es necesario) &#8211; <b>Botic van de Zandschulp vs. Tom\u00e1s Etcheverri<\/b><\/li>\n<\/ul>\n<p>*Todos los encuentros se jugar\u00e1n en el Martiniplaza de Groningen, Pa\u00edses Bajos y se podr\u00e1n ver por la pantalla de TyC Sports.<\/p>\n<p><img decoding=\"async\" class=\"mainImg r16x9\" width=\"416\" height=\"234\" fetchpriority=\"low\" loading=\"lazy\" src=\"https:\/\/www.europesays.com\/es\/wp-content\/uploads\/2025\/09\/martiniplaza_416x234.webp.webp\"  alt=\"Martiniplaza\" title=\"Martiniplaza\"\/> As\u00ed es el Martiniplaza, donde Argentina visitar\u00e1 a Pa\u00edses Bajos por la Copa Davis.<\/p>\n<p>        <a onclick=\"ga4SelectContentEvent(&quot;Se definieron los cruces entre Argentina y Pa\\u00edses Bajos para la segunda ronda clasificatoria de la Copa Davis&quot;, &quot;Tenis&quot;, &quot;Nota&quot;);\" href=\"https:\/\/www.tycsports.com\/tenis\/argentina-vs-noruega-por-la-copa-davis-2025-hora-partidos-y-donde-ver-en-vivo-id631178.html\" target=\"_blank\" rel=\"nofollow noopener\">Argentina se meti\u00f3 en esta instancia tras superar 3 a 2 a Noruega en Oslo en enero<\/a>. En aquella oportunidad, Javier Frana, capit\u00e1n del equipo nacional, no pudo contar con Francisco Cer\u00fandolo, quien se perdi\u00f3 la serie por una lesi\u00f3n. Su lugar fue ocupado por <b>Mariano Navone, quien gan\u00f3 un partido \u00e9pico ante Budkov Kjaer que sell\u00f3 la clasificaci\u00f3n<\/b>.<\/p>\n<p><b>Pa\u00edses Bajos, por su parte, se clasific\u00f3 directamente a la segunda ronda tras haber sido finalista de la \u00faltima edici\u00f3n de la Copa Davis<\/b>, en la que cay\u00f3 ante Italia. Igualmente aquel equipo sufri\u00f3 dos bajas important\u00edsimas, ya que su principal figura, Tallon Griekspoor, no formar\u00e1 parte de esta serie, y el especialista en dobles Wesley Koolhof, se retir\u00f3 de la competencia profesional.<\/p>\n<p>El \u00fanico antecedente entre ambas selecciones data del a\u00f1o 2009. En aquella edici\u00f3n, Argentina, que ven\u00eda de perder la final ante Espa\u00f1a en Mar del Plata el a\u00f1o anterior, <b>super\u00f3 5 a 0 a Pa\u00edses Bajos en el Estadio Mary Ter\u00e1n de Weiss<\/b>.<\/p>\n<p>&#13;<\/p>\n<p><b>        \u00bfQuer\u00e9s viajar a ver los mejores eventos deportivos?    <\/b><\/p>\n<p><b>Entr\u00e1 en <a onclick=\"ga4SelectContentEvent(&quot;Se definieron los cruces entre Argentina y Pa\\u00edses Bajos para la segunda ronda clasificatoria de la Copa Davis&quot;, &quot;Tenis&quot;, &quot;Nota&quot;);\" href=\"https:\/\/www.instagram.com\/meb.viajes\/\" target=\"_blank\" rel=\"nofollow noopener\">@meb.viajes<\/a> y viv\u00ed una experiencia inolvidable.<\/b><\/p>\n<p class=\"subs-tag\">&#13;<br \/>\n            &#13;<br \/>\n            &#13;<br \/>\n            &#13;<br \/>\n            &#13;<br \/>\n            &#13;<br \/>\n         No te pierdas nada<\/p>\n<p>        &#13;<br \/>\n            Recib\u00ed las \u00faltimas noticias de Copa Davis \u00a1y m\u00e1s!    &#13;<br \/>\n    &#13;<\/p>\n<p>&#13;<br \/>\n    &#13;<br \/>\n       &#13;<br \/>\n&#13;<br \/>\n        Te puede interesar<a href=\"https:\/\/www.tycsports.com\/tenis\/comesana-y-su-primera-convocatoria-a-la-copa-davis-esto-es-lo-que-mas-amo-y-luche-muchisimo-por-estar-aca-id685099.html\" onclick=\"ga4SelectContentEvent(&quot;Comesa\\u00f1a y su primera convocatoria a la Davis: \\&quot;Esto es lo que m\\u00e1s amo\\&quot;&quot;,&quot;Tenis&quot;,&quot;page_nota-comun-2024-blo_4109&quot;,&quot;Mat\\u00edas Morales&quot;);\" class=\"cardImageHolder\" rel=\"nofollow noopener\" target=\"_blank\"><img decoding=\"async\" class=\"cardImage r16x9\" width=\"416\" height=\"234\" fetchpriority=\"low\" loading=\"lazy\" src=\"https:\/\/www.europesays.com\/es\/wp-content\/uploads\/2025\/09\/comesana_416x234.webp\"  alt=\"Comesa\u00f1a y su primera convocatoria a la Davis: &quot;Esto es lo que m\u00e1s amo&quot;\" title=\"Comesa\u00f1a y su primera convocatoria a la Davis: &quot;Esto es lo que m\u00e1s amo&quot;\"\/><\/a><a href=\"https:\/\/www.tycsports.com\/tenis\/anna-kalinskaya-revelo-holger-rune-invito-salir-tenis-deporte-us-open-id685148.html\" onclick=\"ga4SelectContentEvent(&quot;Mensajes y esc\\u00e1ndalo en el circuito: del filoso \\&quot;est\\u00e1 desesperado\\&quot; al \\&quot;si quiero una cita, se la pido\\&quot;&quot;,&quot;Tenis&quot;,&quot;page_nota-comun-2024-blo_4109&quot;,&quot;Mat\\u00edas Besana&quot;);\" class=\"cardImageHolder\" rel=\"nofollow noopener\" target=\"_blank\"><img decoding=\"async\" class=\"cardImage r16x9\" width=\"416\" height=\"234\" fetchpriority=\"low\" loading=\"lazy\" src=\"https:\/\/www.europesays.com\/es\/wp-content\/uploads\/2025\/09\/anna-kalinskaya-tenista-rusa-de-26-anos_416x234.webp\"  alt=\"Mensajes y esc\u00e1ndalo en el circuito: del filoso &quot;est\u00e1 desesperado&quot; al &quot;si quiero una cita, se la pido&quot;\" title=\"Mensajes y esc\u00e1ndalo en el circuito: del filoso &quot;est\u00e1 desesperado&quot; al &quot;si quiero una cita, se la pido&quot;\"\/><\/a><a href=\"https:\/\/www.tycsports.com\/tenis\/horacio-zeballos-campeon-us-open-sumo-argentina-copa-davis-paises-bajos-holanda-cerundolo-etcheverry-id684847.html\" onclick=\"ga4SelectContentEvent(&quot;Tras ganar el US Open, Zeballos se sum\\u00f3 al equipo de Copa Davis: \\u201cAhora tengo la cabeza en aportar mi punto\\u201d&quot;,&quot;Tenis&quot;,&quot;page_nota-comun-2024-blo_4109&quot;,&quot;Mat\\u00edas Besana&quot;);\" class=\"cardImageHolder\" rel=\"nofollow noopener\" target=\"_blank\">&#13;<br \/>\n                    &#13;<br \/>\n                    &#13;<br \/>\n                <img decoding=\"async\" class=\"cardImage r16x9\" width=\"416\" height=\"234\" fetchpriority=\"low\" loading=\"lazy\" src=\"https:\/\/www.europesays.com\/es\/wp-content\/uploads\/2025\/09\/horacio-zeballos-el-cuarto-numero-uno-en-la-historia-del-tenis-argentino_416x234.webp\"  alt=\"Tras ganar el US Open, Zeballos se sum\u00f3 al equipo de Copa Davis: \u201cAhora tengo la cabeza en aportar mi punto\u201d\" title=\"Tras ganar el US Open, Zeballos se sum\u00f3 al equipo de Copa Davis: \u201cAhora tengo la cabeza en aportar mi punto\u201d\"\/><\/a><a href=\"https:\/\/www.tycsports.com\/tenis\/rafael-nadal-aconsejo-carlos-alcaraz-diferencias-jannik-sinner-final-us-open-tenis-id684539.html\" onclick=\"ga4SelectContentEvent(&quot;Antes de la final del US Open, Nadal aconsej\\u00f3 a Alcaraz y marc\\u00f3 sus diferencias con Sinner&quot;,&quot;Tenis&quot;,&quot;page_nota-comun-2024-blo_4109&quot;,&quot;Mat\\u00edas Besana&quot;);\" class=\"cardImageHolder\" rel=\"nofollow noopener\" target=\"_blank\"><img decoding=\"async\" class=\"cardImage r16x9\" width=\"416\" height=\"234\" fetchpriority=\"low\" loading=\"lazy\" src=\"https:\/\/www.europesays.com\/es\/wp-content\/uploads\/2025\/09\/carlos-alcaraz-y-rafael-nadal-tenistas-espanoles_416x234.webp\"  alt=\"Antes de la final del US Open, Nadal aconsej\u00f3 a Alcaraz y marc\u00f3 sus diferencias con Sinner\" title=\"Antes de la final del US Open, Nadal aconsej\u00f3 a Alcaraz y marc\u00f3 sus diferencias con Sinner\"\/><\/a><a href=\"https:\/\/www.tycsports.com\/tenis\/aryna-sabalenka-campeona-us-open-segunda-vez-id684458.html\" onclick=\"ga4SelectContentEvent(&quot;Aryna Sabalenka, campeona del US Open por segunda vez consecutiva&quot;,&quot;Tenis&quot;,&quot;page_nota-comun-2024-blo_4109&quot;,&quot;Federico Zbogar&quot;);\" class=\"cardImageHolder\" rel=\"nofollow noopener\" target=\"_blank\">&#13;<br \/>\n                    &#13;<br \/>\n                    &#13;<br \/>\n                <img decoding=\"async\" class=\"cardImage r16x9\" width=\"416\" height=\"234\" fetchpriority=\"low\" loading=\"lazy\" src=\"https:\/\/www.europesays.com\/es\/wp-content\/uploads\/2025\/09\/aryna-sabalenka-campeona-del-us-open-2025_416x234.webp\"  alt=\"Aryna Sabalenka, campeona del US Open por segunda vez consecutiva\" title=\"Aryna Sabalenka, campeona del US Open por segunda vez consecutiva\"\/><\/a><a href=\"https:\/\/www.tycsports.com\/tenis\/horacio-zeballos-y-marcel-granollers-campeones-us-open-remontada-id684431.html\" onclick=\"ga4SelectContentEvent(&quot;Zeballos levant\\u00f3 tres matchpoints en contra y se consagr\\u00f3 en dobles junto a Granollers&quot;,&quot;Tenis&quot;,&quot;page_nota-comun-2024-blo_4109&quot;,&quot;Ciro Frustaci Zaccaro&quot;);\" class=\"cardImageHolder\" rel=\"nofollow noopener\" target=\"_blank\">&#13;<br \/>\n                    &#13;<br \/>\n                    &#13;<br \/>\n                <img decoding=\"async\" class=\"cardImage r16x9\" width=\"416\" height=\"234\" fetchpriority=\"low\" loading=\"lazy\" src=\"https:\/\/www.europesays.com\/es\/wp-content\/uploads\/2025\/09\/horacio-zeballos-marcel-granollers-us-open_416x234.webp.webp\"  alt=\"Zeballos levant\u00f3 tres matchpoints en contra y se consagr\u00f3 en dobles junto a Granollers\" title=\"Zeballos levant\u00f3 tres matchpoints en contra y se consagr\u00f3 en dobles junto a Granollers\"\/><\/a>&#13;<br \/>\n&#13;<br \/>\n    &#13;<br \/>\n&#13;<br \/>\n&#13;<br \/>\n                  &#13;<br \/>\n                <script async src=\"\/\/www.instagram.com\/embed.js\"><\/script><\/p>\n","protected":false},"excerpt":{"rendered":"&#13; &#13; &#13; &#13; Este fin de semana la delegaci\u00f3n albiceleste se juega la clasificaci\u00f3n al Final 8&hellip;\n","protected":false},"author":2,"featured_media":108480,"comment_status":"","ping_status":"","sticky":false,"template":"","format":"standard","meta":{"footnotes":""},"categories":[274],"tags":[13877,168,25,24,23,167,327,326],"class_list":{"0":"post-108479","1":"post","2":"type-post","3":"status-publish","4":"format-standard","5":"has-post-thumbnail","7":"category-tenis","8":"tag-copa-davis","9":"tag-deportes","10":"tag-es","11":"tag-espana","12":"tag-spain","13":"tag-sports","14":"tag-tenis","15":"tag-tennis"},"share_on_mastodon":{"url":"","error":""},"_links":{"self":[{"href":"https:\/\/www.europesays.com\/es\/wp-json\/wp\/v2\/posts\/108479","targetHints":{"allow":["GET"]}}],"collection":[{"href":"https:\/\/www.europesays.com\/es\/wp-json\/wp\/v2\/posts"}],"about":[{"href":"https:\/\/www.europesays.com\/es\/wp-json\/wp\/v2\/types\/post"}],"author":[{"embeddable":true,"href":"https:\/\/www.europesays.com\/es\/wp-json\/wp\/v2\/users\/2"}],"replies":[{"embeddable":true,"href":"https:\/\/www.europesays.com\/es\/wp-json\/wp\/v2\/comments?post=108479"}],"version-history":[{"count":0,"href":"https:\/\/www.europesays.com\/es\/wp-json\/wp\/v2\/posts\/108479\/revisions"}],"wp:featuredmedia":[{"embeddable":true,"href":"https:\/\/www.europesays.com\/es\/wp-json\/wp\/v2\/media\/108480"}],"wp:attachment":[{"href":"https:\/\/www.europesays.com\/es\/wp-json\/wp\/v2\/media?parent=108479"}],"wp:term":[{"taxonomy":"category","embeddable":true,"href":"https:\/\/www.europesays.com\/es\/wp-json\/wp\/v2\/categories?post=108479"},{"taxonomy":"post_tag","embeddable":true,"href":"https:\/\/www.europesays.com\/es\/wp-json\/wp\/v2\/tags?post=108479"}],"curies":[{"name":"wp","href":"https:\/\/api.w.org\/{rel}","templated":true}]}}