{"id":108500,"date":"2025-09-11T19:56:07","date_gmt":"2025-09-11T19:56:07","guid":{"rendered":"https:\/\/www.europesays.com\/es\/108500\/"},"modified":"2025-09-11T19:56:07","modified_gmt":"2025-09-11T19:56:07","slug":"aumentan-los-casos-de-ebola-en-el-congo","status":"publish","type":"post","link":"https:\/\/www.europesays.com\/es\/108500\/","title":{"rendered":"Aumentan los casos de \u00e9bola en el Congo"},"content":{"rendered":"<p>KINSASA, Rep\u00fablica Democr\u00e1tica del Congo (AP) \u2014 El n\u00famero de casos sospechosos de \u00e9bola en la provincia de Kasai, en el sur de la Rep\u00fablica Democr\u00e1tica del Congo, se ha m\u00e1s que duplicado en una semana desde que se confirm\u00f3 un nuevo brote all\u00ed, inform\u00f3 el jueves la principal agencia de salud p\u00fablica de \u00c1frica.<\/p>\n<p>Los casos sospechosos han aumentado de 28 a 68 en los \u00faltimos d\u00edas, inform\u00f3 el Centro Africano para el Control y la Prevenci\u00f3n de Enfermedades (CDC) en una sesi\u00f3n informativa por internet. Tambi\u00e9n se ha extendido de dos a cuatro distritos, mientras que el n\u00famero de muertos actualmente es de 16.<\/p>\n<p>El jueves, los residentes locales expresaron su preocupaci\u00f3n por el brote, el primero en el Congo en tres a\u00f1os y el primero en la provincia en m\u00e1s de una d\u00e9cada.<\/p>\n<p>Los enfrentamientos en el este del pa\u00eds han complicado los esfuerzos para contener la enfermedad, que puede propagarse r\u00e1pidamente debido a la proximidad y densidad de las aldeas y provincias, dijo el doctor Ngashi Ngongo, asesor principal del CDC de \u00c1frica, en la sesi\u00f3n informativa.<\/p>\n<p>\u201cEran dos (distritos), ahora son cuatro\u201d, afirm\u00f3 Ngongo.<\/p>\n<p>El brote se anunci\u00f3 hace una semana despu\u00e9s de que se confirm\u00f3 que una embarazada se infect\u00f3 en la localidad de Boulap\u00e9.<\/p>\n<p>La Organizaci\u00f3n Mundial de la Salud (OMS) envi\u00f3 expertos junto con el Equipo de Respuesta R\u00e1pida de Congo a Kasai para fortalecer la vigilancia de la enfermedad, ofrecer tratamiento y monitorear la prevenci\u00f3n y control de infecciones.<\/p>\n<p>El pa\u00eds centroafricano tiene una historia de \u00e9bola desde 1976. Este brote es el 16vo en el pa\u00eds y el 7mo en la provincia de Kasai. Un brote anterior entre 2018 y 2020 en el este de Congo mat\u00f3 a m\u00e1s de 1.000 personas.<\/p>\n<p>Las autoridades en Kasai est\u00e1n tratando de contener el brote. Los movimientos p\u00fablicos se han restringido y se han establecido puntos de control en las principales entradas a Tshikapa, la capital de la provincia, dijeron las autoridades.<\/p>\n<p>Emmanuel Kalonji, de 37 a\u00f1os, residente de Tshikapa, dijo a The Associated Press que algunas personas hab\u00edan huido de las aldeas antes de regresar. \u201cSin embargo, dado los recursos limitados, la supervivencia no est\u00e1 garantizada\u201d, expres\u00f3 Kalonji.<\/p>\n<p>En Boulap\u00e9, las personas est\u00e1n preocupadas por el impacto en sus condiciones de vida, dijo Ethienne Makashi, el funcionario local a cargo del agua, higiene y saneamiento.<\/p>\n<p>\u201cSin embargo, tenemos un caso que muestra buen progreso, lo que da un rayo de esperanza para aquellos que reciben atenci\u00f3n\u201d, manifest\u00f3 Makashi.<\/p>\n<p>____<\/p>\n<p>Adetayo inform\u00f3 desde Lagos, Nigeria.<\/p>\n<p>____<\/p>\n<p>Esta historia fue traducida del ingl\u00e9s por un editor de AP con la ayuda de una herramienta de inteligencia artificial generativa.<\/p>\n","protected":false},"excerpt":{"rendered":"KINSASA, Rep\u00fablica Democr\u00e1tica del Congo (AP) \u2014 El n\u00famero de casos sospechosos de \u00e9bola en la provincia de&hellip;\n","protected":false},"author":2,"featured_media":93761,"comment_status":"","ping_status":"","sticky":false,"template":"","format":"standard","meta":{"footnotes":""},"categories":[92],"tags":[25,24,1714,165,10,166,23,66],"class_list":{"0":"post-108500","1":"post","2":"type-post","3":"status-publish","4":"format-standard","5":"has-post-thumbnail","7":"category-salud","8":"tag-es","9":"tag-espana","10":"tag-general-news","11":"tag-health","12":"tag-noticias","13":"tag-salud","14":"tag-spain","15":"tag-world-news"},"share_on_mastodon":{"url":"","error":""},"_links":{"self":[{"href":"https:\/\/www.europesays.com\/es\/wp-json\/wp\/v2\/posts\/108500","targetHints":{"allow":["GET"]}}],"collection":[{"href":"https:\/\/www.europesays.com\/es\/wp-json\/wp\/v2\/posts"}],"about":[{"href":"https:\/\/www.europesays.com\/es\/wp-json\/wp\/v2\/types\/post"}],"author":[{"embeddable":true,"href":"https:\/\/www.europesays.com\/es\/wp-json\/wp\/v2\/users\/2"}],"replies":[{"embeddable":true,"href":"https:\/\/www.europesays.com\/es\/wp-json\/wp\/v2\/comments?post=108500"}],"version-history":[{"count":0,"href":"https:\/\/www.europesays.com\/es\/wp-json\/wp\/v2\/posts\/108500\/revisions"}],"wp:featuredmedia":[{"embeddable":true,"href":"https:\/\/www.europesays.com\/es\/wp-json\/wp\/v2\/media\/93761"}],"wp:attachment":[{"href":"https:\/\/www.europesays.com\/es\/wp-json\/wp\/v2\/media?parent=108500"}],"wp:term":[{"taxonomy":"category","embeddable":true,"href":"https:\/\/www.europesays.com\/es\/wp-json\/wp\/v2\/categories?post=108500"},{"taxonomy":"post_tag","embeddable":true,"href":"https:\/\/www.europesays.com\/es\/wp-json\/wp\/v2\/tags?post=108500"}],"curies":[{"name":"wp","href":"https:\/\/api.w.org\/{rel}","templated":true}]}}