{"id":108515,"date":"2025-09-11T20:07:09","date_gmt":"2025-09-11T20:07:09","guid":{"rendered":"https:\/\/www.europesays.com\/es\/108515\/"},"modified":"2025-09-11T20:07:09","modified_gmt":"2025-09-11T20:07:09","slug":"su-carrera-va-encaminada-a-que-sea-algo-unico-en-la-historia","status":"publish","type":"post","link":"https:\/\/www.europesays.com\/es\/108515\/","title":{"rendered":"Su carrera va encaminada a que sea algo \u00fanico en la historia"},"content":{"rendered":"\n<p> El extenista <strong>Rafael Nadal <\/strong>asegur\u00f3 este mi\u00e9rcoles que, a tenor de los t\u00edtulos conseguidos por <strong>Carlos Alcaraz <\/strong>con 22 a\u00f1os, con seis Grand Slam en su palmar\u00e9s, <a href=\"https:\/\/www.elconfidencial.com\/deportes\/tenis\/2025-09-09\/carlos-alcaraz-us-open-exitos-triunfos-palmares-nadal-federer-djokovic_4204567\/\" target=\"_self\" rel=\"nofollow noopener\">la carrera del n\u00famero uno del mundo \u00abva encaminada a que sea algo \u00fanico\u00bb<\/a>, si bien pidi\u00f3 que se le d\u00e9 tiempo. Nadal subray\u00f3 que el dominio que est\u00e1n ejerciendo Alcaraz y el italiano<strong> Jannik Sinner<\/strong> no tiene equiparaci\u00f3n con el que protagoniz\u00f3 \u00e9l junto con el serbio <strong>Novak Djokovic <\/strong>y el suizo<strong> Roger Federer<\/strong>.<\/p>\n<p>\u00ab<a href=\"https:\/\/www.elconfidencial.com\/deportes\/tenis\/2025-09-08\/jaun-carlos-ferrero-clave-alcaraz-ganase-sinner-us-open-2025_4204697\/\" target=\"_self\" rel=\"nofollow noopener\">Son Sinner y Carlos y nosotros fuimos nosotros<\/a>, y ya est\u00e1. Al final,<strong> cada cual tiene que vivir su historia, cada historia es diferente y no hay por qu\u00e9 estar comparando todo el d\u00eda<\/strong> (\u2026). Disfrutemos de esa gran rivalidad y dejemos de comparar\u00bb, sostuvo el extenista mallorqu\u00edn en declaraciones a los medios en el Real Club de Golf de La Herrer\u00eda de San Lorenzo de El Escorial (Madrid), donde particip\u00f3 en un torneo ben\u00e9fico de golf.<\/p>\n<p>A su juicio, el llamado Big Three marc\u00f3 una \u00e9poca al<strong> cambiar \u00ablos n\u00fameros que se hab\u00edan hecho hasta el momento\u00bb <\/strong>en cuanto a triunfos en torneos grandes, mientras que Alcaraz y Sinner <a href=\"https:\/\/www.elconfidencial.com\/deportes\/tenis\/2025-09-09\/objetivo-alcaraz-ganar-open-australia-punto-de-mira_4205361\/\" target=\"_self\" rel=\"nofollow noopener\">\u00abtienen la ventaja de que tienen unos n\u00fameros marcados que les sirven de l\u00ednea de meta\u00bb<\/a>. A la pregunta de si Alcaraz podr\u00eda ser el mejor de la historia, Nadal respondi\u00f3: \u00abEvidentemente, puede.<strong> La carrera parece que va encaminada a que sea algo \u00fanico en la historia<\/strong>. Ojal\u00e1 que pueda tener una carrera muy larga, que es lo que necesita tambi\u00e9n para llegar a seg\u00fan qu\u00e9 n\u00fameros y ojal\u00e1 que le respeten las lesiones y le vaya todo genial\u00bb. <\/p>\n<p>                  <img decoding=\"async\" class=\"inTextNews__img\" alt=\"Foto: carlos-alcaraz-us-open-exitos-triunfos-palmares-nadal-federer-djokovic\" src=\"https:\/\/www.europesays.com\/es\/wp-content\/uploads\/2025\/09\/f.elconfidencial.com\/original\/82c\/05d\/84c\/82c05d84c63eec82163945ffcdef6045.jpg\"  \/>     <\/p>\n<p>TE PUEDE INTERESAR<\/p>\n<p>      <a class=\"inTextNews__title\" href=\"https:\/\/www.elconfidencial.com\/deportes\/tenis\/2025-09-09\/carlos-alcaraz-us-open-exitos-triunfos-palmares-nadal-federer-djokovic_4204567\/\" onclick=\"window.ECCO.emit(&#039;amplitude&#039;, { dataEventName: &#039;click_related_article_module&#039;, data: { related_article_url: &#039;https:\/\/www.elconfidencial.com\/deportes\/tenis\/2025-09-09\/carlos-alcaraz-us-open-exitos-triunfos-palmares-nadal-federer-djokovic_4204567\/&#039;, related_article_author: &#039;Rub\u00e9n Rodr\u00edguez&#039;, related_article_section: &#039;tenis&#039; } })\" rel=\"nofollow noopener\" target=\"_blank\"> Abramos el debate: \u00bfya est\u00e1 Alcaraz a la altura de las leyendas del tenis o su \u00e9xito todav\u00eda est\u00e1 cojo? <\/a>   <\/p>\n<p>    Rub\u00e9n Rodr\u00edguez   <\/p>\n<p> \u00abTiene seis (Grand Slam). <strong>Es un n\u00famero incre\u00edble a su edad y ojal\u00e1 que tenga todos los que pueda<\/strong>\u00ab, a\u00f1adi\u00f3. Nadal recomend\u00f3 al tenista murciano \u00abdisfrutar del momento, que es brillante, y <strong>seguir trabajando para cumplir objetivos, mejorar, entrenar cada d\u00eda <\/strong>con ilusi\u00f3n de ser mejor en algo\u00bb.<\/p>\n<p>\u00abPorque, aunque seas el mejor del mundo,<strong> siempre hay margen de mejora en cosas y esa es la motivaci\u00f3n diaria<\/strong>. Disfrutar del d\u00eda a d\u00eda y despu\u00e9s ya veremos c\u00f3mo evoluciona todo. En la vida, es muy importante los objetivos y tienes que tenerlos a corto, medio y largo plazo\u00bb, reflexion\u00f3. Discrep\u00f3 en parte del consejo dado por Federer a Alcaraz de que piense en un futuro pr\u00f3ximo de cinco a\u00f1os. \u00abYo cinco a\u00f1os no lo veo muy corto plazo. Cinco a\u00f1os son muchos y m\u00e1s en el tenis, que en cualquier momento las cosas <a href=\"https:\/\/www.elconfidencial.com\/deportes\/tenis\/2025-09-08\/decision-sinner-perder-final-us-open-2025-contra-alcaraz-perder-algunos-partidos_4204505\/\" target=\"_self\" rel=\"nofollow noopener\">pueden cambiar de manera dr\u00e1stica<\/a>\u00ab, remarc\u00f3.<\/p>\n<p>Para el ganador de 14 t\u00edtulos en Roland Garros, Alcaraz est\u00e1 haciendo <strong>\u00abuna carrera impresionante y es un jugador muy especial\u00bb<\/strong>. \u00abLo sab\u00edamos desde hace a\u00f1os, pero se va confirmando con el tiempo. Va mejorando en lo que es una carrera impresionante y muy feliz por \u00e9l\u00bb, prosigui\u00f3. A juicio de extenista mallorqu\u00edn, Alcaraz ayuda a que Espa\u00f1a siga siendo <strong>\u00abun pa\u00eds ten\u00edsticamente referente en el mundo\u00bb <\/strong>y d\u00e9 \u00abcontinuidad a toda una \u00e9poca de \u00e9xitos\u00bb. <\/p>\n<p> El extenista <strong>Rafael Nadal <\/strong>asegur\u00f3 este mi\u00e9rcoles que, a tenor de los t\u00edtulos conseguidos por <strong>Carlos Alcaraz <\/strong>con 22 a\u00f1os, con seis Grand Slam en su palmar\u00e9s, <a href=\"https:\/\/www.elconfidencial.com\/deportes\/tenis\/2025-09-09\/carlos-alcaraz-us-open-exitos-triunfos-palmares-nadal-federer-djokovic_4204567\/\" target=\"_self\" rel=\"nofollow noopener\">la carrera del n\u00famero uno del mundo \u00abva encaminada a que sea algo \u00fanico\u00bb<\/a>, si bien pidi\u00f3 que se le d\u00e9 tiempo. Nadal subray\u00f3 que el dominio que est\u00e1n ejerciendo Alcaraz y el italiano<strong> Jannik Sinner<\/strong> no tiene equiparaci\u00f3n con el que protagoniz\u00f3 \u00e9l junto con el serbio <strong>Novak Djokovic <\/strong>y el suizo<strong> Roger Federer<\/strong>.<\/p>\n<p>\u00ab<a href=\"https:\/\/www.elconfidencial.com\/deportes\/tenis\/2025-09-08\/jaun-carlos-ferrero-clave-alcaraz-ganase-sinner-us-open-2025_4204697\/\" target=\"_self\" rel=\"nofollow noopener\">Son Sinner y Carlos y nosotros fuimos nosotros<\/a>, y ya est\u00e1. Al final,<strong> cada cual tiene que vivir su historia, cada historia es diferente y no hay por qu\u00e9 estar comparando todo el d\u00eda<\/strong> (\u2026). Disfrutemos de esa gran rivalidad y dejemos de comparar\u00bb, sostuvo el extenista mallorqu\u00edn en declaraciones a los medios en el Real Club de Golf de La Herrer\u00eda de San Lorenzo de El Escorial (Madrid), donde particip\u00f3 en un torneo ben\u00e9fico de golf.<\/p>\n<p>A su juicio, el llamado Big Three marc\u00f3 una \u00e9poca al<strong> cambiar \u00ablos n\u00fameros que se hab\u00edan hecho hasta el momento\u00bb <\/strong>en cuanto a triunfos en torneos grandes, mientras que Alcaraz y Sinner <a href=\"https:\/\/www.elconfidencial.com\/deportes\/tenis\/2025-09-09\/objetivo-alcaraz-ganar-open-australia-punto-de-mira_4205361\/\" target=\"_self\" rel=\"nofollow noopener\">\u00abtienen la ventaja de que tienen unos n\u00fameros marcados que les sirven de l\u00ednea de meta\u00bb<\/a>. A la pregunta de si Alcaraz podr\u00eda ser el mejor de la historia, Nadal respondi\u00f3: \u00abEvidentemente, puede.<strong> La carrera parece que va encaminada a que sea algo \u00fanico en la historia<\/strong>. Ojal\u00e1 que pueda tener una carrera muy larga, que es lo que necesita tambi\u00e9n para llegar a seg\u00fan qu\u00e9 n\u00fameros y ojal\u00e1 que le respeten las lesiones y le vaya todo genial\u00bb. <\/p>\n","protected":false},"excerpt":{"rendered":"El extenista Rafael Nadal asegur\u00f3 este mi\u00e9rcoles que, a tenor de los t\u00edtulos conseguidos por Carlos Alcaraz con&hellip;\n","protected":false},"author":2,"featured_media":108516,"comment_status":"","ping_status":"","sticky":false,"template":"","format":"standard","meta":{"footnotes":""},"categories":[274],"tags":[168,25,24,23,167,327,326],"class_list":{"0":"post-108515","1":"post","2":"type-post","3":"status-publish","4":"format-standard","5":"has-post-thumbnail","7":"category-tenis","8":"tag-deportes","9":"tag-es","10":"tag-espana","11":"tag-spain","12":"tag-sports","13":"tag-tenis","14":"tag-tennis"},"share_on_mastodon":{"url":"","error":""},"_links":{"self":[{"href":"https:\/\/www.europesays.com\/es\/wp-json\/wp\/v2\/posts\/108515","targetHints":{"allow":["GET"]}}],"collection":[{"href":"https:\/\/www.europesays.com\/es\/wp-json\/wp\/v2\/posts"}],"about":[{"href":"https:\/\/www.europesays.com\/es\/wp-json\/wp\/v2\/types\/post"}],"author":[{"embeddable":true,"href":"https:\/\/www.europesays.com\/es\/wp-json\/wp\/v2\/users\/2"}],"replies":[{"embeddable":true,"href":"https:\/\/www.europesays.com\/es\/wp-json\/wp\/v2\/comments?post=108515"}],"version-history":[{"count":0,"href":"https:\/\/www.europesays.com\/es\/wp-json\/wp\/v2\/posts\/108515\/revisions"}],"wp:featuredmedia":[{"embeddable":true,"href":"https:\/\/www.europesays.com\/es\/wp-json\/wp\/v2\/media\/108516"}],"wp:attachment":[{"href":"https:\/\/www.europesays.com\/es\/wp-json\/wp\/v2\/media?parent=108515"}],"wp:term":[{"taxonomy":"category","embeddable":true,"href":"https:\/\/www.europesays.com\/es\/wp-json\/wp\/v2\/categories?post=108515"},{"taxonomy":"post_tag","embeddable":true,"href":"https:\/\/www.europesays.com\/es\/wp-json\/wp\/v2\/tags?post=108515"}],"curies":[{"name":"wp","href":"https:\/\/api.w.org\/{rel}","templated":true}]}}