{"id":108521,"date":"2025-09-11T20:10:14","date_gmt":"2025-09-11T20:10:14","guid":{"rendered":"https:\/\/www.europesays.com\/es\/108521\/"},"modified":"2025-09-11T20:10:14","modified_gmt":"2025-09-11T20:10:14","slug":"presentacion-de-mamadi-diakite-como-jugador-del-baskonia","status":"publish","type":"post","link":"https:\/\/www.europesays.com\/es\/108521\/","title":{"rendered":"Presentaci\u00f3n de Mamadi Diakite como jugador del Baskonia"},"content":{"rendered":"<p>\n        El nuevo p\u00edvot del <a href=\"https:\/\/www.noticiasdealava.eus\/baskonia\/\" title=\"Baskonia\" class=\"link copy\" rel=\"nofollow noopener\" target=\"_blank\">Baskonia<\/a>, <strong>Mamadi Diakite, fue presentado este jueves como jugador del Baskonia, un d\u00eda despu\u00e9s de haber participado en su primer entrenamiento<\/strong> a las \u00f3rdenes de Paolo Galbiati, algo que se retras\u00f3 por su participaci\u00f3n en el Afrobasket.\n<\/p>\n<p class=\"article-body__text \">\n        Pese a llevar s\u00f3lo unos d\u00edas en Vitoria \u2013lleg\u00f3 el pasado fin de semana\u2013, ya se ha dado cuenta del \u201camor de la ciudad por el baloncesto\u201d y conf\u00eda en poder darles alegr\u00edas a los aficionados. \u201c<strong>Estoy orgulloso de estar en una ciudad con ese amor por el juego. Lo que puedo prometer es que voy a dar el cien por cien d\u00eda<\/strong> y noche mientras est\u00e9 aqu\u00ed\u201d, garantiz\u00f3.\n<\/p>\n<blockquote class=\"twitter-tweet\" data-lang=\"es\" wp_automatic_readability=\"5.7011494252874\">\n<p lang=\"es\" dir=\"ltr\">\u00a1Mirad qui\u00e9n est\u00e1 por aqu\u00ed! \ud83d\udc4b<\/p>\n<p>Mamadi Diakit\u00e9, listo para darlo todo como azulgrana \ud83d\udd35\ud83d\udd34 <a href=\"https:\/\/t.co\/rylF1nJjtp\" rel=\"nofollow\">pic.twitter.com\/rylF1nJjtp<\/a><\/p>\n<p>\u2014 Baskonia (@Baskonia) <a href=\"https:\/\/twitter.com\/Baskonia\/status\/1965773252267221024?ref_src=twsrc%5Etfw\" rel=\"nofollow noopener\" target=\"_blank\">10 de septiembre de 2025<\/a><\/p><\/blockquote>\n<p class=\"article-body__text \">\n        En la que ser\u00e1 su primera experiencia lejos de Estados Unidos, Diakite necesitar\u00e1 tiempo para adaptarse al equipo y al baloncesto europeo, algo a lo que <strong>ayudar\u00e1 tener algunas caras conocidas dentro de la plantilla<\/strong>. \u201cA <strong>Trent Forrest<\/strong> lo conozco de cuando jugaba en la Universidad de Florida, a <strong>Luka Samanic<\/strong> me enfrent\u00e9 cuando \u00e9l estaba en los San Antonio Spurs y en el caso de <strong>Khalifa Diop<\/strong> tenemos a un amigo en com\u00fan en los Knicks, DeSagana Diop\u201d, dijo.\n<\/p>\n<p class=\"article-body__text \">\n        Sin embargo, c<strong>on quien m\u00e1s relaci\u00f3n tiene es con Hamidou Diallo, a quien conoce \u201cdesde joven\u201d y que es para \u00e9l \u201ccomo parte de la familia\u201d<\/strong>. \u201cAdem\u00e1s, tambi\u00e9n le debo un caf\u00e9 a Markus Howard por la introducci\u00f3n que me ha hecho al equipo\u201d, a\u00f1adi\u00f3.\n<\/p>\n<p>            <a href=\"https:\/\/www.noticiasdealava.eus\/baskonia\/2025\/09\/09\/nuevos-horarios-partidos-baskonia-acb-10061682.html\" title=\"Nuevos horarios para los partidos del Baskonia en la ACB\" class=\"new__media\" rel=\"nofollow noopener\" target=\"_blank\"><\/p>\n<p>                <img alt=\"Nuevos horarios para los partidos del Baskonia en la ACB\" data-src=\"https:\/\/www.europesays.com\/es\/wp-content\/uploads\/2025\/09\/a2fceb60-7ad9-4b9f-98aa-8ef6ecba9365_16-9-aspect-ratio_default_0_x2019y929.jpg\" class=\"lozad\"\/><\/p>\n<p>        <\/a><\/p>\n<p>        <a href=\"https:\/\/www.noticiasdealava.eus\/baskonia\/2025\/09\/09\/nuevos-horarios-partidos-baskonia-acb-10061682.html\" title=\"Nuevos horarios para los partidos del Baskonia en la ACB\" class=\"new__headline\" rel=\"nofollow noopener\" target=\"_blank\"><br \/>\n            Nuevos horarios para los partidos del Baskonia en la ACB<br \/>\n        <\/a><\/p>\n<p class=\"article-body__text \">\n        En su opini\u00f3n, la principal diferencia con el baloncesto de la NBA es que<strong> \u201call\u00ed se buscan tiros continuamente y aqu\u00ed la sensaci\u00f3n es que no se lanza con tanta facilidad, se espera a tener una buena situaci\u00f3n de tiro\u201d<\/strong>. En cualquier caso, esperar\u00e1 a que comience el fuego real para obtener conclusiones.\n<\/p>\n<p class=\"article-body__text \">\n        Su decisi\u00f3n de aterrizar en Europa llega con 28 a\u00f1os y tras competir en Estados Unidos desde su llegada a la Universidad en 2016. \u201c<strong>Tomo esta decisi\u00f3n porque quiero jugar en baloncesto y la NBA est\u00e1 muy bien, pero muchas veces cuesta tener oportunidades<\/strong>. Vengo a Europa porque aqu\u00ed, aunque tampoco es f\u00e1cil jugar, <strong>tengo la posibilidad de demostrar y de hacerlo ganando partidos. Eso es lo que quiero<\/strong>, quiero ganar. Ha sido cuesti\u00f3n de tiempos que est\u00e9 ahora aqu\u00ed\u201d, argument\u00f3.\n<\/p>\n<p>  Diferentes facetas <\/p>\n<p class=\"article-body__text \">\n        En cuanto a sus primeras impresiones del equipo, <strong>se queda con el \u201ctrabajo duro\u201d que est\u00e1 notando desde el principio en los entrenamientos<\/strong>. \u201cCuando me hablan del Baskonia lo primero que se me viene a la cabeza es el trabajo duro y lo estoy comprobando estos d\u00edas con Galbiati. Vamos a tener que trabajar muchas horas para poder llegar hasta donde queremos\u201d, dijo.\n<\/p>\n<p>            <a href=\"https:\/\/www.noticiasdealava.eus\/baskonia\/2025\/09\/10\/rodions-kurucs-hablar-vida-privada-baskonia-10066948.html\" title=\"Rodions Kurucs: &quot;No voy a hablar de mi vida privada, pero he crecido mucho como persona&quot;\" class=\"new__media\" rel=\"nofollow noopener\" target=\"_blank\"><\/p>\n<p>                <img alt=\"Rodions Kurucs: &quot;No voy a hablar de mi vida privada, pero he crecido mucho como persona&quot;\" data-src=\"https:\/\/www.europesays.com\/es\/wp-content\/uploads\/2025\/09\/d68bd079-f5ff-4d95-8ae0-4870606b6e0b_16-9-aspect-ratio_default_0.jpg\" class=\"lozad\"\/><\/p>\n<p>        <\/a><\/p>\n<p>        <a href=\"https:\/\/www.noticiasdealava.eus\/baskonia\/2025\/09\/10\/rodions-kurucs-hablar-vida-privada-baskonia-10066948.html\" title=\"Rodions Kurucs: &quot;No voy a hablar de mi vida privada, pero he crecido mucho como persona&quot;\" class=\"new__headline\" rel=\"nofollow noopener\" target=\"_blank\"><br \/>\n            Rodions Kurucs: \u00abNo voy a hablar de mi vida privada, pero he crecido mucho como persona\u00bb<br \/>\n        <\/a><\/p>\n<p class=\"article-body__text \">\n        En lo individual, adelant\u00f3 que se trata de un interior que, con sus 2,06 metros y su atleticismo, puede adaptarse a distintas funciones dentro del esquema del t\u00e9cnico. \u201cCuando fui a la universidad me ense\u00f1aron a ser vers\u00e1til. <strong>Cualquier cosa que me pida el entrenador, la puedo hacer. Puedo defender a jugadores de diferentes alturas, puedo jugar en el <\/strong><strong>cinco<\/strong><strong>, en el <\/strong><strong>cuatro<\/strong><strong>, donde ya lo he hecho en otras ocasiones, e incluso en el <\/strong><strong>tres <\/strong><strong>porque tengo tiro<\/strong>. Tal vez me cueste alg\u00fan minuto, pero puedo adaptarme a distintas situaciones dentro del mismo partido\u201d, asegur\u00f3.\n<\/p>\n<p class=\"article-body__text \">\n        Eso s\u00ed, no se describe a s\u00ed mismo como un tirador. \u201cDepender\u00e1 de lo que me deje hacer el otro equipo. <strong>Si me deja espacio para tirar, lo har\u00e9, pero esto no se trata de m\u00ed. Lo primero es ganar y lo que a m\u00ed me interesa es darle al equipo el arsenal necesario<\/strong> para poder ir a la guerra\u201d, concluy\u00f3 el guineano.\n<\/p>\n<p>            <script async src=\"https:\/\/platform.twitter.com\/widgets.js\" charset=\"utf-8\"><\/script><\/p>\n","protected":false},"excerpt":{"rendered":"El nuevo p\u00edvot del Baskonia, Mamadi Diakite, fue presentado este jueves como jugador del Baskonia, un d\u00eda despu\u00e9s&hellip;\n","protected":false},"author":2,"featured_media":108522,"comment_status":"","ping_status":"","sticky":false,"template":"","format":"standard","meta":{"footnotes":""},"categories":[269],"tags":[299,298,20301,168,23997,25,24,700,23996,23,167,17158],"class_list":{"0":"post-108521","1":"post","2":"type-post","3":"status-publish","4":"format-standard","5":"has-post-thumbnail","7":"category-baloncesto","8":"tag-baloncesto","9":"tag-basketball","10":"tag-demostrar","11":"tag-deportes","12":"tag-diakite","13":"tag-es","14":"tag-espana","15":"tag-europa","16":"tag-mamadi","17":"tag-spain","18":"tag-sports","19":"tag-vengo"},"share_on_mastodon":{"url":"","error":""},"_links":{"self":[{"href":"https:\/\/www.europesays.com\/es\/wp-json\/wp\/v2\/posts\/108521","targetHints":{"allow":["GET"]}}],"collection":[{"href":"https:\/\/www.europesays.com\/es\/wp-json\/wp\/v2\/posts"}],"about":[{"href":"https:\/\/www.europesays.com\/es\/wp-json\/wp\/v2\/types\/post"}],"author":[{"embeddable":true,"href":"https:\/\/www.europesays.com\/es\/wp-json\/wp\/v2\/users\/2"}],"replies":[{"embeddable":true,"href":"https:\/\/www.europesays.com\/es\/wp-json\/wp\/v2\/comments?post=108521"}],"version-history":[{"count":0,"href":"https:\/\/www.europesays.com\/es\/wp-json\/wp\/v2\/posts\/108521\/revisions"}],"wp:featuredmedia":[{"embeddable":true,"href":"https:\/\/www.europesays.com\/es\/wp-json\/wp\/v2\/media\/108522"}],"wp:attachment":[{"href":"https:\/\/www.europesays.com\/es\/wp-json\/wp\/v2\/media?parent=108521"}],"wp:term":[{"taxonomy":"category","embeddable":true,"href":"https:\/\/www.europesays.com\/es\/wp-json\/wp\/v2\/categories?post=108521"},{"taxonomy":"post_tag","embeddable":true,"href":"https:\/\/www.europesays.com\/es\/wp-json\/wp\/v2\/tags?post=108521"}],"curies":[{"name":"wp","href":"https:\/\/api.w.org\/{rel}","templated":true}]}}