{"id":108549,"date":"2025-09-11T20:26:08","date_gmt":"2025-09-11T20:26:08","guid":{"rendered":"https:\/\/www.europesays.com\/es\/108549\/"},"modified":"2025-09-11T20:26:08","modified_gmt":"2025-09-11T20:26:08","slug":"el-bada-huesca-fichara-un-lateral-zurdo","status":"publish","type":"post","link":"https:\/\/www.europesays.com\/es\/108549\/","title":{"rendered":"El Bada Huesca fichar\u00e1 un lateral zurdo"},"content":{"rendered":"<p>            El Bada Huesca fichar\u00e1 un lateral zurdo                <\/p>\n<p>El Bada Huesca fichar\u00e1 un lateral zurdo<\/p>\n<p>BALONMANO \/ ASOBAL<\/p>\n<p class=\"epigraph\">Cubrir\u00e1 la baja de Meris Bosnjak, que estar\u00e1 un tiempo alejado de la pista por una reca\u00edda en la lesi\u00f3n de menisco<\/p>\n<p class=\"paragraph\"><b>La lesi\u00f3n que sufre el lateral zurdo Meris Bosnjak en la rodilla le va a mantener parado un tiempo y el club va a fichar un jugador <\/b>para cubrir esa posici\u00f3n en este comienzo de liga. Era un puesto que hab\u00eda quedado algo cojo con la salida de Javier Borrag\u00e1n y que ahora se tendr\u00e1 que cubrir ante este contratiempo.\u00a0<\/p>\n<p class=\"paragraph\"><b>Se har\u00e1 con un jugador veterano y capaz de aportar desde el comienzo. <\/b>Y se espera que su incorporaci\u00f3n se produzca lo antes posible.<\/p>\n<p class=\"paragraph\">La lesi\u00f3n de Bosnjak ha sido una l\u00e1stima, pues el jugador estaba ofreciendo un buen rendimiento en pretemporada y demostrando un potencial que se qued\u00f3 sin ver la pasada campa\u00f1a.<b> Su baja se une a las de larga duraci\u00f3n de Alfonso Rodr\u00edguez, Bruno Garc\u00eda y Carlos Molina. <\/b>Los dos primeros parecen m\u00e1s cerca de reaparecer, mientras que en los otros casos necesitan peque\u00f1as intervenciones para acabar de resolver las lesiones que ven\u00edan de la campa\u00f1a pasada.<\/p>\n<p>            Conforme a los criterios de<br \/>\n            <a class=\"trustproject_img\" id=\"trustproject_img\" href=\"https:\/\/thetrustproject.org\/\" target=\"_blank\" rel=\"nofollow noopener\" aria-label=\"Trust Project\"><img decoding=\"async\" loading=\"lazy\" src=\"https:\/\/www.diariodelaltoaragon.es\/images\/Trust-Logo-Horizontal.svg\" alt=\"Logo Trust Project\" width=\"200\" height=\"34\"\/><\/a><\/p>\n<p>    <a href=\"https:\/\/www.henneo.com\/\" title=\"Grupo Henneo\" class=\"logo\" rel=\"nofollow noopener\" target=\"_blank\"><br \/>\n        <img decoding=\"async\" src=\"https:\/\/www.europesays.com\/es\/wp-content\/uploads\/2025\/08\/logo-grupo-henneo-diario-alto-aragon.png\" loading=\"lazy\"\/><br \/>\n    <\/a><\/p>\n<p>                    Actualmente tu navegador no permite ejecutar JavaScript. Para poder disfrutar de nuestro contenido es necesario que lo permita.<br \/>\n                                        <img decoding=\"async\" loading=\"lazy\" alt=\"Diario del Alto Arag\u00f3n logo\" src=\"https:\/\/www.diariodelaltoaragon.es\/images\/logo-daa-white-mobile.svg\" width=\"215\" height=\"43\"\/><\/p>\n","protected":false},"excerpt":{"rendered":"El Bada Huesca fichar\u00e1 un lateral zurdo El Bada Huesca fichar\u00e1 un lateral zurdo BALONMANO \/ ASOBAL Cubrir\u00e1&hellip;\n","protected":false},"author":2,"featured_media":108550,"comment_status":"","ping_status":"","sticky":false,"template":"","format":"standard","meta":{"footnotes":""},"categories":[278],"tags":[2321,376,168,25,24,17654,375,1265,1508,23,167,8479],"class_list":{"0":"post-108549","1":"post","2":"type-post","3":"status-publish","4":"format-standard","5":"has-post-thumbnail","7":"category-balonmano","8":"tag-bada","9":"tag-balonmano","10":"tag-deportes","11":"tag-es","12":"tag-espana","13":"tag-fichara","14":"tag-handball","15":"tag-huesca","16":"tag-lateral","17":"tag-spain","18":"tag-sports","19":"tag-zurdo"},"share_on_mastodon":{"url":"","error":""},"_links":{"self":[{"href":"https:\/\/www.europesays.com\/es\/wp-json\/wp\/v2\/posts\/108549","targetHints":{"allow":["GET"]}}],"collection":[{"href":"https:\/\/www.europesays.com\/es\/wp-json\/wp\/v2\/posts"}],"about":[{"href":"https:\/\/www.europesays.com\/es\/wp-json\/wp\/v2\/types\/post"}],"author":[{"embeddable":true,"href":"https:\/\/www.europesays.com\/es\/wp-json\/wp\/v2\/users\/2"}],"replies":[{"embeddable":true,"href":"https:\/\/www.europesays.com\/es\/wp-json\/wp\/v2\/comments?post=108549"}],"version-history":[{"count":0,"href":"https:\/\/www.europesays.com\/es\/wp-json\/wp\/v2\/posts\/108549\/revisions"}],"wp:featuredmedia":[{"embeddable":true,"href":"https:\/\/www.europesays.com\/es\/wp-json\/wp\/v2\/media\/108550"}],"wp:attachment":[{"href":"https:\/\/www.europesays.com\/es\/wp-json\/wp\/v2\/media?parent=108549"}],"wp:term":[{"taxonomy":"category","embeddable":true,"href":"https:\/\/www.europesays.com\/es\/wp-json\/wp\/v2\/categories?post=108549"},{"taxonomy":"post_tag","embeddable":true,"href":"https:\/\/www.europesays.com\/es\/wp-json\/wp\/v2\/tags?post=108549"}],"curies":[{"name":"wp","href":"https:\/\/api.w.org\/{rel}","templated":true}]}}