{"id":108551,"date":"2025-09-11T20:27:08","date_gmt":"2025-09-11T20:27:08","guid":{"rendered":"https:\/\/www.europesays.com\/es\/108551\/"},"modified":"2025-09-11T20:27:08","modified_gmt":"2025-09-11T20:27:08","slug":"morante-causa-baja-en-valladolid","status":"publish","type":"post","link":"https:\/\/www.europesays.com\/es\/108551\/","title":{"rendered":"Morante causa baja en Valladolid"},"content":{"rendered":"<p>El sevillano se resiente de la cornada de Pontevedra y se plantea reaparecer en Salamanca<\/p>\n<p><img fetchpriority=\"high\" class=\"voc-img\" src=\"https:\/\/www.europesays.com\/es\/wp-content\/uploads\/2025\/09\/MORANTE-RLOhSqJN23TADnX6iWRPrHL-1200x840@diario_abc.jpeg\" loading=\"eager\" decoding=\"async\" alt=\"Morante\" width=\"1200\" height=\"840\"\/><\/p>\n<p>Morante    JUAN FLORES  <\/p>\n<p>11\/09\/2025<br \/>\n<br \/><strong><br \/>\nActualizado a las 22:19h.<br \/>\n<\/strong><\/p>\n<p class=\"voc-p\" style=\"\">Pasadas las siete de la tarde, el apoderado de <a href=\"https:\/\/www.abc.es\/cultura\/toros\/navalcarnero-toros-20250909004219-nt.html\" target=\"_self\" data-voc-vtm-id=\"in-text-traffic\" title=\"Morante\" data-mrf-link=\"www.abc.es\" rel=\"nofollow noopener\">Morante<\/a> comunicaba a la empresa Tauroemoci\u00f3n la ca\u00edda del cartel del sevillano en la corrida de este viernes, que hab\u00eda levantado una <a href=\"https:\/\/www.abc.es\/cultura\/toros\/lluvia-toreo-orejas-rabo-dia-grande-extremadura-20250908223303-nt.html\" target=\"_self\" data-voc-vtm-id=\"in-text-traffic\" title=\"expectaci\u00f3n\" data-mrf-link=\"www.abc.es\" rel=\"nofollow noopener\">expectaci\u00f3n<\/a> hist\u00f3rica: nueve a\u00f1os despu\u00e9s, en el coso de Zorrilla se hab\u00eda colgado el &#8216;No hay billetes&#8217;, lo que no suced\u00eda desde 2016 con Jos\u00e9 Tom\u00e1s. Enseguida se corri\u00f3 la voz por el tendido pucelano: \u00abQue Morante no viene\u00bb. <\/p>\n<p class=\"voc-p\" style=\"\">El maestro de La Puebla se hab\u00eda resentido de la cornada en Pontevedra, con problemas en la cicatrizaci\u00f3n, inflamaci\u00f3n y dolor. Jos\u00e9 Antonio Morante y Andr\u00e9s <a href=\"https:\/\/www.abc.es\/cultura\/toros\/roca-rey-sobre-polemica-verano-vetado-morante-20250730193252-nt.html#vca=modulo-rel-uno&amp;vso=abc&amp;vmc=noticias-rel&amp;vli=cultura\" target=\"_self\" data-voc-vtm-id=\"in-text-traffic\" title=\"Roca\" data-mrf-link=\"www.abc.es\" rel=\"nofollow noopener\">Roca<\/a> Rey ya no se ver\u00e1n las caras ni hoy en Valladolid ni ma\u00f1ana en Albacete (en otra tarde de entradas agotadas) tras el morbo despertado por su encontronazo en El Puerto. La intenci\u00f3n del cigarrero, que se perder\u00e1 tambi\u00e9n Murcia y Guadalajara, es reaparecer en la Feria de Salamanca.<\/p>\n<p class=\"voc-p\" style=\"\">Un verdadero jarro de agua fr\u00eda para el sector taurino. Seg\u00fan reza el parte la herida sufrida por el Genio de la Puebla el pasado 10 de agosto presenta una \u00abcicatrizaci\u00f3n en evoluci\u00f3n complicada con inflamaci\u00f3n de tejidos blandos\u00bb que diagnostica como \u00abmiotendinitis de abductores\u00bb, y recomienda \u00abreposo de actividad f\u00edsica de medianos y grandes esfuerzos as\u00ed como tiempos prolongados de bipedestaci\u00f3n y sedestaci\u00f3n\u00bb. Lo que le tendr\u00e1 alejado de los ruedos una semana, tras perder casi todo agosto.<\/p>\n<p class=\"voc-p\" style=\"\">El cigarrero sufri\u00f3 un percance el d\u00eda indicado en Pontevedra, que le tuvo casi veinticinco d\u00edas fuera de las plazas, hasta su ansiada reaparici\u00f3n en Melilla, junto a Juan Ortega y Olga Casado. Tras eso, tore\u00f3 en Aranjuez, Don Benito y Navalcarnero, con triunfos y orejas cada tarde.<\/p>\n<p>Reportar un error<\/p>\n","protected":false},"excerpt":{"rendered":"El sevillano se resiente de la cornada de Pontevedra y se plantea reaparecer en Salamanca Morante JUAN FLORES&hellip;\n","protected":false},"author":2,"featured_media":108552,"comment_status":"","ping_status":"","sticky":false,"template":"","format":"standard","meta":{"footnotes":""},"categories":[277],"tags":[6831,6814,373,11072,168,320,25,24,947,780,1048,23,167,374,1607],"class_list":{"0":"post-108551","1":"post","2":"type-post","3":"status-publish","4":"format-standard","5":"has-post-thumbnail","7":"category-toreo","8":"tag-adios","9":"tag-baja","10":"tag-bullfighting","11":"tag-causa","12":"tag-deportes","13":"tag-duelo","14":"tag-es","15":"tag-espana","16":"tag-esperado","17":"tag-morante","18":"tag-roca","19":"tag-spain","20":"tag-sports","21":"tag-toreo","22":"tag-valladolid"},"share_on_mastodon":{"url":"","error":""},"_links":{"self":[{"href":"https:\/\/www.europesays.com\/es\/wp-json\/wp\/v2\/posts\/108551","targetHints":{"allow":["GET"]}}],"collection":[{"href":"https:\/\/www.europesays.com\/es\/wp-json\/wp\/v2\/posts"}],"about":[{"href":"https:\/\/www.europesays.com\/es\/wp-json\/wp\/v2\/types\/post"}],"author":[{"embeddable":true,"href":"https:\/\/www.europesays.com\/es\/wp-json\/wp\/v2\/users\/2"}],"replies":[{"embeddable":true,"href":"https:\/\/www.europesays.com\/es\/wp-json\/wp\/v2\/comments?post=108551"}],"version-history":[{"count":0,"href":"https:\/\/www.europesays.com\/es\/wp-json\/wp\/v2\/posts\/108551\/revisions"}],"wp:featuredmedia":[{"embeddable":true,"href":"https:\/\/www.europesays.com\/es\/wp-json\/wp\/v2\/media\/108552"}],"wp:attachment":[{"href":"https:\/\/www.europesays.com\/es\/wp-json\/wp\/v2\/media?parent=108551"}],"wp:term":[{"taxonomy":"category","embeddable":true,"href":"https:\/\/www.europesays.com\/es\/wp-json\/wp\/v2\/categories?post=108551"},{"taxonomy":"post_tag","embeddable":true,"href":"https:\/\/www.europesays.com\/es\/wp-json\/wp\/v2\/tags?post=108551"}],"curies":[{"name":"wp","href":"https:\/\/api.w.org\/{rel}","templated":true}]}}