{"id":108578,"date":"2025-09-11T20:44:06","date_gmt":"2025-09-11T20:44:06","guid":{"rendered":"https:\/\/www.europesays.com\/es\/108578\/"},"modified":"2025-09-11T20:44:06","modified_gmt":"2025-09-11T20:44:06","slug":"titanio-el-material-estrella-de-los-iphone-pro-ya-es-historia-apple-vuelve-al-aluminio-en-el-iphone-17-pro-y-tiene-motivos-de-peso-para-hacerlo","status":"publish","type":"post","link":"https:\/\/www.europesays.com\/es\/108578\/","title":{"rendered":"Titanio, el material estrella de los iPhone \u00abPro\u00bb ya es historia. Apple vuelve al aluminio en el iPhone 17 Pro y tiene motivos de peso para hacerlo"},"content":{"rendered":"<p>\u00abEl dise\u00f1o no es solo lo que se ve y se siente. El dise\u00f1o es c\u00f3mo funciona\u00bb. La c\u00e9lebre frase de Steve Jobs reson\u00f3 al inicio de la <a class=\"text-outboundlink\" href=\"https:\/\/www.applesfera.com\/nuevo\/resumen-apple-event-2025\" data-vars-post-title=\"Resumen con todo lo presentado en el Apple Event: desde los nuevos iPhone 17 y iPhone Air hasta los nuevos Apple Watch\" data-vars-post-url=\"https:\/\/www.applesfera.com\/nuevo\/resumen-apple-event-2025\" rel=\"nofollow noopener\" target=\"_blank\">keynote de Apple<\/a>, y pocas veces ha tenido tanto sentido como con la <a class=\"text-outboundlink\" href=\"https:\/\/www.applesfera.com\/eventos\/apple-iphone-17-iphone-17-pro-opiniones-toma-contacto-video-fotos\" data-vars-post-title=\" iPhone 17 y iPhone 17 Pro, primeras impresiones: el misterioso dise\u00f1o filtrado habla y por fin se entiende en mano\" data-vars-post-url=\"https:\/\/www.applesfera.com\/eventos\/apple-iphone-17-iphone-17-pro-opiniones-toma-contacto-video-fotos\" rel=\"nofollow noopener\" target=\"_blank\">nueva gama de iPhone 17<\/a>. Tras dos a\u00f1os en los que el titanio fue el protagonista, Apple ha decidido que los nuevos <a class=\"text-outboundlink\" href=\"https:\/\/www.applesfera.com\/nuevo\/apple-iphone-17-pro-caracteristicas-precio-ficha-tecnica\" data-vars-post-title=\"Nuevos iPhone 17 Pro y Pro Max: llega con un gran redise\u00f1o y un nuevo salto en sus c\u00e1maras y la mejor bater\u00eda\" data-vars-post-url=\"https:\/\/www.applesfera.com\/nuevo\/apple-iphone-17-pro-caracteristicas-precio-ficha-tecnica\" rel=\"nofollow noopener\" target=\"_blank\">iPhone 17 Pro y Pro Max<\/a> vuelvan al aluminio. Lejos de ser un paso atr\u00e1s, es la demostraci\u00f3n m\u00e1s clara de que, <strong>para Apple, la elecci\u00f3n de un material responde a una sola cosa: la funci\u00f3n<\/strong>.<\/p>\n<p>Del aluminio al acero, del acero al titanio y vuelta al aluminio<\/p>\n<p>Para entender la decisi\u00f3n de Apple hay que mirar atr\u00e1s. <strong>El aluminio fue un material clave<\/strong> para el iPhone a partir del <a class=\"text-outboundlink\" href=\"https:\/\/www.applesfera.com\/iphone\/analisis-del-iphone-5-mas-rapido-mas-alto-mas-fuerte\" data-vars-post-title=\"An\u00e1lisis del iPhone 5: M\u00e1s r\u00e1pido, m\u00e1s alto, m\u00e1s fuerte\" data-vars-post-url=\"https:\/\/www.applesfera.com\/iphone\/analisis-del-iphone-5-mas-rapido-mas-alto-mas-fuerte\" rel=\"nofollow noopener\" target=\"_blank\">iPhone 5<\/a>, definiendo una era. Pero con el <a class=\"text-outboundlink\" href=\"https:\/\/www.applesfera.com\/analisis\/analisis-iphone-x-lujuria-tecnologica\" data-vars-post-title=\"An\u00e1lisis iPhone X, lujuria tecnol\u00f3gica\" data-vars-post-url=\"https:\/\/www.applesfera.com\/analisis\/analisis-iphone-x-lujuria-tecnologica\" rel=\"nofollow noopener\" target=\"_blank\">iPhone X<\/a> lleg\u00f3 la necesidad de la carga inal\u00e1mbrica, un futuro sin cables que el aluminio imped\u00eda. La funci\u00f3n mand\u00f3: <strong>se adopt\u00f3 un \u00abs\u00e1ndwich\u00bb de cristal con un marco de acero inoxidable<\/strong> que aportaba rigidez. Sin embargo, el acero, aunque robusto, era (y es) muy pesado, con una densidad de hasta 8,05 g\/cm\u00b3.<\/p>\n<p>                   <img class=\"centro_sinmarco\" height=\"766\" width=\"1366\" loading=\"lazy\" decoding=\"async\"  fetchpriority=\"high\"  src=\"https:\/\/i.blogs.es\/a34524\/materiales\/450_1000.webp\" alt=\"Materiales\" onerror=\"this.src=\" https:=\"\" false=\"\"\/><\/p>\n<p>Con cada nueva generaci\u00f3n (12 Pro Max, 13 Pro Max, 14 Pro Max), las pantallas, bater\u00edas y m\u00f3dulos de c\u00e1mara crec\u00edan, y el peso se volvi\u00f3 insostenible. La soluci\u00f3n fue el <a class=\"text-outboundlink\" href=\"https:\/\/www.applesfera.com\/analisis\/iphone-15-pro-iphone-15-pro-max-analisis-caracteristicas-precio-especificaciones\" data-vars-post-title=\"iPhone 15 Pro y iPhone 15 Pro Max, an\u00e1lisis: nuevos hitos en la gama alta\" data-vars-post-url=\"https:\/\/www.applesfera.com\/analisis\/iphone-15-pro-iphone-15-pro-max-analisis-caracteristicas-precio-especificaciones\" rel=\"nofollow noopener\" target=\"_blank\">iPhone 15 Pro<\/a>, que sustituy\u00f3 <strong>el marco de acero por uno de titanio<\/strong>. Con una densidad de 4,51 g\/cm\u00b3, era m\u00e1s ligero, pero arrastraba otro problema: con pantallas m\u00e1s brillantes y procesadores m\u00e1s potentes, la disipaci\u00f3n del calor, clave en el rendimiento, no era la esperada.<\/p>\n<p>Y as\u00ed llegamos al iPhone 17 Pro. Apple no solo vuelve al aluminio, sino que elige una aleaci\u00f3n 7000 de grado aeroespacial. Su<strong> densidad, de apenas 2,90 g\/cm\u00b3, lo hace m\u00e1s ligero incluso que el titanio<\/strong>, pero lo m\u00e1s importante es que su conductividad t\u00e9rmica es tres veces superior.<\/p>\n<tr>\n<p>Material<\/p>\n<p>Densidad (g\/cm\u00b3)<\/p>\n<\/tr>\n<tr>\n<p>Aluminio serie 7000<\/p>\n<td class=\"align-left\">\n<p>2,81 \u2013 2,90<\/p>\n<\/td>\n<\/tr>\n<tr>\n<p>Titanio<\/p>\n<td class=\"align-left\">\n<p>4,50 \u2013 4,51<\/p>\n<\/td>\n<\/tr>\n<tr>\n<p>Acero<\/p>\n<td class=\"align-left\">\n<p>7,75 \u2013 8,05<\/p>\n<\/td>\n<\/tr>\n<p>Las razones por las que el iPhone 17 Pro necesitaba ser de aluminio<\/p>\n<p>Al igual que el aluminio dio paso al acero y el acero al titanio, ahora el titanio da un paso al lado para que el aluminio vuelva. La raz\u00f3n, de nuevo, es la funci\u00f3n.<strong> Hab\u00eda que reiniciar la gama Pro del iPhone<\/strong>.<\/p>\n<p>Primero, por una necesidad de renovar un dise\u00f1o que llevaba demasiadas generaciones siendo muy similar. Pero, sobre todo, porque la nueva arquitectura interna lo exig\u00eda. Hacer c\u00e1maras a\u00fan m\u00e1s grandes y potentes con la construcci\u00f3n anterior era inviable por el peso. La soluci\u00f3n ha sido un cambio radical en la fabricaci\u00f3n, <strong>abandonando el s\u00e1ndwich por un chasis unibody<\/strong>.<\/p>\n<p>Apple ahora parte de un bloque de aluminio forjado que se mecaniza con precisi\u00f3n para crear una \u00fanica pieza que integra la estructura, los bordes y el m\u00f3dulo de c\u00e1maras. Este m\u00e9todo es m\u00e1s eficiente,<strong> elimina puntos d\u00e9biles y da como resultado un cuerpo m\u00e1s ligero y resistente<\/strong>.<\/p>\n<p>                   <img class=\"centro_sinmarco\" height=\"1000\" width=\"2096\" loading=\"lazy\" decoding=\"async\"  fetchpriority=\"high\"  src=\"https:\/\/i.blogs.es\/43882b\/cuerpo-unibody-de-aluminio\/450_1000.webp\" alt=\"Cuerpo Unibody De Aluminio\" onerror=\"this.src=\" https:=\"\" false=\"\"\/><\/p>\n<p>Pero lo m\u00e1s importante es que este chasis est\u00e1 dise\u00f1ado para la refrigeraci\u00f3n: en su interior se suelda con l\u00e1ser una <strong>c\u00e1mara de vapor que distribuye el calor por toda la superficie<\/strong>. La elecci\u00f3n del aluminio, con su alta conductividad t\u00e9rmica, es la \u00fanica forma de que este sistema de refrigeraci\u00f3n funcione a su m\u00e1ximo potencial.<\/p>\n<p>                   <img class=\"centro_sinmarco\" height=\"1598\" width=\"3214\" loading=\"lazy\" decoding=\"async\"  fetchpriority=\"high\"  src=\"https:\/\/i.blogs.es\/b07c70\/camara-de-vapor-iphone\/450_1000.webp\" alt=\"Camara De Vapor Iphone\" onerror=\"this.src=\" https:=\"\" false=\"\"\/><\/p>\n<p>El titanio encuentra su nuevo hogar: la gama Air<\/p>\n<p>Que el aluminio vuelva a los Pro no significa que el titanio haya desaparecido. Todo lo contrario. Vuelve a la frase de Jobs: <strong>el dise\u00f1o es c\u00f3mo funciona<\/strong>. Y el titanio ahora funciona donde es verdaderamente imprescindible: en el nuevo y espectacular <a class=\"text-outboundlink\" href=\"https:\/\/www.applesfera.com\/nuevo\/apple-iphone-air-caracteristicas-precio-ficha-tecnica\" data-vars-post-title=\"Nuevo iPhone Air: el iPhone ultra ligero que desaf\u00eda los l\u00edmites y hace historia en Apple\" data-vars-post-url=\"https:\/\/www.applesfera.com\/nuevo\/apple-iphone-air-caracteristicas-precio-ficha-tecnica\" rel=\"nofollow noopener\" target=\"_blank\">iPhone Air<\/a>. Por no nombrar al <a class=\"text-outboundlink\" href=\"https:\/\/www.applesfera.com\/eventos\/apple-watch-series-11-ultra-3-opiniones-toma-contacto-video-fotos\" data-vars-post-title=\"Apple Watch Series 11 y Ultra 3, primeras impresiones: mejor bater\u00eda, m\u00e1s c\u00f3modos, mejor conexi\u00f3n\" data-vars-post-url=\"https:\/\/www.applesfera.com\/eventos\/apple-watch-series-11-ultra-3-opiniones-toma-contacto-video-fotos\" rel=\"nofollow noopener\" target=\"_blank\">Apple Watch Ultra o Series 11<\/a>, claro.<\/p>\n<p>Con un grosor de tan solo 5,6 mil\u00edmetros, este dispositivo es una proeza de la ingenier\u00eda. Es tan fino que necesita un material con una <strong>rigidez estructural extrema para no doblarse<\/strong>. Y ese material es el titanio de grado 5. En el iPhone Air, la funci\u00f3n principal es la delgadez y la ligereza llevadas al l\u00edmite, y el titanio es el \u00fanico que puede cumplir esa misi\u00f3n.<\/p>\n<p>                   <img class=\"centro_sinmarco\" height=\"1342\" width=\"3390\" loading=\"lazy\" decoding=\"async\"  fetchpriority=\"high\"  src=\"https:\/\/i.blogs.es\/074f0b\/iphone-air\/450_1000.webp\" alt=\"Iphone Air\" onerror=\"this.src=\" https:=\"\" false=\"\"\/><\/p>\n<p>Volvemos, por tanto, al inicio: \u00abEl dise\u00f1o no es solo lo que se ve y se siente, es c\u00f3mo funciona\u00bb. En la evoluci\u00f3n del iPhone, cada material y cada tecnolog\u00eda tienen su momento y su lugar. No se trata de marketing, sino de escoger <strong>l<\/strong><strong>a herramienta precisa para el objetivo de cada instante<\/strong>. Los dispositivos avanzan y sus necesidades cambian.<\/p>\n<p>                   <img class=\"centro_sinmarco\" height=\"2880\" width=\"5120\" loading=\"lazy\" decoding=\"async\"  fetchpriority=\"high\"  src=\"https:\/\/i.blogs.es\/e7c058\/interior-iphone-air\/450_1000.webp\" alt=\"Interior Iphone Air\" onerror=\"this.src=\" https:=\"\" false=\"\"\/><\/p>\n<p><strong>\u00bfDebi\u00f3 Apple no poner nunca titanio en los modelos Pro?<\/strong> Hacerlo nos hubiera condenado a dos a\u00f1os m\u00e1s con un iPhone terriblemente pesado. \u00bfTen\u00eda que haber hecho este redise\u00f1o unibody en el iPhone 15 Pro y no ahora? Quiz\u00e1s la tecnolog\u00eda de fabricaci\u00f3n y refrigeraci\u00f3n no estaba todav\u00eda disponible a la escala y con la perfecci\u00f3n que Apple exige.<\/p>\n<p>Lo que es seguro es que, gracias a lo aprendido en estos a\u00f1os, Apple puede hoy ofrecer la soluci\u00f3n para los desaf\u00edos actuales de la gama Pro. <strong>Algo que, en este momento, se llama aluminio<\/strong>. Porque, como dijo Steve Jobs, no se trata de c\u00f3mo se ve, sino de c\u00f3mo funciona. Y el funcionamiento perfecto solo se alcanza cuando cada pieza, cada material y cada idea llegan en su momento justo.<\/p>\n<p>En Applesfera | <a class=\"text-outboundlink\" href=\"https:\/\/www.applesfera.com\/eventos\/apple-iphone-17-iphone-17-pro-opiniones-toma-contacto-video-fotos\" data-vars-post-title=\" iPhone 17 y iPhone 17 Pro, primeras impresiones: el misterioso dise\u00f1o filtrado habla y por fin se entiende en mano\" data-vars-post-url=\"https:\/\/www.applesfera.com\/eventos\/apple-iphone-17-iphone-17-pro-opiniones-toma-contacto-video-fotos\" rel=\"nofollow noopener\" target=\"_blank\">iPhone 17 y iPhone 17 Pro, primeras impresiones: el misterioso dise\u00f1o filtrado habla y por fin se entiende en mano<\/a><\/p>\n<p>En Applesfera | <a class=\"text-outboundlink\" href=\"https:\/\/www.applesfera.com\/eventos\/iphone-air-opiniones-toma-contacto-fotos\" data-vars-post-title=\"iPhone Air, primeras impresiones: ligero, irreal, excesivo. Apple ha vuelto\" data-vars-post-url=\"https:\/\/www.applesfera.com\/eventos\/iphone-air-opiniones-toma-contacto-fotos\" rel=\"nofollow noopener\" target=\"_blank\">iPhone Air, primeras impresiones: ligero, irreal, excesivo. Apple ha vuelto<\/a><\/p>\n","protected":false},"excerpt":{"rendered":"\u00abEl dise\u00f1o no es solo lo que se ve y se siente. El dise\u00f1o es c\u00f3mo funciona\u00bb. La&hellip;\n","protected":false},"author":2,"featured_media":108579,"comment_status":"","ping_status":"","sticky":false,"template":"","format":"standard","meta":{"footnotes":""},"categories":[81],"tags":[119,123,124,25,24,117,121,122,23,118,120],"class_list":{"0":"post-108578","1":"post","2":"type-post","3":"status-publish","4":"format-standard","5":"has-post-thumbnail","7":"category-ciencia-y-tecnologia","8":"tag-ciencia","9":"tag-ciencia-y-tecnologia","10":"tag-cienciaytecnologia","11":"tag-es","12":"tag-espana","13":"tag-science","14":"tag-science-and-technology","15":"tag-scienceandtechnology","16":"tag-spain","17":"tag-technology","18":"tag-tecnologia"},"share_on_mastodon":{"url":"","error":""},"_links":{"self":[{"href":"https:\/\/www.europesays.com\/es\/wp-json\/wp\/v2\/posts\/108578","targetHints":{"allow":["GET"]}}],"collection":[{"href":"https:\/\/www.europesays.com\/es\/wp-json\/wp\/v2\/posts"}],"about":[{"href":"https:\/\/www.europesays.com\/es\/wp-json\/wp\/v2\/types\/post"}],"author":[{"embeddable":true,"href":"https:\/\/www.europesays.com\/es\/wp-json\/wp\/v2\/users\/2"}],"replies":[{"embeddable":true,"href":"https:\/\/www.europesays.com\/es\/wp-json\/wp\/v2\/comments?post=108578"}],"version-history":[{"count":0,"href":"https:\/\/www.europesays.com\/es\/wp-json\/wp\/v2\/posts\/108578\/revisions"}],"wp:featuredmedia":[{"embeddable":true,"href":"https:\/\/www.europesays.com\/es\/wp-json\/wp\/v2\/media\/108579"}],"wp:attachment":[{"href":"https:\/\/www.europesays.com\/es\/wp-json\/wp\/v2\/media?parent=108578"}],"wp:term":[{"taxonomy":"category","embeddable":true,"href":"https:\/\/www.europesays.com\/es\/wp-json\/wp\/v2\/categories?post=108578"},{"taxonomy":"post_tag","embeddable":true,"href":"https:\/\/www.europesays.com\/es\/wp-json\/wp\/v2\/tags?post=108578"}],"curies":[{"name":"wp","href":"https:\/\/api.w.org\/{rel}","templated":true}]}}