{"id":108584,"date":"2025-09-11T20:47:07","date_gmt":"2025-09-11T20:47:07","guid":{"rendered":"https:\/\/www.europesays.com\/es\/108584\/"},"modified":"2025-09-11T20:47:07","modified_gmt":"2025-09-11T20:47:07","slug":"netanyahu-acusa-a-pedro-sanchez-de-lanzar-amenazas-genocidas-a-israel-internacional","status":"publish","type":"post","link":"https:\/\/www.europesays.com\/es\/108584\/","title":{"rendered":"Netanyahu acusa a Pedro S\u00e1nchez de lanzar \u201camenazas genocidas\u201d a Israel | Internacional"},"content":{"rendered":"<p class=\"\">El Gobierno de <a href=\"https:\/\/elpais.com\/internacional\/2025-08-08\/el-gabinete-de-seguridad-israeli-aprueba-los-planes-de-netanyahu-para-ocupar-la-ciudad-de-gaza.html\" target=\"_self\" rel=\"nofollow noopener\" title=\"https:\/\/elpais.com\/internacional\/2025-08-08\/el-gabinete-de-seguridad-israeli-aprueba-los-planes-de-netanyahu-para-ocupar-la-ciudad-de-gaza.html\">Benjam\u00edn Netanyahu<\/a> ha vuelto a elevar el tono en su enfrentamiento diplom\u00e1tico con Espa\u00f1a. La oficina del primer ministro israel\u00ed ha acusado este jueves al presidente del Gobierno, <a href=\"https:\/\/elpais.com\/espana\/2025-09-08\/sanchez-anuncia-un-decreto-para-legalizar-el-embargo-total-de-armas-a-israel-frente-al-genocidio-ordenado-por-netanyahu.html\" target=\"_self\" rel=\"nofollow noopener\" title=\"https:\/\/elpais.com\/espana\/2025-09-08\/sanchez-anuncia-un-decreto-para-legalizar-el-embargo-total-de-armas-a-israel-frente-al-genocidio-ordenado-por-netanyahu.html\">Pedro S\u00e1nchez<\/a>, de lanzar amenazas nucleares contra su pa\u00eds. \u201cS\u00e1nchez dijo ayer que Espa\u00f1a no pod\u00eda frenar el combate de Israel contra<a href=\"https:\/\/elpais.com\/internacional\/2025-09-11\/ultima-hora-del-conflicto-en-oriente-proximo.html\" target=\"_self\" rel=\"nofollow noopener\" title=\"https:\/\/elpais.com\/internacional\/2025-09-11\/ultima-hora-del-conflicto-en-oriente-proximo.html\"> los terroristas de Ham\u00e1s<\/a> porque su pa\u00eds no tiene armas nucleares\u201d, ha escrito en la red social X. \u201cEs una amenaza genocida flagrante contra el \u00fanico Estado jud\u00edo del mundo\u201d, ha agregado en otro mensaje. El Ministerio de Exteriores espa\u00f1ol ha calificado los comentarios como \u201cfalsos y calumniosos\u201d.<\/p>\n<p class=\"\">Netanyahu hace referencia a una frase utilizada por el presidente del Gobierno al anunciar este lunes un paquete de nueve medidas para restringir el flujo de armas a Israel. \u201cEspa\u00f1a, como saben, no tiene bombas nucleares, tampoco tiene portaaviones ni grandes reservas de petr\u00f3leo\u201d, dijo S\u00e1nchez. \u201cNosotros solos no podemos detener la ofensiva israel\u00ed. Pero eso no significa que no vayamos a dejar de intentarlo. Porque hay causas por las que merece la pena luchar, aunque no est\u00e9 en nuestras \u00fanicas manos ganarlas\u201d, agreg\u00f3.<\/p>\n<p class=\"\">Tras las interpretaciones que varios medios de comunicaci\u00f3n espa\u00f1oles hicieron de las palabras de S\u00e1nchez, Netanyahu ha asegurado que se trata de un nuevo gesto de antisemitismo por parte del mandatario espa\u00f1ol. \u201cAparentemente, la inquisici\u00f3n espa\u00f1ola, la expulsi\u00f3n de los jud\u00edos de Espa\u00f1a y el asesinato sistem\u00e1tico y masivo de jud\u00edos en el Holocausto no son suficientes para S\u00e1nchez\u201d, ha afirmado su hom\u00f3logo israel\u00ed.<\/p>\n<p class=\"\">\u201cEspa\u00f1a rechaza cualquier forma de antisemitismo, racismo, xenofobia o intolerancia\u201d, ha respondido el Ministerio de Exteriores espa\u00f1ol en un comunicado. \u201cCon la misma determinaci\u00f3n Espa\u00f1a reclama el cese inmediato de la violencia sin fin en Gaza, los constantes ataques contra poblaci\u00f3n civil, la entrada inmediata de toda la ayuda humanitaria bloqueada actualmente por el Gobierno israel\u00ed y el respeto de los m\u00e1s b\u00e1sicos derechos humanos de la poblaci\u00f3n palestina y del derecho internacional humanitario\u201d, ha agregado.<\/p>\n<p class=\"\">Durante el anuncio de las sanciones a Israel, S\u00e1nchez se refiri\u00f3 por primera vez abiertamente a la ofensiva israel\u00ed en Gaza como un \u201cgenocidio\u201d. \u201cUna cosa es proteger a tu pa\u00eds y otra muy distinta, bombardear hospitales y matar de hambre a ni\u00f1os inocentes. <a href=\"https:\/\/elpais.com\/internacional\/2025-08-22\/ciudad-de-gaza-entra-oficialmente-en-hambruna-a-las-puertas-de-la-invasion-del-ejercito-de-israel.html\" rel=\"nofollow noopener\" title=\"https:\/\/elpais.com\/internacional\/2025-08-22\/ciudad-de-gaza-entra-oficialmente-en-hambruna-a-las-puertas-de-la-invasion-del-ejercito-de-israel.html\" target=\"_blank\">60.000 muertos, dos millones de desplazados<\/a> de su hogar, la mitad menores, hambrunas. Esto no es defenderse, no es ni siquiera atacar, es exterminar a un pueblo indefenso y quebrantar todas las leyes del derecho internacional\u201d.<\/p>\n<p class=\"\">Despu\u00e9s de las medidas anunciadas por S\u00e1nchez, en la avanzadilla de los gobiernos de la Uni\u00f3n Europea que han llamado a imponer sanciones a Israel, <a href=\"https:\/\/elpais.com\/internacional\/2025-09-08\/israel-acusa-al-gobierno-de-espana-de-antisemita-y-corrupto-y-veta-la-entrada-de-las-ministras-yolanda-diaz-y-sira-rego.html\" target=\"_self\" rel=\"nofollow noopener\" title=\"https:\/\/elpais.com\/internacional\/2025-09-08\/israel-acusa-al-gobierno-de-espana-de-antisemita-y-corrupto-y-veta-la-entrada-de-las-ministras-yolanda-diaz-y-sira-rego.html\">la respuesta de las autoridades israel\u00edes<\/a> vino del ministro de Exteriores, Gideon Saar. \u201cEl intento del corrupto Gobierno de S\u00e1nchez de distraer la atenci\u00f3n de graves casos de corrupci\u00f3n mediante una campa\u00f1a antisemita y antiisrael\u00ed es evidente\u201d, escribi\u00f3 Saar el lunes en redes sociales. <\/p>\n<p class=\"\">Horas despu\u00e9s, se dio a conocer que un ciudadano espa\u00f1ol muri\u00f3 junto a otras cinco personas en un tiroteo en Jerusal\u00e9n, lo que fue aprovechado por el Gobierno de Netanyahu para continuar con sus cr\u00edticas. \u201cS\u00e1nchez y sus ministros retorcidos, que justificaron la masacre del 7 de octubre [de 2023], han optado desde hace mucho tiempo por alinearse con Ham\u00e1s&#8230; es vergonzoso\u201d, ha se\u00f1alado en una publicaci\u00f3n traducida al espa\u00f1ol en redes sociales.<\/p>\n<p class=\"\">El choque diplom\u00e1tico ha provocado reacciones por parte de la Administraci\u00f3n de <a href=\"https:\/\/elpais.com\/internacional\/2025-09-10\/estados-unidos-expresa-su-preocupacion-por-las-medidas-del-gobierno-de-sanchez-para-elevar-la-presion-sobre-israel.html\" target=\"_self\" rel=\"nofollow noopener\" title=\"https:\/\/elpais.com\/internacional\/2025-09-10\/estados-unidos-expresa-su-preocupacion-por-las-medidas-del-gobierno-de-sanchez-para-elevar-la-presion-sobre-israel.html\">Donald Trump<\/a>, el principal aliado de Netanyahu. \u201cEs profundamente preocupante que Espa\u00f1a, un miembro de la OTAN, haya optado por restringir las operaciones de Estados Unidos y dar la espalda a Israel, el mismo d\u00eda en que seis personas fueron asesinadas en Jerusal\u00e9n\u201d, ha se\u00f1alado un portavoz del Departamento de Estado estadounidense en un sucinto comunicado. En opini\u00f3n del Departamento encabezado por Marco Rubio, la posici\u00f3n de Espa\u00f1a \u201cenvalentona a los terroristas\u201d.<\/p>\n<p class=\"\">\u201cEspa\u00f1a est\u00e1 comprometida con la paz y la estabilidad en Oriente Medio\u201d, afirm\u00f3 el ministro de Exteriores espa\u00f1ol, Jos\u00e9 Manuel Albares. Antes de la publicaci\u00f3n de la oficina del primer ministro israel\u00ed, Albares asegur\u00f3 en una entrevista con Televisi\u00f3n Espa\u00f1ola que \u201cvamos a seguir liderando en Europa, como hemos hecho con el reconocimiento del Estado de Palestina\u201d. <\/p>\n<p class=\"\">Est\u00e1 previsto que S\u00e1nchez y Netanyahu coincidan en el marco de la Asamblea General de Naciones Unidas en Nueva York, cuyo debate general empezar\u00e1 el pr\u00f3ximo 23 de septiembre. El mandatario espa\u00f1ol critic\u00f3 a finales de agosto la decisi\u00f3n de Washington de no extender los visados al presidente palestino, Mahmud Abbas, y a otros miembros de la Autoridad Nacional Palestina para que puedan acudir a la cita diplom\u00e1tica, otro punto de fricci\u00f3n entre ambos Gobiernos.<\/p>\n<p class=\"\">Francia, Australia y Canad\u00e1 han anunciado que reconocer\u00e1n el Estado palestino en la Asamblea de la ONU, pese al rechazo del Gobierno de Netanyahu. Madrid ha redoblado la apuesta por encontrar una soluci\u00f3n pac\u00edfica al conflicto en Oriente Pr\u00f3ximo, en el marco de los organismos multilaterales. <\/p>\n<p class=\"\">\u201cEspa\u00f1a continuar\u00e1 apoyando la labor de los Tribunales internacionales para esclarecer lo que est\u00e1 sucediendo en Gaza desde 2023, tanto en lo que respecta la investigaci\u00f3n por cr\u00edmenes por lesa humanidad contra varios dirigentes israel\u00edes por parte de la Corte Penal Internacional como el proceso ante el Tribunal Internacional de Justicia contra el Estado de Israel en el marco de la Convenci\u00f3n para la Prevenci\u00f3n y Castigo del Delito de Genocidio\u201d, se\u00f1ala la respuesta de las autoridades espa\u00f1olas.<\/p>\n","protected":false},"excerpt":{"rendered":"El Gobierno de Benjam\u00edn Netanyahu ha vuelto a elevar el tono en su enfrentamiento diplom\u00e1tico con Espa\u00f1a. La&hellip;\n","protected":false},"author":2,"featured_media":108585,"comment_status":"","ping_status":"","sticky":false,"template":"","format":"standard","meta":{"footnotes":""},"categories":[8],"tags":[13241,17,18,68,70,71,72,25,24,13,14,73,69,75,11,74,19,20,9,10,15,16,77,76,2959,23,12,21,22],"class_list":{"0":"post-108584","1":"post","2":"type-post","3":"status-publish","4":"format-standard","5":"has-post-thumbnail","7":"category-espana","8":"tag-benjamin-netanyahu","9":"tag-breaking-news","10":"tag-breakingnews","11":"tag-conflicto-arabe-israeli","12":"tag-conflictos","13":"tag-conflictos-armados","14":"tag-conflictos-internacionales","15":"tag-es","16":"tag-espana","17":"tag-featured-news","18":"tag-featurednews","19":"tag-franja-gaza","20":"tag-guerra","21":"tag-hamas","22":"tag-headlines","23":"tag-israel","24":"tag-latest-news","25":"tag-latestnews","26":"tag-news","27":"tag-noticias","28":"tag-noticias-destacadas","29":"tag-noticiasdestacadas","30":"tag-oriente-proximo","31":"tag-palestina","32":"tag-pedro-sanchez","33":"tag-spain","34":"tag-titulares","35":"tag-ultimas-noticias","36":"tag-ultimasnoticias"},"share_on_mastodon":{"url":"","error":""},"_links":{"self":[{"href":"https:\/\/www.europesays.com\/es\/wp-json\/wp\/v2\/posts\/108584","targetHints":{"allow":["GET"]}}],"collection":[{"href":"https:\/\/www.europesays.com\/es\/wp-json\/wp\/v2\/posts"}],"about":[{"href":"https:\/\/www.europesays.com\/es\/wp-json\/wp\/v2\/types\/post"}],"author":[{"embeddable":true,"href":"https:\/\/www.europesays.com\/es\/wp-json\/wp\/v2\/users\/2"}],"replies":[{"embeddable":true,"href":"https:\/\/www.europesays.com\/es\/wp-json\/wp\/v2\/comments?post=108584"}],"version-history":[{"count":0,"href":"https:\/\/www.europesays.com\/es\/wp-json\/wp\/v2\/posts\/108584\/revisions"}],"wp:featuredmedia":[{"embeddable":true,"href":"https:\/\/www.europesays.com\/es\/wp-json\/wp\/v2\/media\/108585"}],"wp:attachment":[{"href":"https:\/\/www.europesays.com\/es\/wp-json\/wp\/v2\/media?parent=108584"}],"wp:term":[{"taxonomy":"category","embeddable":true,"href":"https:\/\/www.europesays.com\/es\/wp-json\/wp\/v2\/categories?post=108584"},{"taxonomy":"post_tag","embeddable":true,"href":"https:\/\/www.europesays.com\/es\/wp-json\/wp\/v2\/tags?post=108584"}],"curies":[{"name":"wp","href":"https:\/\/api.w.org\/{rel}","templated":true}]}}