{"id":108588,"date":"2025-09-11T20:49:07","date_gmt":"2025-09-11T20:49:07","guid":{"rendered":"https:\/\/www.europesays.com\/es\/108588\/"},"modified":"2025-09-11T20:49:07","modified_gmt":"2025-09-11T20:49:07","slug":"el-sanguesino-adrian-sola-basterra-en-el-extremo-del-barca-en-la-liga-de-campeones","status":"publish","type":"post","link":"https:\/\/www.europesays.com\/es\/108588\/","title":{"rendered":"El sang\u00fcesino Adri\u00e1n Sola Basterra, en el extremo del Bar\u00e7a en la Liga de Campeones"},"content":{"rendered":"<p>Ha conseguido <strong>con\u00a0 17 a\u00f1os su primer gol en una Liga de Campeones<\/strong>, la m\u00e1xima competici\u00f3n continental. Un tanto que ha llegado este jueves 11 de septiembre en el minuto 35 del duelo entre el <strong>Bar\u00e7a<\/strong> y el<strong> GOG Gudme<\/strong>. Cita en el Palau que el jugador navarro <strong>Adri\u00e1n Sola Basterra<\/strong>, natural de <strong>Sang\u00fcesa<\/strong> y que ha jugado en el extremo derecho,\u00a0<strong\/>no olvidar\u00e1 ya que es su estreno con el conjunto azulgrana en la Champions.\u00a0<\/p>\n<p>Sola, que ya el pasado marzo se convirti\u00f3 en el\u00a0el<a href=\"https:\/\/www.diariodenavarra.es\/noticias\/deportes\/balonmano\/2025\/03\/09\/sangueesino-el-segundo-debutante-joven-liga-historia-barca-640270-1051.html\" rel=\"nofollow noopener\" target=\"_blank\"> segundo debutante m\u00e1s joven de la historia del Bar\u00e7a en la Liga Asobal<\/a> (s\u00f3lo <strong>16 a\u00f1os, 10 meses y 22 d\u00edas<\/strong> y solo superado por\u00a0Xavi Castro, quien se estren\u00f3 el 2 de octubre de 2012 con 16 a\u00f1os y 22 d\u00edas), ha vuelto a entrar esta tarde en la convocatoria europea de los de <strong>Carlos Ortega<\/strong>. Un lista de jugadores en la que tambi\u00e9n se ha encontrado el pivote <strong>Antonio Baz\u00e1n Legasa<\/strong>, de Zizur, quien afronta su segunda temporada en el primer equipo azulgrana y con el que ya se convirti\u00f3 en<strong> bicampe\u00f3n de la Supercopa Ib\u00e9rica<\/strong> a principios de este mes. El ex capit\u00e1n de Anaitasuna tambi\u00e9n ha dispuesto de algunos minutos al final del encuentro continental de esta tarde en el pabell\u00f3n cul\u00e9.<\/p>\n<p>Con el <strong>23 a la espalda<\/strong> y despu\u00e9s de haber formado parte de convocatorias del equipo catal\u00e1n la pasada campa\u00f1a en las<strong> salidas a Aalborg (Dinamarca) y Szeged (Hungr\u00eda)<\/strong> sin llegar a jugar por las lesiones que sufri\u00f3 entonces el primer equipo, Sola -con un 50% al anotar uno de los dos tiros que ha realizado- ha tenido la oportunidad de saltar a la pista en la segunda parte de este primer encuentro de la Champions y que el Bar\u00e7a ha solventado con un<strong> triunfo por 37-32 (25-14)<\/strong>.\u00a0<\/p>\n<p>Tambi\u00e9n en ese mismo grupo B de la m\u00e1xima competici\u00f3n continental, en mi\u00e9rcoles, el pamplon\u00e9s <strong>Sergey Hern\u00e1ndez<\/strong> -11 paradas, 2 en 7 metros, de 40 lanzamientos (27% de acierto)- arranc\u00f3 la defensa del t\u00edtulo con el <strong>Magdeburg <\/strong>logrando derrotar al <strong>Par\u00eds Saint Germain<\/strong> por 37-31.<\/p>\n<p>Tras formarse en el <strong>Balonmano Cantolagua<\/strong> de Sang\u00fcesa -su localidad natal y en la que resid\u00eda- jug\u00f3 una campa\u00f1a en los equipos inferiores del <strong>Helvetia Anaitasuna<\/strong> antes de trasladarse a <strong>La Mas\u00eda<\/strong>, ya en Barcelona, en el verano del 2023. Federado por Catalu\u00f1a, Sola ha sido habitual <strong>en las selecciones catalanas<\/strong> en los \u00faltimos Campeonatos de Espa\u00f1a de Selecciones Auton\u00f3micas y ha ido alternando los equipos de base azulgranas con entrenamientos y convocatorias con el primer equipo. Adem\u00e1s, la pasada campa\u00f1a, disputaaba con equipo juvenil\u00a0 la <strong>EHF Final4 Youth Club Trophy<\/strong>, competici\u00f3n disputada en paralelo a la final a 4 de la Liga de Campeones, acabando tercero tras GOG y Veszprem.<\/p>\n","protected":false},"excerpt":{"rendered":"Ha conseguido con\u00a0 17 a\u00f1os su primer gol en una Liga de Campeones, la m\u00e1xima competici\u00f3n continental. Un&hellip;\n","protected":false},"author":2,"featured_media":108589,"comment_status":"","ping_status":"","sticky":false,"template":"","format":"standard","meta":{"footnotes":""},"categories":[278],"tags":[2722,376,37400,168,158,25,24,375,37399,9236,23,167],"class_list":{"0":"post-108588","1":"post","2":"type-post","3":"status-publish","4":"format-standard","5":"has-post-thumbnail","7":"category-balonmano","8":"tag-adrian","9":"tag-balonmano","10":"tag-basterra","11":"tag-deportes","12":"tag-el","13":"tag-es","14":"tag-espana","15":"tag-handball","16":"tag-sanguesino","17":"tag-sola","18":"tag-spain","19":"tag-sports"},"share_on_mastodon":{"url":"","error":""},"_links":{"self":[{"href":"https:\/\/www.europesays.com\/es\/wp-json\/wp\/v2\/posts\/108588","targetHints":{"allow":["GET"]}}],"collection":[{"href":"https:\/\/www.europesays.com\/es\/wp-json\/wp\/v2\/posts"}],"about":[{"href":"https:\/\/www.europesays.com\/es\/wp-json\/wp\/v2\/types\/post"}],"author":[{"embeddable":true,"href":"https:\/\/www.europesays.com\/es\/wp-json\/wp\/v2\/users\/2"}],"replies":[{"embeddable":true,"href":"https:\/\/www.europesays.com\/es\/wp-json\/wp\/v2\/comments?post=108588"}],"version-history":[{"count":0,"href":"https:\/\/www.europesays.com\/es\/wp-json\/wp\/v2\/posts\/108588\/revisions"}],"wp:featuredmedia":[{"embeddable":true,"href":"https:\/\/www.europesays.com\/es\/wp-json\/wp\/v2\/media\/108589"}],"wp:attachment":[{"href":"https:\/\/www.europesays.com\/es\/wp-json\/wp\/v2\/media?parent=108588"}],"wp:term":[{"taxonomy":"category","embeddable":true,"href":"https:\/\/www.europesays.com\/es\/wp-json\/wp\/v2\/categories?post=108588"},{"taxonomy":"post_tag","embeddable":true,"href":"https:\/\/www.europesays.com\/es\/wp-json\/wp\/v2\/tags?post=108588"}],"curies":[{"name":"wp","href":"https:\/\/api.w.org\/{rel}","templated":true}]}}