{"id":108590,"date":"2025-09-11T20:50:10","date_gmt":"2025-09-11T20:50:10","guid":{"rendered":"https:\/\/www.europesays.com\/es\/108590\/"},"modified":"2025-09-11T20:50:10","modified_gmt":"2025-09-11T20:50:10","slug":"roca-rey-rinde-homenaje-a-jose-tomas-en-su-pregon-de-la-feria-de-murcia-torear-es-sufrir-y-despues-volver-a-renacer-el-mundo","status":"publish","type":"post","link":"https:\/\/www.europesays.com\/es\/108590\/","title":{"rendered":"Roca Rey rinde homenaje a Jos\u00e9 Tom\u00e1s en su preg\u00f3n de la feria de Murcia: &quot;Torear es sufrir y despu\u00e9s volver a renacer&quot; &#8211; El Mundo"},"content":{"rendered":"<ol>\n<li><a href=\"https:\/\/news.google.com\/rss\/articles\/CBMigwFBVV95cUxPN2NITmxtUE5PaENyWUlrV2MtOHhoTjNueXZza1d1Tmoxd1dRLS1aeWFUUEJfemxoeVE5cktHYWRwZHYybks0ZmMyQXY1Q0lLRlRaU1NZbm1JZ2ZpMjJhbXpsQUtIdjYxeHpPUU40TXVMYWo5V2JXWFVGRVZ0c2w2SGdSb9IBgwFBVV95cUxQNnN4S0pHX0IySEtudlQxeGFWN2lxMDBLSENGemVqWlRsSm1JcDlUNm1oZXlFVlFIVGQ2SkJxczJSNmw5VE10UGo5aW5iMjhMSUxrdXF4UmEtU1Q3bk55aVFqblNTWEVMUUNYWFF2a0xtcjhYaldId1NSTm1LZHNiaFo4WQ?oc=5\" target=\"_blank\" rel=\"nofollow noopener\">Roca Rey rinde homenaje a Jos\u00e9 Tom\u00e1s en su preg\u00f3n de la feria de Murcia: \u00abTorear es sufrir y despu\u00e9s volver a renacer\u00bb<\/a>&nbsp;&nbsp;El Mundo<\/li>\n<li><a href=\"https:\/\/news.google.com\/rss\/articles\/CBMipgFBVV95cUxNalZQcllkaXJ5dWJXMUgzSXB1NXR2RndReHlWUlBrMVU5V0pPZVJnYkFnNUpwenFibDkxR2Zic1NUTGJjOG9ndlQxZ3FqN2U2VjNRQVd5X2g3NFdiLW9Ba1l5ZDhVV2VOamJuQ256ZFkwVGVaRTVlVm5hWU5UblNPU2plM3RfRDlBSmpoNUE1dTF1X0hWbl9MLVRwaTh3VXIxRzhXVWtn?oc=5\" target=\"_blank\" rel=\"nofollow noopener\">Roca Rey se estrena como pregonero de la Feria Taurina de Murcia con sentimiento y verdad<\/a>&nbsp;&nbsp;La Verdad<\/li>\n<li><a href=\"https:\/\/news.google.com\/rss\/articles\/CBMingFBVV95cUxOMjNIUXdrV2hxa2VfNGxfZnQ2MTk0Zi1JWTdPVE8yd3VQMDVWQlNiYnkzVGJ1RUN6QTBlUHA0R2tRdHBUNVFPVk0tXzFlOWY1QWpfTVhnSWRzemxQTGNIRTl0bW1qUlNVNEZVdzVNRlp4RzJkTDdmMEhXaGt5X3Z4RDRRT1RoVHBMa0tPWnllcGlsZ2VULVp2a29ZWWttUdIBowFBVV95cUxNN0RpdElGTkROcXdQRnJFcDRWcUJnZmtCQWc5VmphNTBWWl9rOFRRWXAxX0FNZG43OXN5SXExcHhwdkRfVktISTlqUGVHeU9aNEF0dXd1OE5aSmN6TjR2TjNVUGJzVXRUVkNFaGYwMmxVMUJwaUJ1RUtSU1VpemJoLWd6OE5wOFdtM1RQT3pFRFM0NFpwdGN4a21lc0JNSVFCV1VN?oc=5\" target=\"_blank\" rel=\"nofollow noopener\">Sincero preg\u00f3n de Roca Rey a la Feria Taurina de Murcia<\/a>&nbsp;&nbsp;La Opini\u00f3n de Murcia<\/li>\n<li><a href=\"https:\/\/news.google.com\/rss\/articles\/CBMiqAFBVV95cUxNVFUtOUpkaWRuNUk4bC1raTJVLUpDVy0wdXBUY2tTSzhkOUg3RC11ZWY2bkFxSnBLT1N0elV2R0pzVjN2NW5pQ25tdmFfZkRzNWpCaHNHTU1rVzBseDkxaTluMkdReGhtbGtWS1V1N2FSZHVKbVE3bGtMU1NRU0JBQWRnaExwQmJacXFnQkQ5ZUh6SnF5NFJ2WUFJa3Ftdkh1bWxqNl93dUQ?oc=5\" target=\"_blank\" rel=\"nofollow noopener\">Roca Rey pronuncia el Preg\u00f3n Taurino de Murcia, en im\u00e1genes<\/a>&nbsp;&nbsp;La Verdad<\/li>\n<li><a href=\"https:\/\/news.google.com\/rss\/articles\/CBMikAFBVV95cUxQeFFnYXVIdk14Rm5TSjF1SXpWQVBES1RIMTRuakJIRklfSHJnOEJTbUlGa0JxUW9ZZVduNjM4U0wya0oydVlyOV9fRktRenVNWE5nVXNwZzhsYnhNeHNXYS15SFFSWlhfYm5yRTVpVndTX3hkUGRaNWRwaXJyZXZaN21hWE4tdTJNRjE4M3hxMGE?oc=5\" target=\"_blank\" rel=\"nofollow noopener\">Roca Rey, har\u00e1 hoy el preg\u00f3n de la Feria Taurina de Murcia<\/a>&nbsp;&nbsp;Murcia Actualidad<\/li>\n<\/ol>\n","protected":false},"excerpt":{"rendered":"Roca Rey rinde homenaje a Jos\u00e9 Tom\u00e1s en su preg\u00f3n de la feria de Murcia: \u00abTorear es sufrir&hellip;\n","protected":false},"author":2,"featured_media":108591,"comment_status":"","ping_status":"","sticky":false,"template":"","format":"standard","meta":{"footnotes":""},"categories":[277],"tags":[4036,373,819,168,25,24,27081,23,167,374,444],"class_list":{"0":"post-108590","1":"post","2":"type-post","3":"status-publish","4":"format-standard","5":"has-post-thumbnail","7":"category-toreo","8":"tag-andres-roca-rey","9":"tag-bullfighting","10":"tag-cultura-toros","11":"tag-deportes","12":"tag-es","13":"tag-espana","14":"tag-jose-tomas","15":"tag-spain","16":"tag-sports","17":"tag-toreo","18":"tag-toros"},"share_on_mastodon":{"url":"","error":""},"_links":{"self":[{"href":"https:\/\/www.europesays.com\/es\/wp-json\/wp\/v2\/posts\/108590","targetHints":{"allow":["GET"]}}],"collection":[{"href":"https:\/\/www.europesays.com\/es\/wp-json\/wp\/v2\/posts"}],"about":[{"href":"https:\/\/www.europesays.com\/es\/wp-json\/wp\/v2\/types\/post"}],"author":[{"embeddable":true,"href":"https:\/\/www.europesays.com\/es\/wp-json\/wp\/v2\/users\/2"}],"replies":[{"embeddable":true,"href":"https:\/\/www.europesays.com\/es\/wp-json\/wp\/v2\/comments?post=108590"}],"version-history":[{"count":0,"href":"https:\/\/www.europesays.com\/es\/wp-json\/wp\/v2\/posts\/108590\/revisions"}],"wp:featuredmedia":[{"embeddable":true,"href":"https:\/\/www.europesays.com\/es\/wp-json\/wp\/v2\/media\/108591"}],"wp:attachment":[{"href":"https:\/\/www.europesays.com\/es\/wp-json\/wp\/v2\/media?parent=108590"}],"wp:term":[{"taxonomy":"category","embeddable":true,"href":"https:\/\/www.europesays.com\/es\/wp-json\/wp\/v2\/categories?post=108590"},{"taxonomy":"post_tag","embeddable":true,"href":"https:\/\/www.europesays.com\/es\/wp-json\/wp\/v2\/tags?post=108590"}],"curies":[{"name":"wp","href":"https:\/\/api.w.org\/{rel}","templated":true}]}}