{"id":108594,"date":"2025-09-11T20:52:09","date_gmt":"2025-09-11T20:52:09","guid":{"rendered":"https:\/\/www.europesays.com\/es\/108594\/"},"modified":"2025-09-11T20:52:09","modified_gmt":"2025-09-11T20:52:09","slug":"expresidente-pena-nieto-participa-en-torneo-benefico-de-golf-en-espana-se-codea-con-rafael-nadal-e-iker-casillas","status":"publish","type":"post","link":"https:\/\/www.europesays.com\/es\/108594\/","title":{"rendered":"Expresidente Pe\u00f1a Nieto participa en torneo ben\u00e9fico de golf en Espa\u00f1a; \u00abse codea\u00bb con Rafael Nadal e Iker Casillas"},"content":{"rendered":"<p itemprop=\"description\" class=\"sc__font-paragraph\">San Lorenzo de El Escorial. El expresidente de M\u00e9xico, <a itemprop=\"url\" href=\"https:\/\/www.eluniversal.com.mx\/nacion\/sheinbaum-con-epn-cayo-produccion-en-pemex-con-amlo-se-recupero-van-por-producir-18-millones-de-barriles\/\" target=\"_blank\" rel=\"noreferrer nofollow noopener\" title=\"https:\/\/www.eluniversal.com.mx\/nacion\/sheinbaum-con-epn-cayo-produccion-en-pemex-con-amlo-se-recupero-van-por-producir-18-millones-de-barriles\/\"><b>Enrique Pe\u00f1a Nieto<\/b><\/a>, quien reside en <b>Madrid <\/b>desde hace varios a\u00f1os tras su salida del pa\u00eds norteamericano en 2018, particip\u00f3 este jueves en un <b>torneo de golf <\/b>para recaudar fondos contra el <b>c\u00e1ncer de mama<\/b> celebrado en el <a itemprop=\"url\" href=\"https:\/\/www.eluniversal.com.mx\/mundo\/comienza-juicio-contra-ryan-routh-por-intento-de-asesinato-a-trump-pide-strippers-una-pelea-y-competencia-de-golf\/\" target=\"_blank\" rel=\"noreferrer nofollow noopener\" title=\"https:\/\/www.eluniversal.com.mx\/mundo\/comienza-juicio-contra-ryan-routh-por-intento-de-asesinato-a-trump-pide-strippers-una-pelea-y-competencia-de-golf\/\"><b>campo de golf<\/b><\/a> de la localidad madrile\u00f1a de <b>San Lorenzo<\/b> de <b>El Escorial<\/b>.<\/p>\n<p itemprop=\"description\" class=\"sc__font-paragraph\">Pe\u00f1a Nieto, quien complet\u00f3 el recorrido de 18 hoyos del campo de La Herrer\u00eda, se uni\u00f3 al <b>evento ben\u00e9fico<\/b> junto a nombres conocidos como el extenista <b>Rafael Nadal<\/b>, futbolistas que jugaron en el Real Madrid como<a itemprop=\"url\" href=\"https:\/\/www.eluniversal.com.mx\/deportes\/iker-casillas-presume-fotografia-con-guillermo-ochoa-ambas-figuras-se-reunieron-con-gianni-infantino\/\" target=\"_blank\" rel=\"noreferrer nofollow noopener\" title=\"https:\/\/www.eluniversal.com.mx\/deportes\/iker-casillas-presume-fotografia-con-guillermo-ochoa-ambas-figuras-se-reunieron-con-gianni-infantino\/\"> <b>Iker Casillas<\/b><\/a> y <a itemprop=\"url\" href=\"https:\/\/www.eluniversal.com.mx\/deportes\/raul-gonzalez-el-mexicano-que-persevero-hasta-alcanzar-la-gloria-olimpica\/\" target=\"_blank\" rel=\"noreferrer nofollow noopener\" title=\"https:\/\/www.eluniversal.com.mx\/deportes\/raul-gonzalez-el-mexicano-que-persevero-hasta-alcanzar-la-gloria-olimpica\/\"><b>Ra\u00fal Gonz\u00e1lez<\/b><\/a>, el alcalde de Madrid, <b>Jos\u00e9 Luis Mart\u00ednez-Almeida<\/b>, empresarios y figuras de otros \u00e1mbitos.<\/p>\n<p itemprop=\"description\" class=\"sc__font-paragraph\">Tambi\u00e9n tom\u00f3 parte en el evento el embajador de M\u00e9xico en <a itemprop=\"url\" href=\"https:\/\/www.eluniversal.com.mx\/mundo\/\" target=\"_blank\" rel=\"noreferrer nofollow noopener\" title=\"https:\/\/www.eluniversal.com.mx\/mundo\/\"><b>Espa\u00f1a<\/b><\/a>, <b>Quirino Ordaz<\/b>, en el cargo desde septiembre de 2022 tras ser nombrado por el anterior presidente, <a itemprop=\"url\" href=\"https:\/\/www.eluniversal.com.mx\/opinion\/hector-de-mauleon\/el-huachicol-operado-en-el-sexenio-de-amlo-desde-los-altos-niveles-de-la-marina\/\" target=\"_blank\" rel=\"noreferrer nofollow noopener\" title=\"https:\/\/www.eluniversal.com.mx\/opinion\/hector-de-mauleon\/el-huachicol-operado-en-el-sexenio-de-amlo-desde-los-altos-niveles-de-la-marina\/\"><b>Andr\u00e9s Manuel L\u00f3pez Obrador<\/b><\/a>, quien sucedi\u00f3 en el cargo a Pe\u00f1a Nieto.<\/p>\n<p itemprop=\"description\" class=\"sc__font-paragraph\"><b>Lee tambi\u00e9n <\/b><a itemprop=\"url\" href=\"https:\/\/www.eluniversal.com.mx\/nacion\/sheinbaum-problema-de-pemex-es-la-deuda-por-60-mil-mdd-en-sexenios-anteriores-proximo-lunes-iniciara-pago-a-proveedores\/\" target=\"_blank\" rel=\"noreferrer nofollow noopener\" title=\"https:\/\/www.eluniversal.com.mx\/nacion\/sheinbaum-problema-de-pemex-es-la-deuda-por-60-mil-mdd-en-sexenios-anteriores-proximo-lunes-iniciara-pago-a-proveedores\/\"><b>Sheinbaum: Problema de Pemex es la deuda por 60 mil mdd en sexenios anteriores; pr\u00f3ximo lunes iniciar\u00e1 pago a proveedores<\/b><\/a><\/p>\n<p itemprop=\"description\" class=\"sc__font-paragraph\">Pe\u00f1a Nieto, de 59 a\u00f1os, dirigi\u00f3 M\u00e9xico de 2012 a 2018 como representante del <a itemprop=\"url\" href=\"https:\/\/www.eluniversal.com.mx\/nacion\/no-tiene-experiencia-ni-trayectoria-pri-adelanta-que-voto-en-contra-de-designacion-de-genaro-lozano-como-embajador-de-italia\/\" target=\"_blank\" rel=\"noreferrer nofollow noopener\" title=\"https:\/\/www.eluniversal.com.mx\/nacion\/no-tiene-experiencia-ni-trayectoria-pri-adelanta-que-voto-en-contra-de-designacion-de-genaro-lozano-como-embajador-de-italia\/\"><b>Partido Revolucionario Institucional<\/b> <\/a>(PRI) y dos a\u00f1os despu\u00e9s obtuvo la <b>visa para residir en Espa\u00f1a<\/b> en su condici\u00f3n de <b>gran inversor<\/b>.<\/p>\n<p itemprop=\"description\" class=\"sc__font-paragraph\">En agosto de 2022, la<a itemprop=\"url\" href=\"https:\/\/www.eluniversal.com.mx\/nacion\/gertz-manero-rafael-ojeda-denuncio-corrupcion-en-la-marina-desde-hace-dos-anos-no-hizo-distincion-senala\/\" target=\"_blank\" rel=\"noreferrer nofollow noopener\" title=\"https:\/\/www.eluniversal.com.mx\/nacion\/gertz-manero-rafael-ojeda-denuncio-corrupcion-en-la-marina-desde-hace-dos-anos-no-hizo-distincion-senala\/\"> <b>Fiscal\u00eda General de la Rep\u00fablica<\/b><\/a><b> <\/b>(FGR) inform\u00f3 de que le investigaba por al menos tres casos de corrupci\u00f3n por delitos como<b> enriquecimiento il\u00edcito<\/b>, <b>lavado de dinero<\/b> y delitos de <b>car\u00e1cter electoral<\/b>.<\/p>\n<p itemprop=\"description\" class=\"sc__font-paragraph\">La misma instituci\u00f3n anunci\u00f3 el pasado mes de julio la apertura de una investigaci\u00f3n tras publicarse un reportaje que vinculaba a Pe\u00f1a Nieto con supuestos <b>sobornos<\/b> de 25 millones de d\u00f3lares para permitir el uso del pol\u00e9mico sistema de espionaje<b> <\/b><a itemprop=\"url\" href=\"https:\/\/www.eluniversal.com.mx\/nacion\/empresarios-israelies-sobornaron-a-pena-nieto-con-25-mdd-aseguraron-contratos-incluyendo-la-venta-de-pegasus\/\" target=\"_blank\" rel=\"noreferrer nofollow noopener\" title=\"https:\/\/www.eluniversal.com.mx\/nacion\/empresarios-israelies-sobornaron-a-pena-nieto-con-25-mdd-aseguraron-contratos-incluyendo-la-venta-de-pegasus\/\"><b>israel\u00ed Pegasus<\/b><\/a>.<\/p>\n<p itemprop=\"description\" class=\"sc__font-paragraph\"><b>Lee tambi\u00e9n <\/b><a itemprop=\"url\" href=\"https:\/\/www.eluniversal.com.mx\/nacion\/es-muy-pronto-para-saber-intencion-sheinbaum-por-reaparicion-de-pena-nieto-senala-investigacion-sobre-recursos-que-utilizo\/\" target=\"_blank\" rel=\"noreferrer nofollow noopener\" title=\"https:\/\/www.eluniversal.com.mx\/nacion\/es-muy-pronto-para-saber-intencion-sheinbaum-por-reaparicion-de-pena-nieto-senala-investigacion-sobre-recursos-que-utilizo\/\"><b>\u00abEs muy pronto para saber intenci\u00f3n\u00bb: Sheinbaum por reaparici\u00f3n de Pe\u00f1a Nieto; se\u00f1ala investigaci\u00f3n sobre recursos que utiliz\u00f3<\/b><\/a><\/p>\n<p itemprop=\"description\" class=\"sc__font-paragraph\">El torneo en el que tom\u00f3 parte el exmandatario mexicano lo organiza la<b> Fundaci\u00f3n Cl\u00ednica Menorca <\/b>desde hace 24 a\u00f1os con el fin de recaudar fondos para investigar la lucha contra el<b> <\/b><a itemprop=\"url\" href=\"https:\/\/www.eluniversal.com.mx\/nacion\/academica-de-la-unam-vincula-compuesto-quimico-a-cancer-de-mama-se-encuentra-en-contenedores-plasticos-y-cosmeticos\/\" target=\"_blank\" rel=\"noreferrer nofollow noopener\" title=\"https:\/\/www.eluniversal.com.mx\/nacion\/academica-de-la-unam-vincula-compuesto-quimico-a-cancer-de-mama-se-encuentra-en-contenedores-plasticos-y-cosmeticos\/\"><b>c\u00e1ncer de mam\u00e1<\/b><\/a><b> <\/b>y prevenir la enfermedad. <\/p>\n<p><a itemprop=\"url\" href=\"https:\/\/www.eluniversal.com.mx\/nacion\/secretaria-anticorrupcion-descarta-denuncias-de-soborno-por-caso-pena-nieto-pegasus-le-compete-a-la-fgr-senala\/\" class=\"event-cardsEmbed\" data-link=\"https:\/\/www.eluniversal.com.mx\/nacion\/secretaria-anticorrupcion-descarta-denuncias-de-soborno-por-caso-pena-nieto-pegasus-le-compete-a-la-fgr-senala\/\" data-seccion=\"\/nacion\" data-id=\"QEQFAQFNOJDIJOA4RRTEVE76ZY\" data-date=\"2025-08-29T16:34:30.775Z\" data-title=\"Secretar\u00eda Anticorrupci\u00f3n descarta denuncias de soborno por caso Pe\u00f1a Nieto-Pegasus; le compete a la FGR, se\u00f1ala\" data-imagen=\"https:\/\/cloudfront-us-east-1.images.arcpublishing.com\/eluniversal\/HP4Q2MDX5FBDNM44TYXNXPVJBY.jpg\" rel=\"nofollow noopener\" target=\"_blank\"><img decoding=\"async\" width=\"360\" height=\"269\" alt=\"Secretar\u00eda Anticorrupci\u00f3n descarta denuncias de soborno por caso Pe\u00f1a Nieto-Pegasus; le compete a la FGR, se\u00f1ala\" src=\"https:\/\/www.europesays.com\/es\/wp-content\/uploads\/2025\/09\/HP4Q2MDX5FBDNM44TYXNXPVJBY.jpg\" class=\"story__img block w-full h-auto md:h-full object-cover\" loading=\"lazy\"\/><\/a><br \/>\n  <strong><br \/>\n\t<a href=\" https:\/\/whatsapp.com\/channel\/0029Va4lfJc1CYoM1R8IT71e\"><br \/>\n\t<\/a><br \/>\n\t<\/strong> \u00a1EL UNIVERSAL ya est\u00e1 en Whatsapp!, desde tu dispositivo m\u00f3vil ent\u00e9rate de las noticias m\u00e1s relevantes del d\u00eda, art\u00edculos de opini\u00f3n, entretenimiento, tendencias y m\u00e1s.<\/p>\n<p><\/p>\n<p itemprop=\"description\" class=\"sc__font-paragraph\">ss\/mcc<\/p>\n","protected":false},"excerpt":{"rendered":"San Lorenzo de El Escorial. El expresidente de M\u00e9xico, Enrique Pe\u00f1a Nieto, quien reside en Madrid desde hace&hellip;\n","protected":false},"author":2,"featured_media":108595,"comment_status":"","ping_status":"","sticky":false,"template":"","format":"standard","meta":{"footnotes":""},"categories":[275],"tags":[12583,37402,8106,37408,4652,168,37401,37405,25,24,11948,37407,329,18685,37406,3516,17966,37404,37403,13543,7971,23,167,37409],"class_list":{"0":"post-108594","1":"post","2":"type-post","3":"status-publish","4":"format-standard","5":"has-post-thumbnail","7":"category-golf","8":"tag-andres-manuel-lopez-obrador","9":"tag-campo-de-golf","10":"tag-cancer-de-mama","11":"tag-caracter-electoral","12":"tag-delito","13":"tag-deportes","14":"tag-enrique-pena-nieto","15":"tag-enriquecimiento-ilicito","16":"tag-es","17":"tag-espana","18":"tag-fiscalia-general-de-la-republica","19":"tag-fundacion-clinica-menorca","20":"tag-golf","21":"tag-iker-casillas","22":"tag-israeli-pegasus","23":"tag-jose-luis-martinez-almeida","24":"tag-lavado-de-dinero","25":"tag-partido-revolucionario-institucional","26":"tag-raul-gonzalez","27":"tag-san-lorenzo","28":"tag-sobornos","29":"tag-spain","30":"tag-sports","31":"tag-torneo-de-golf"},"share_on_mastodon":{"url":"","error":""},"_links":{"self":[{"href":"https:\/\/www.europesays.com\/es\/wp-json\/wp\/v2\/posts\/108594","targetHints":{"allow":["GET"]}}],"collection":[{"href":"https:\/\/www.europesays.com\/es\/wp-json\/wp\/v2\/posts"}],"about":[{"href":"https:\/\/www.europesays.com\/es\/wp-json\/wp\/v2\/types\/post"}],"author":[{"embeddable":true,"href":"https:\/\/www.europesays.com\/es\/wp-json\/wp\/v2\/users\/2"}],"replies":[{"embeddable":true,"href":"https:\/\/www.europesays.com\/es\/wp-json\/wp\/v2\/comments?post=108594"}],"version-history":[{"count":0,"href":"https:\/\/www.europesays.com\/es\/wp-json\/wp\/v2\/posts\/108594\/revisions"}],"wp:featuredmedia":[{"embeddable":true,"href":"https:\/\/www.europesays.com\/es\/wp-json\/wp\/v2\/media\/108595"}],"wp:attachment":[{"href":"https:\/\/www.europesays.com\/es\/wp-json\/wp\/v2\/media?parent=108594"}],"wp:term":[{"taxonomy":"category","embeddable":true,"href":"https:\/\/www.europesays.com\/es\/wp-json\/wp\/v2\/categories?post=108594"},{"taxonomy":"post_tag","embeddable":true,"href":"https:\/\/www.europesays.com\/es\/wp-json\/wp\/v2\/tags?post=108594"}],"curies":[{"name":"wp","href":"https:\/\/api.w.org\/{rel}","templated":true}]}}