{"id":108622,"date":"2025-09-11T21:10:16","date_gmt":"2025-09-11T21:10:16","guid":{"rendered":"https:\/\/www.europesays.com\/es\/108622\/"},"modified":"2025-09-11T21:10:16","modified_gmt":"2025-09-11T21:10:16","slug":"un-camion-interceptado-en-la-n-121a-y-que-iba-camino-de-algeciras","status":"publish","type":"post","link":"https:\/\/www.europesays.com\/es\/108622\/","title":{"rendered":"un cami\u00f3n interceptado en la N-121A y que iba camino de Algeciras"},"content":{"rendered":"<p data-journey-content=\"true\" data-node-id=\"2\" class=\"body-text css-i9p093 emevuu60\">Ocurri\u00f3 durante un control rutinario en la carretera N-121A, principal eje de comunicaci\u00f3n del norte de la comunidad foral, a la altura de la localidad de Zozaia, provincia de Pamplona, donde agentes de la Polic\u00eda auton\u00f3mica navarra realizaban labores de vigilancia relacionadas con la seguridad vial. <\/p>\n<p data-journey-content=\"true\" data-node-id=\"5\" class=\"css-i9p093 emevuu60\"><a href=\"https:\/\/www.caranddriver.com\/es\/coches\/planeta-motor\/a62915706\/mossos-interceptan-en-la-ap-7-a-un-camion-tras-circular-32-horas-sin-parar\/\" target=\"_blank\" data-vars-ga-outbound-link=\"https:\/\/www.caranddriver.com\/es\/coches\/planeta-motor\/a62915706\/mossos-interceptan-en-la-ap-7-a-un-camion-tras-circular-32-horas-sin-parar\/\" data-vars-ga-ux-element=\"Hyperlink\" data-vars-ga-call-to-action=\"Los polic\u00edas se fijaron en un cami\u00f3n tipo trailer y le dieron el alto\" data-node-id=\"5.0\" class=\"body-link css-168zq96 emevuu60\" rel=\"nofollow noopener\">Los polic\u00edas se fijaron en un cami\u00f3n tipo trailer y le dieron el alto<\/a>, sin sospechar en un primer momento la cantidad de desperfectos que acumulaba el veh\u00edculo. De hecho, fueron nueve las infracciones denunciadas, circunstancia que ha propiciado que la Polic\u00eda Foral se refiriese al veh\u00edculo como \u00abbomba desactivada\u00bb.<\/p>\n<p>La Polic\u00eda inmoviliza el cami\u00f3n<\/p>\n<p data-journey-content=\"true\" data-node-id=\"8\" class=\"css-i9p093 emevuu60\">Los agentes identificaron al conductor, que se dirig\u00eda a Algeciras, pero dada la cantidad de irregularidades detectadas en el veh\u00edculo, el viaje fue frustrado. <\/p>\n<p><img draggable=\"true\" alt=\"text announcement regarding a traffic control involving a truck with violations\" title=\"text announcement regarding a traffic control involving a truck with violations\" loading=\"lazy\" width=\"1200\" height=\"1160\" decoding=\"async\" data-nimg=\"1\" style=\"color:transparent;width:100%;height:auto;\"   src=\"https:\/\/www.europesays.com\/es\/wp-content\/uploads\/2025\/09\/captura-de-pantalla-2025-09-04-a-las-14-16-20-68b98358197ee.jpg\" class=\"css-0 e1g79fud0\"\/><a target=\"_blank\" rel=\"noopener nofollow\" data-theme-key=\"base-link\" href=\"https:\/\/pinterest.com\/pin\/create\/button\/?url=https:\/\/www.caranddriver.com\/es\/coches\/planeta-motor\/a65829944\/la-bomba-desactivada-por-la-policia-foral-un-camion-interceptado-en-la-n-121a-y-que-iba-camino-de-algeciras\/&amp;description=&amp;media=https:\/\/hips.hearstapps.com\/hmg-prod\/images\/captura-de-pantalla-2025-09-04-a-las-14-16-20-68b98358197ee.jpg?resize=1600:*\" class=\"pinterest css-on9hn5 e1c1bym14\"><img decoding=\"async\" data-dynamic-svg=\"true\" src=\"https:\/\/www.caranddriver.com\/_assets\/design-tokens\/fre\/static\/icons\/social\/pinterest.e8cf655.svg?primary=%2523ffffff\" loading=\"lazy\" data-testid=\"dynamic-svg-base\" height=\"auto\" width=\"auto\" alt=\"pinterest\" class=\"css-4lml0h e1mlxuuw1\"\/><\/a><\/p>\n<p>Polic\u00eda Foral de Navarra<\/p>\n<p data-journey-content=\"true\" data-node-id=\"13\" class=\"css-i9p093 emevuu60\">La noticia ha trascendido gracias a una publicaci\u00f3n en la cuenta oficial de la Polic\u00eda Foral en la red social X, donde se detallan las sanciones impuestas a este conductor. Afectan tanto al remolque como a la cabeza tractora, porque se consideran veh\u00edculos independientes. El primero iba sin seguro, ni ITV y con los neum\u00e1ticos en mal estado.<\/p>\n<p data-journey-content=\"true\" data-node-id=\"15\" class=\"css-i9p093 emevuu60\">En cuanto a la cabeza tractora, tambi\u00e9n ten\u00eda las cubiertas mal, le faltaba un faro, no ten\u00eda seguro, <a href=\"https:\/\/www.caranddriver.com\/es\/movilidad\/trafico\/a60776108\/multas-por-ir-sin-itv\/\" target=\"_blank\" data-vars-ga-outbound-link=\"https:\/\/www.caranddriver.com\/es\/movilidad\/trafico\/a60776108\/multas-por-ir-sin-itv\/\" data-vars-ga-ux-element=\"Hyperlink\" data-vars-ga-call-to-action=\"tampoco ITV\" data-node-id=\"15.1\" class=\"body-link css-168zq96 emevuu60\" rel=\"nofollow noopener\">tampoco ITV<\/a> e incluso el veh\u00edculo estaba dado de baja.<\/p>\n<p>Equipamiento y mantenimiento para tu veh\u00edculo<a target=\"_blank\" rel=\"nofollow noopener\" data-theme-key=\"product-image-wrapper\" href=\"https:\/\/www.amazon.es\/dp\/B0CF281GGY?tag=caranddriveryf1-21\" aria-label=\"43\u00a0\u20ac en Amazon for Mini Nevera Bolero R\u00edo White 4L\" data-href=\"https:\/\/www.amazon.es\/dp\/B0CF281GGY\" data-product-url=\"https:\/\/www.amazon.es\/dp\/B0CF281GGY\" data-affiliate=\"true\" data-affiliate-url=\"https:\/\/www.amazon.es\/dp\/B0CF281GGY?tag=caranddriveryf1-21\" data-affiliate-network=\"{&quot;site_id&quot;:&quot;bf230aaf-b86d-4bc7-8e37-4bb98b5f8571&quot;,&quot;metadata&quot;:{&quot;links&quot;:{&quot;default&quot;:&quot;https:\/\/www.amazon.es\/dp\/B0CF281GGY?tag=caranddriveryf1-21&quot;}},&quot;network&quot;:{&quot;name&quot;:&quot;Amazon&quot;},&quot;product_metadata&quot;:null,&quot;afflink_redirect&quot;:&quot;\/_p\/afflink\/xEn0\/amazon-cecotec-mini-nevera-bolero-minicooling&quot;}\" data-vars-ga-call-to-action=\"43\u00a0\u20ac en Amazon\" data-vars-ga-media-role=\"1\" data-vars-ga-media-type=\"Embedded Gallery List\" data-vars-ga-outbound-link=\"https:\/\/www.amazon.es\/dp\/B0CF281GGY\" data-vars-ga-product-brand=\"Cecotec\" data-vars-ga-product-id=\"977ffefc-b394-41a6-8bab-f1f81b23473e\" data-vars-ga-product-price=\"42,90\u00a0\u20ac\" data-vars-ga-product-retailer-id=\"545cd78c-54dd-486e-99dd-b1731cb2bf7b\" data-vars-ga-product-sem3-brand=\"Cecotec\" data-vars-ga-product-sem3-category=\"Neveras de viaje\" data-vars-ga-gallery-display=\"list\" data-vars-ga-link-treatment=\"sale | (not set)\" data-vars-ga-sku=\"B0CF281GGY\" data-vars-ga-magento-tracking=\"1\" class=\"product-image-link ebgq4gw2 e1b8bpvs0 css-g6od0w e1c1bym14\"><img  alt=\"Mini Nevera Bolero R\u00edo White 4L\" title=\"Mini Nevera Bolero R\u00edo White 4L\" src=\"https:\/\/www.europesays.com\/es\/wp-content\/uploads\/2025\/09\/1755158148-31u3ZSCvPHL.jpg\" width=\"1000\" height=\"1000\" decoding=\"async\" loading=\"lazy\"\/><\/a>Cecotec Mini Nevera Bolero R\u00edo White 4L<\/p>\n<p>Ahora 20% de descuento<\/p>\n<p>Cr\u00e9dito: Cecotec<a target=\"_blank\" rel=\"nofollow noopener\" data-theme-key=\"product-image-wrapper\" href=\"https:\/\/www.amazon.es\/dp\/B0D986Z3PY?tag=caranddriveryf1-21\" aria-label=\"46\u00a0\u20ac en Amazon for Aspiradora de Mano para Coche\" data-href=\"https:\/\/www.amazon.es\/dp\/B0D986Z3PY\" data-product-url=\"https:\/\/www.amazon.es\/dp\/B0D986Z3PY\" data-affiliate=\"true\" data-affiliate-url=\"https:\/\/www.amazon.es\/dp\/B0D986Z3PY?tag=caranddriveryf1-21\" data-affiliate-network=\"{&quot;site_id&quot;:&quot;bf230aaf-b86d-4bc7-8e37-4bb98b5f8571&quot;,&quot;metadata&quot;:{&quot;links&quot;:{&quot;default&quot;:&quot;https:\/\/www.amazon.es\/dp\/B0D986Z3PY?tag=caranddriveryf1-21&quot;}},&quot;network&quot;:{&quot;name&quot;:&quot;Amazon&quot;},&quot;product_metadata&quot;:null,&quot;afflink_redirect&quot;:&quot;\/_p\/afflink\/uXk9\/amazon-aspiradora-mano-coche-aspirador-potente&quot;}\" data-vars-ga-call-to-action=\"46\u00a0\u20ac en Amazon\" data-vars-ga-media-role=\"1\" data-vars-ga-media-type=\"Embedded Gallery List\" data-vars-ga-outbound-link=\"https:\/\/www.amazon.es\/dp\/B0D986Z3PY\" data-vars-ga-product-brand=\"Tianyueweilai\" data-vars-ga-product-id=\"ad587fe1-40be-432f-90cb-7d8eecc0fb8e\" data-vars-ga-product-price=\"45,99\u00a0\u20ac\" data-vars-ga-product-retailer-id=\"67fe950e-9e85-49a7-8c40-fb3619f0896a\" data-vars-ga-product-sem3-brand=\"Tianyueweilai\" data-vars-ga-product-sem3-category=\"Aspiradoras de mano\" data-vars-ga-gallery-display=\"list\" data-vars-ga-link-treatment=\"(not set) | (not set)\" data-vars-ga-sku=\"B0D986Z3PY\" data-vars-ga-magento-tracking=\"1\" class=\"product-image-link ebgq4gw2 e1b8bpvs0 css-g6od0w e1c1bym14\"><img  alt=\"Aspiradora de Mano para Coche\" title=\"Aspiradora de Mano para Coche\" src=\"https:\/\/www.europesays.com\/es\/wp-content\/uploads\/2025\/09\/1731954281-61FmURokaHL.jpg\" width=\"1600\" height=\"1600\" decoding=\"async\" loading=\"lazy\"\/><\/a>Tianyueweilai Aspiradora de Mano para CocheCr\u00e9dito: Tianyueweilai<a target=\"_blank\" rel=\"nofollow noopener\" data-theme-key=\"product-image-wrapper\" href=\"https:\/\/www.amazon.es\/dp\/B001CZODH8?tag=caranddriveryf1-21\" aria-label=\"17\u00a0\u20ac en Amazon for Protecci\u00f3n Cer\u00e1mica Contra el Desgaste para Motores de Gasolina\" data-href=\"https:\/\/www.amazon.es\/dp\/B001CZODH8\" data-product-url=\"https:\/\/www.amazon.es\/dp\/B001CZODH8\" data-affiliate=\"true\" data-affiliate-url=\"https:\/\/www.amazon.es\/dp\/B001CZODH8?tag=caranddriveryf1-21\" data-affiliate-network=\"{&quot;site_id&quot;:&quot;bf230aaf-b86d-4bc7-8e37-4bb98b5f8571&quot;,&quot;metadata&quot;:{&quot;links&quot;:{&quot;default&quot;:&quot;https:\/\/www.amazon.es\/dp\/B001CZODH8?tag=caranddriveryf1-21&quot;}},&quot;network&quot;:{&quot;name&quot;:&quot;Amazon&quot;},&quot;product_metadata&quot;:null,&quot;afflink_redirect&quot;:&quot;\/_p\/afflink\/uXkH\/amazon-liqui-moly-aditivo-ceramico-para&quot;}\" data-vars-ga-call-to-action=\"17\u00a0\u20ac en Amazon\" data-vars-ga-media-role=\"1\" data-vars-ga-media-type=\"Embedded Gallery List\" data-vars-ga-outbound-link=\"https:\/\/www.amazon.es\/dp\/B001CZODH8\" data-vars-ga-product-brand=\"Liqui Moly\" data-vars-ga-product-id=\"50b531bb-6adb-4d8e-aedf-a07146424ca1\" data-vars-ga-product-price=\"17,20\u00a0\u20ac\" data-vars-ga-product-retailer-id=\"a2fbff0d-7407-4da1-86c7-60a7bb1e67e7\" data-vars-ga-product-sem3-brand=\"Liqui Moly\" data-vars-ga-gallery-display=\"list\" data-vars-ga-link-treatment=\"sale | (not set)\" data-vars-ga-sku=\"B001CZODH8\" data-vars-ga-magento-tracking=\"1\" class=\"product-image-link ebgq4gw2 e1b8bpvs0 css-g6od0w e1c1bym14\"><img  alt=\"Protecci\u00f3n Cer\u00e1mica Contra el Desgaste para Motores de Gasolina\" title=\"Protecci\u00f3n Cer\u00e1mica Contra el Desgaste para Motores de Gasolina\" src=\"https:\/\/www.europesays.com\/es\/wp-content\/uploads\/2025\/09\/1697022051-71PuC-M61HL.jpg\" width=\"1500\" height=\"1500\" decoding=\"async\" loading=\"lazy\"\/><\/a>Liqui Moly Protecci\u00f3n Cer\u00e1mica Contra el Desgaste para Motores de Gasolina<\/p>\n<p>Ahora 42% de descuento<\/p>\n<p>Cr\u00e9dito: Ceratec<img src=\"https:\/\/www.europesays.com\/es\/wp-content\/uploads\/2025\/09\/b3e08b4e-fdb1-4ca3-9d6d-3ec5a9e35441_1657701750.file\" alt=\"Headshot of Rodrigo Pareja\" title=\"Headshot of Rodrigo Pareja\" width=\"100%\" height=\"100%\" decoding=\"async\" loading=\"lazy\" class=\"css-o0wq4v ev8dhu53\"\/><\/p>\n<p>Periodista especializado en movilidad en todas sus variantes: coche, moto, bicicleta, patinete el\u00e9ctrico&#8230; y no siempre por este orden, dado que la forma en la que nos desplazamos est\u00e1 cambiando. M\u00e1s de 20 a\u00f1os de experiencia en el mundo del autom\u00f3vil y en constante adaptaci\u00f3n en un sector que no deja de generar noticias. \u00a0\u00a0<\/p>\n","protected":false},"excerpt":{"rendered":"Ocurri\u00f3 durante un control rutinario en la carretera N-121A, principal eje de comunicaci\u00f3n del norte de la comunidad&hellip;\n","protected":false},"author":2,"featured_media":108623,"comment_status":"","ping_status":"","sticky":false,"template":"","format":"standard","meta":{"footnotes":""},"categories":[8],"tags":[17,18,253,25,24,13,14,11,19,20,9,10,15,16,23,12,21,22],"class_list":{"0":"post-108622","1":"post","2":"type-post","3":"status-publish","4":"format-standard","5":"has-post-thumbnail","7":"category-espana","8":"tag-breaking-news","9":"tag-breakingnews","10":"tag-discover","11":"tag-es","12":"tag-espana","13":"tag-featured-news","14":"tag-featurednews","15":"tag-headlines","16":"tag-latest-news","17":"tag-latestnews","18":"tag-news","19":"tag-noticias","20":"tag-noticias-destacadas","21":"tag-noticiasdestacadas","22":"tag-spain","23":"tag-titulares","24":"tag-ultimas-noticias","25":"tag-ultimasnoticias"},"share_on_mastodon":{"url":"","error":""},"_links":{"self":[{"href":"https:\/\/www.europesays.com\/es\/wp-json\/wp\/v2\/posts\/108622","targetHints":{"allow":["GET"]}}],"collection":[{"href":"https:\/\/www.europesays.com\/es\/wp-json\/wp\/v2\/posts"}],"about":[{"href":"https:\/\/www.europesays.com\/es\/wp-json\/wp\/v2\/types\/post"}],"author":[{"embeddable":true,"href":"https:\/\/www.europesays.com\/es\/wp-json\/wp\/v2\/users\/2"}],"replies":[{"embeddable":true,"href":"https:\/\/www.europesays.com\/es\/wp-json\/wp\/v2\/comments?post=108622"}],"version-history":[{"count":0,"href":"https:\/\/www.europesays.com\/es\/wp-json\/wp\/v2\/posts\/108622\/revisions"}],"wp:featuredmedia":[{"embeddable":true,"href":"https:\/\/www.europesays.com\/es\/wp-json\/wp\/v2\/media\/108623"}],"wp:attachment":[{"href":"https:\/\/www.europesays.com\/es\/wp-json\/wp\/v2\/media?parent=108622"}],"wp:term":[{"taxonomy":"category","embeddable":true,"href":"https:\/\/www.europesays.com\/es\/wp-json\/wp\/v2\/categories?post=108622"},{"taxonomy":"post_tag","embeddable":true,"href":"https:\/\/www.europesays.com\/es\/wp-json\/wp\/v2\/tags?post=108622"}],"curies":[{"name":"wp","href":"https:\/\/api.w.org\/{rel}","templated":true}]}}