{"id":108628,"date":"2025-09-11T21:17:09","date_gmt":"2025-09-11T21:17:09","guid":{"rendered":"https:\/\/www.europesays.com\/es\/108628\/"},"modified":"2025-09-11T21:17:09","modified_gmt":"2025-09-11T21:17:09","slug":"detenidos-dos-manifestantes-por-saltar-al-recorrido-de-la-vuelta-en-valladolid","status":"publish","type":"post","link":"https:\/\/www.europesays.com\/es\/108628\/","title":{"rendered":"Detenidos dos manifestantes por saltar al recorrido de la Vuelta en Valladolid"},"content":{"rendered":"\n<p>  11\/09\/2025 &#8211; 17:05  Actualizado: 11\/09\/2025 &#8211; 19:26   <\/p>\n<p> Dos manifestantes <strong>han sido detenidos <\/strong>este jueves por<a href=\"https:\/\/www.elconfidencial.com\/espana\/2025-09-10\/despliegue-vuelta-agentas-palestina-gaza-protestas_4206330\/\" target=\"_self\" rel=\"nofollow noopener\"> agentes de la Polic\u00eda Nacional<\/a> tras<strong> saltar al recorrido<\/strong> del circuito de <a href=\"https:\/\/www.elconfidencial.com\/espana\/2025-09-10\/antidisturbios-expertos-informacion-isalvar-vuelta-madrid-reunion-clave_4205718\/\" target=\"_self\" rel=\"nofollow noopener\">la Vuelta Ciclista a Espa\u00f1a<\/a>, que celebra su 18 etapa con una contrarreloj por las calles de Valladolid. <\/p>\n<p> Seg\u00fan han informado a EFE fuentes policiales, el incidente ha tenido lugar en la subida que une<strong> la plaza de la Antigua con la plaza de la Universidad<\/strong>, lugar en el que dos personas<strong> han saltado las vallas <\/strong>que limitaban el circuito y han sido <strong>interceptadas por los agentes<\/strong>, mientras que un tercer manifestante ha intentado tambi\u00e9n acceder, sin \u00e9xito, al lugar en el que transcurr\u00eda la prueba. <\/p>\n<p> Como han indicado estas mismas fuentes,<strong> el incidente no ha interferido<\/strong> en <a href=\"https:\/\/www.elconfidencial.com\/deportes\/ciclismo\/2025-09-09\/vuelta-espana-protestas-ciclismo-caos-1hms_4205511\/\" target=\"_self\" rel=\"nofollow noopener\">el transcurso de la prueba<\/a>, ya que en ese momento <strong>no circulaba ning\u00fan corredor<\/strong> ni veh\u00edculo por la zona. <\/p>\n<p> Las detenciones han acontecido mientras <strong>centenares de personas protestaban<\/strong> a lo largo del recorrido, de unos 12 kil\u00f3metros, para denunciar <a href=\"https:\/\/www.elconfidencial.com\/espana\/2025-09-08\/sanchez-cierra-el-espacio-espanol-a-las-armas-destinadas-a-israel-para-denunciar-el_4204298\/\" target=\"_self\" rel=\"nofollow noopener\">el \u00abgenocidio israel\u00ed en Gaza\u00bb<\/a> y para protestar por la participaci\u00f3n de un equipo de ese pa\u00eds en esta competici\u00f3n ciclista. <\/p>\n<p>              <img decoding=\"async\" class=\"inTextNews__img\" alt=\"Foto: antidisturbios-expertos-informacion-isalvar-vuelta-madrid-reunion-clave\" src=\"https:\/\/www.europesays.com\/es\/wp-content\/uploads\/2025\/09\/f.elconfidencial.com\/original\/3e2\/f97\/cbe\/3e2f97cbef1d9217a34f2322a055b97a.jpg\"  \/>     <\/p>\n<p>TE PUEDE INTERESAR<\/p>\n<p>      <a class=\"inTextNews__title\" href=\"https:\/\/www.elconfidencial.com\/espana\/2025-09-10\/antidisturbios-expertos-informacion-isalvar-vuelta-madrid-reunion-clave_4205718\/\" onclick=\"window.ECCO.emit(&#039;amplitude&#039;, { dataEventName: &#039;click_related_article_module&#039;, data: { related_article_url: &#039;https:\/\/www.elconfidencial.com\/espana\/2025-09-10\/antidisturbios-expertos-informacion-isalvar-vuelta-madrid-reunion-clave_4205718\/&#039;, related_article_author: &#039;Alejandro Requeijo&#039;, related_article_section: &#039;espana&#039; } })\" rel=\"nofollow noopener\" target=\"_blank\"> Los ciclistas votan y parar\u00e1n definitivamente La Vuelta si se sienten inseguros <\/a>   <\/p>\n<p>    Alejandro Requeijo   <\/p>\n<p> Los manifestantes se han concentrado <strong>en media docena de puntos<\/strong> repartidos por el recorrido de la crono, que ayer por la noche <strong>se redujo casi a la mitad<\/strong> de kil\u00f3metros por motivos de seguridad. <\/p>\n<p> Gritos de<a href=\"https:\/\/www.elconfidencial.com\/deportes\/ciclismo\/2025-09-06\/israel-la-vuelta-equipo-nombre-maillot-protestas_4203777\/\" target=\"_self\" rel=\"nofollow noopener\"> \u00abboicot a Israel\u00bb<\/a> y <strong>\u00abfuera\u00bb <\/strong>al paso de los integrantes del<a href=\"https:\/\/www.elconfidencial.com\/espana\/2025-09-04\/el-director-del-israel-premier-tech-en-la-vuelta_4202758\/\" target=\"_self\" rel=\"nofollow noopener\"> equipo Israel Premier Tech<\/a> se han podido o\u00edr a lo largo de la prueba en puntos como la rotonda del puente de Adolfo Su\u00e1rez con Huerta del Rey. <\/p>\n<p>              <img decoding=\"async\" class=\"inTextNews__img\" alt=\"Foto: director-israel-premier-tech-la-vuelta\" src=\"https:\/\/www.europesays.com\/es\/wp-content\/uploads\/2025\/09\/f.elconfidencial.com\/original\/053\/bdd\/1c8\/053bdd1c8c29aebb3f7b67b0a70b9301.jpg\"  \/>     <\/p>\n<p>TE PUEDE INTERESAR<\/p>\n<p>      <a class=\"inTextNews__title\" href=\"https:\/\/www.elconfidencial.com\/deportes\/ciclismo\/2025-09-04\/director-israel-premier-tech-la-vuelta_4202758\/\" onclick=\"window.ECCO.emit(&#039;amplitude&#039;, { dataEventName: &#039;click_related_article_module&#039;, data: { related_article_url: &#039;https:\/\/www.elconfidencial.com\/deportes\/ciclismo\/2025-09-04\/director-israel-premier-tech-la-vuelta_4202758\/&#039;, related_article_author: &#039;Alejandro Requeijo&#039;, related_article_section: &#039;ciclismo&#039; } })\" rel=\"nofollow noopener\" target=\"_blank\"> El director del Israel-Premier Tech en La Vuelta: \u00abNo nos vamos a rendir, ser\u00eda un precedente\u00bb <\/a>   <\/p>\n<p>    Alejandro Requeijo   <\/p>\n<p> Sin embargo, <strong>el punto de m\u00e1s tensi\u00f3n<\/strong> ha estado en la plaza de la Universidad, a pocos metros de donde<strong> se han producido las detenciones<\/strong>, en el lugar en el que se ha ubicado la concentraci\u00f3n m\u00e1s numerosa de todas. <\/p>\n<p> Todo ello en una ciudad que <strong>se ha despertado blindada<\/strong> desde primera hora de la ma\u00f1ana con un despliegue de cerca de <strong>un millar de agentes<\/strong>, entre Polic\u00eda Local, Polic\u00eda Nacional y Guardia Civil. <\/p>\n<p> De hecho, en las inmediaciones de la salida, agentes de la Polic\u00eda Nacional han limitado el acceso<a href=\"https:\/\/www.elconfidencial.com\/espana\/madrid\/2025-09-11\/bandera-palestina-comprar-vuelta-espana-israel_4206310\/\" target=\"_self\" rel=\"nofollow noopener\"> a personas con s\u00edmbolos palestinos <\/a>como banderas o kufiya, seg\u00fan ha denunciado el portavoz nacional de Podemos, <strong>Pablo Fern\u00e1ndez<\/strong>, procurador en las Cortes de Castilla y Le\u00f3n, que ha sido identificado por los agentes y que ayer apel\u00f3 a la ciudadan\u00eda a <strong>boicotear la competici\u00f3n.<\/strong> <\/p>\n<p>            Denuncia por delito de odio           <\/p>\n<p> El <strong>Grupo Parlamentario de Vox<\/strong> ha anunciado este jueves que ha presentado<strong> una denuncia ante la Fiscal\u00eda<\/strong> contra Pablo Fern\u00e1ndez a quien atribuyen la supuesta comisi\u00f3n de<a href=\"https:\/\/www.elconfidencial.com\/espana\/2025-09-11\/netanyahu-acusa-sanchez-lanzar-amenaza-genocida-israel_4207128\/\" target=\"_self\" rel=\"nofollow noopener\"> un delito de odio contra los israel\u00edes<\/a>, por las palabras pronunciadas en el marco de las protestas de la Vuelta. <\/p>\n<p> Para Vox, el dirigente de Podemos est\u00e1 \u00abllamando a<strong> la animadversi\u00f3n contra un colectivo<\/strong> por su origen nacional y \u00e9tnico y, adem\u00e1s, atenta contra la libertad de empresa y los derechos de los ciclistas en tanto que trabajadores\u00bb. <\/p>\n<p> Este mi\u00e9rcoles, <strong>la Audiencia Nacional abri\u00f3 diligencias<\/strong> a ra\u00edz de otra denuncia en la que se pide investigar <strong>a los promotores de las protestas <\/strong>por delito de odio contra el equipo de Israel. <strong>La Fiscal\u00eda se ha opuesto<\/strong> a que sea este tribunal quien asuma la investigaci\u00f3n ya que los hechos denunciados <strong>no son de su competencia<\/strong> al no estar contenidos en ninguno de los supuestos del art\u00edculo 65 de la LOPJ. <\/p>\n","protected":false},"excerpt":{"rendered":"11\/09\/2025 &#8211; 17:05 Actualizado: 11\/09\/2025 &#8211; 19:26 Dos manifestantes han sido detenidos este jueves por agentes de la&hellip;\n","protected":false},"author":2,"featured_media":108629,"comment_status":"","ping_status":"","sticky":false,"template":"","format":"standard","meta":{"footnotes":""},"categories":[273],"tags":[313,312,168,25,24,23,167],"class_list":{"0":"post-108628","1":"post","2":"type-post","3":"status-publish","4":"format-standard","5":"has-post-thumbnail","7":"category-ciclismo","8":"tag-ciclismo","9":"tag-cycling","10":"tag-deportes","11":"tag-es","12":"tag-espana","13":"tag-spain","14":"tag-sports"},"share_on_mastodon":{"url":"","error":""},"_links":{"self":[{"href":"https:\/\/www.europesays.com\/es\/wp-json\/wp\/v2\/posts\/108628","targetHints":{"allow":["GET"]}}],"collection":[{"href":"https:\/\/www.europesays.com\/es\/wp-json\/wp\/v2\/posts"}],"about":[{"href":"https:\/\/www.europesays.com\/es\/wp-json\/wp\/v2\/types\/post"}],"author":[{"embeddable":true,"href":"https:\/\/www.europesays.com\/es\/wp-json\/wp\/v2\/users\/2"}],"replies":[{"embeddable":true,"href":"https:\/\/www.europesays.com\/es\/wp-json\/wp\/v2\/comments?post=108628"}],"version-history":[{"count":0,"href":"https:\/\/www.europesays.com\/es\/wp-json\/wp\/v2\/posts\/108628\/revisions"}],"wp:featuredmedia":[{"embeddable":true,"href":"https:\/\/www.europesays.com\/es\/wp-json\/wp\/v2\/media\/108629"}],"wp:attachment":[{"href":"https:\/\/www.europesays.com\/es\/wp-json\/wp\/v2\/media?parent=108628"}],"wp:term":[{"taxonomy":"category","embeddable":true,"href":"https:\/\/www.europesays.com\/es\/wp-json\/wp\/v2\/categories?post=108628"},{"taxonomy":"post_tag","embeddable":true,"href":"https:\/\/www.europesays.com\/es\/wp-json\/wp\/v2\/tags?post=108628"}],"curies":[{"name":"wp","href":"https:\/\/api.w.org\/{rel}","templated":true}]}}