{"id":108660,"date":"2025-09-11T21:33:09","date_gmt":"2025-09-11T21:33:09","guid":{"rendered":"https:\/\/www.europesays.com\/es\/108660\/"},"modified":"2025-09-11T21:33:09","modified_gmt":"2025-09-11T21:33:09","slug":"desalojan-a-los-obreros-del-museo-arqueologico-por-la-posible-presencia-de-gripe-aviar-en-el-parque-de-maria-luisa","status":"publish","type":"post","link":"https:\/\/www.europesays.com\/es\/108660\/","title":{"rendered":"Desalojan a los obreros del Museo Arqueol\u00f3gico por la posible presencia de gripe aviar en el Parque de Mar\u00eda Luisa"},"content":{"rendered":"<p style=\"\">A petici\u00f3n del Ayuntamiento de Sevilla, muy pendiente de todo lo que rodea al tema por parte de la delegaci\u00f3n de Parques y Jardines, la Polic\u00eda Local desaloj\u00f3 el pasado jueves a los obreros que vienen trabajando en las obras de m\u00e1s de tres a\u00f1os  &#8230; de duraci\u00f3n previstas en el<strong> Museo Arqueol\u00f3gico de Sevilla<\/strong> ubicado en el coraz\u00f3n del Parque de Mar\u00eda Luisa, que fue clausurado de forma preventiva en la misma jornada al haber sido encontradas cinco aves muertas por un nuevo posible brote de gripe aviar, extremo que s\u00ed fue confirmado oficialmente por el Gobierno de Espa\u00f1a tanto en el Alc\u00e1zar de Sevilla como en La Puebla del R\u00edo, alcanzando hasta la fecha los cinco brotes existentes entre la capital y la provincia en una cuesti\u00f3n de salud que se sigue extendiendo conforme pasan los d\u00edas.<\/p>\n<p class=\"voc-p\" style=\"\">Dicha medida atiende al <a href=\"https:\/\/www.juntadeandalucia.es\/organismos\/consejo\/sesion\/detalle\/606199.html\" target=\"_self\" data-voc-vtm-id=\"in-text-traffic\" title=\"protocolo expedido por la Consejer\u00eda de Salud y Consumo adscrita a la Junta de Andaluc\u00eda\" data-mrf-link=\"www.juntadeandalucia.es\" rel=\"nofollow noopener\">protocolo expedido por la Consejer\u00eda de Salud y Consumo adscrita a la Junta de Andaluc\u00eda<\/a>, en el que se fijan distintas l\u00edneas a seguir en materia de prevenci\u00f3n para evitar cualquier tipo de contacto humano y de otros seres vivos con las aves que se han visto afectadas, entre las que se encuentran una formaci\u00f3n espec\u00edfica y el uso de equipos de protecci\u00f3n, y un sistema de vigilancia para la apertura diaria y antes de cerrar para detectar posibles aves enfermas. La primera medida dr\u00e1stica impuesta por el gobierno de Sanz m\u00e1s all\u00e1 del trabajo preventivo que se viene haciendo semanas ha fue la de<strong> cerrar a cal y canto el parque m\u00e1s visitado <\/strong><strong>de la ciudad sin fecha de reapertura<\/strong> con el fin de evitar la propagaci\u00f3n de nuevos brotes y otros casos de gripe aviar. No en vano la Plaza de Espa\u00f1a sigue abierta, pero en lo que viene siendo el parque se evita as\u00ed el acceso tanto de los vecinos como de los turistas al recinto con la intenci\u00f3n de que no se acerque nadie m\u00e1s al estanque en el que murieron los patos.<\/p>\n<p class=\"voc-p\" style=\"\">Pese a que los obreros del Arqueol\u00f3gico, cuya competencia recae sobre la Consejer\u00eda de Cultura de la Junta de Andaluc\u00eda, fueron desalojados por la polic\u00eda de sus respectivos puestos de trabajo, <strong>s\u00ed que se mantuvieron otros colectivos en el desarrollo normal de sus tareas<\/strong> cercanos a la isleta de los p\u00e1jaros y el jard\u00edn de los leones, como por ejemplo miembros de la producci\u00f3n del equipo de Sequidiv\u00fa, que desde las 7.00 de la ma\u00f1ana y hasta las 21.00 de la noche contaban con el permiso necesario para poder trabajar en libertad en un recinto que est\u00e1 ahora m\u00e1s que nunca bajo lupa, al igual que sucede con otras zonas verdes de la ciudad y la provincia, por la posibilidad de que los brotes sigan multiplic\u00e1ndose a medida que vayan avanzando los d\u00edas.<\/p>\n<p><img decoding=\"async\" loading=\"lazy\" src=\"https:\/\/www.europesays.com\/es\/wp-content\/uploads\/2025\/09\/turistas-parque-luisa-U68404627146KDS-760x427@diario_abc.jpeg\" class=\"voc-img\" width=\"760\" height=\"427\" alt=\"Numerosos turistas se topan con las puertas de entrada al Parque de Mar\u00eda Luisa cerradas el pasado jueves\" data-voc-vtm-id=\"in-text-traffic\"\/><\/p>\n<p>Numerosos turistas se topan con las puertas de entrada al Parque de Mar\u00eda Luisa cerradas el pasado jueves<\/p>\n<p>V\u00edctor Rodr\u00edguez \/ ABC<\/p>\n<p>\nSorpresa entre turistas y vecinos\n<\/p>\n<p class=\"voc-p\" style=\"\">La reacci\u00f3n de los turistas al ver las vallas en las que se cerr\u00f3 el Parque de Mar\u00eda Luisa fue un\u00e1nime: del estupor pasaron a los interrogantes y a comprender que al final el asunto no deja de ser un problema de salud p\u00fablica, pero tambi\u00e9n <strong>una pena para quienes viajaron<\/strong> para disfrutar de Sevilla estos d\u00edas en todo su esplendor. Una pareja inglesa as\u00ed lo comprend\u00eda, Mark y Angela, al no entender por qu\u00e9 en un d\u00eda tan soleado no pod\u00edan pasear libremente por el Mar\u00eda Luisa. \u00abEntendemos que si es por la seguridad de la gente, es un mal menor que cierren temporalmente el parque\u00bb, aseguraban a este medio. Un joven sevillano que responde al nombre Ricardo no pod\u00eda cruzar a mediod\u00eda corriendo este pulm\u00f3n verde de la ciudad, as\u00ed que se vio obligado a cambiar su itinerario. M\u00e1s triste se mostr\u00f3 una familia entera de origen oriental, que tambi\u00e9n tuvo que rodear todo el recinto para echarse una foto con la plaza monumental que imagin\u00f3 un buen d\u00eda An\u00edbal Gonz\u00e1lez. \u00abSevilla sigue siendo bonita por m\u00e1s que la encierren\u00bb, arguy\u00f3 una vecina que paseaba a su perro.<\/p>\n","protected":false},"excerpt":{"rendered":"A petici\u00f3n del Ayuntamiento de Sevilla, muy pendiente de todo lo que rodea al tema por parte de&hellip;\n","protected":false},"author":2,"featured_media":108661,"comment_status":"","ping_status":"","sticky":false,"template":"","format":"standard","meta":{"footnotes":""},"categories":[8],"tags":[37433,29997,17,18,18322,25,24,13,14,7749,11,19,20,31581,1932,470,9,10,15,16,37432,5993,2397,2682,23,12,21,22],"class_list":{"0":"post-108660","1":"post","2":"type-post","3":"status-publish","4":"format-standard","5":"has-post-thumbnail","7":"category-espana","8":"tag-arqueologico","9":"tag-aviar","10":"tag-breaking-news","11":"tag-breakingnews","12":"tag-desalojan","13":"tag-es","14":"tag-espana","15":"tag-featured-news","16":"tag-featurednews","17":"tag-gripe","18":"tag-headlines","19":"tag-latest-news","20":"tag-latestnews","21":"tag-luisa","22":"tag-maria","23":"tag-museo","24":"tag-news","25":"tag-noticias","26":"tag-noticias-destacadas","27":"tag-noticiasdestacadas","28":"tag-obreros","29":"tag-parque","30":"tag-posible","31":"tag-presencia","32":"tag-spain","33":"tag-titulares","34":"tag-ultimas-noticias","35":"tag-ultimasnoticias"},"share_on_mastodon":{"url":"","error":""},"_links":{"self":[{"href":"https:\/\/www.europesays.com\/es\/wp-json\/wp\/v2\/posts\/108660","targetHints":{"allow":["GET"]}}],"collection":[{"href":"https:\/\/www.europesays.com\/es\/wp-json\/wp\/v2\/posts"}],"about":[{"href":"https:\/\/www.europesays.com\/es\/wp-json\/wp\/v2\/types\/post"}],"author":[{"embeddable":true,"href":"https:\/\/www.europesays.com\/es\/wp-json\/wp\/v2\/users\/2"}],"replies":[{"embeddable":true,"href":"https:\/\/www.europesays.com\/es\/wp-json\/wp\/v2\/comments?post=108660"}],"version-history":[{"count":0,"href":"https:\/\/www.europesays.com\/es\/wp-json\/wp\/v2\/posts\/108660\/revisions"}],"wp:featuredmedia":[{"embeddable":true,"href":"https:\/\/www.europesays.com\/es\/wp-json\/wp\/v2\/media\/108661"}],"wp:attachment":[{"href":"https:\/\/www.europesays.com\/es\/wp-json\/wp\/v2\/media?parent=108660"}],"wp:term":[{"taxonomy":"category","embeddable":true,"href":"https:\/\/www.europesays.com\/es\/wp-json\/wp\/v2\/categories?post=108660"},{"taxonomy":"post_tag","embeddable":true,"href":"https:\/\/www.europesays.com\/es\/wp-json\/wp\/v2\/tags?post=108660"}],"curies":[{"name":"wp","href":"https:\/\/api.w.org\/{rel}","templated":true}]}}