{"id":108664,"date":"2025-09-11T21:36:08","date_gmt":"2025-09-11T21:36:08","guid":{"rendered":"https:\/\/www.europesays.com\/es\/108664\/"},"modified":"2025-09-11T21:36:08","modified_gmt":"2025-09-11T21:36:08","slug":"emilio-de-justo-pedalea-hasta-la-puerta-grande-y-se-gana-la-sustitucion-de-morante","status":"publish","type":"post","link":"https:\/\/www.europesays.com\/es\/108664\/","title":{"rendered":"Emilio de Justo pedalea hasta la puerta grande y se gana la sustituci\u00f3n de Morante"},"content":{"rendered":"<p style=\"\">Andaba con el pulso acelerado <a href=\"https:\/\/www.abc.es\/cultura\/toros\/revolucion-taquilla-morbo-ver-juntos-morante-roca-20250910145154-nt.html\" target=\"_self\" data-voc-vtm-id=\"in-text-traffic\" title=\"Valladolid\" rel=\"nofollow noopener\">Valladolid<\/a> ya de buena ma\u00f1ana. Desde los corrales del coso de Zorrilla se escuchaba el zumbido de las ruedas finas de las bicis y el de los abejorros de las consignas pol\u00edticas mientras las gentes reinventaban rutas para llegar  &#8230; a su destino. Las cintas blancas y los conos naranjas se extend\u00edan por las calles y las furgonetas de la Vuelta pasaban por delante de las del Toreo, que va m\u00e1s <a href=\"https:\/\/www.abc.es\/cultura\/toros\/morante-aranjuez-20250906172549-nt.html\" target=\"_self\" data-voc-vtm-id=\"in-text-traffic\" title=\"despacio\" rel=\"nofollow noopener\">despacio<\/a>. Tuvieron que retrasar el pase\u00edllo hasta las siete de la tarde, ya con la ciudad m\u00e1s calmada. Dos hijos de Extremadura velaban armas en el Juan de Austria: Alejandro Talavante y Emilio de Justo, el mano a mano de los triunfadores de la pasada edici\u00f3n. Fue el de C\u00e1ceres el que sali\u00f3 en volandas despu\u00e9s de desorejar al \u00faltimo, ya sobre la bocina, aunque m\u00e1s torera hab\u00eda sido su primera faena. En el recuerdo quedaba una pausada y bella obra del de Badajoz al tercero y ese encastado Manisero \u2013con el que no termin\u00f3 de entenderse\u2013 en una corrida de Victoriano del R\u00edo con fondo para triunfar pese a sus matices mansos.<\/p>\n<p class=\"voc-p\" style=\"\">Su buena casta ense\u00f1\u00f3 ya en el capote Manisero y la mantuvo con fijeza en la muleta despu\u00e9s de cumplir en el peto, estrellarse contra el burladero y el medio volat\u00edn. Embest\u00eda por ambos pitones, con el ritmo sostenido del zurdo, el lado m\u00e1gico de Talavante, al que le falt\u00f3 ahondar de verdad con aquel toro de triunfo, exigente y con mucho que torear. El fulminante espadazo desat\u00f3 la pa\u00f1olada de la oreja. No fall\u00f3 la reata de Manisero, como aquel de Rom\u00e1n en Valencia, como el de Roca en Sevilla.<\/p>\n<p class=\"voc-p\" style=\"\">Un recital por chicuelinas dio la bienvenida al segundo, otro buen ejemplar aunque con menos chispa que su hermano y m\u00e1s querencioso a las tablas. Tras la eficaz lidia, Emilio de Justo plante\u00f3 entre las rayas una faena cimentada sobre la derecha, con vertical desmayo mientras sus yemas zurdas acariciaba la chaquetilla en una flamenca estampa. La m\u00fasica ambientaba la torera atm\u00f3sfera. Por el izquierdo le costaba a Dulce entregarse y regres\u00f3 a la mano de la cuchara con el broche pectoral a la hombrera contraria. Tras media docena de personal\u00edsimas manoletinas, arranc\u00f3 una oreja con petici\u00f3n de otra. <\/p>\n<p class=\"voc-p\" style=\"\">Detuvo el tiempo Talavante en el tercero, tan dormido en su clase. A favor de Forajido lo hizo en una labor de figura. Midi\u00f3 distancias y tiempos, con temple y pausados derechazos. Al ralent\u00ed deletre\u00f3 los naturales, con su coraz\u00f3n cosido a la embestida. Hasta trasladarnos al Alejandro Magno de aquellos maravillosos a\u00f1os en Madrid. Crecido hasta en el desplante. La tardanza en doblar del victoriano dej\u00f3 aquella pieza, con m\u00e1s valor interior que la de muchas orejas, en tibias palmas.<\/p>\n<p class=\"voc-p\" style=\"\">.<\/p>\n<ul class=\"voc-list\">\n<li class=\"voc-list__item\">\n<strong>Coso de Valladolid.<\/strong><br \/>\nJueves, 11 de septiembre de 2025. Algo menos de tres cuartos de entrada. Toros de Victoriano del R\u00edo, de buena presencia en general para esta plaza, de interesante juego -cumplieron en el peto- y opciones de triunfo; buenos los tres primeros; los otros, m\u00e1s rajaditos; destac\u00f3 el encastado 1\u00ba; el peor, el manso 4\u00ba.\n<\/li>\n<li class=\"voc-list__item\">\n<strong>Alejandro Talavante,<\/strong><br \/>\nde pistacho y oro: estocada delantera desprendida (oreja); estocada desprendida algo atravesada (palmitas tras aviso); pinchazo, media, descabello y se echa (saludos tras aviso).\n<\/li>\n<li class=\"voc-list__item\">\n<strong>Emilio de Justo,<\/strong><br \/>\nde grana y oro: estocada trasera desprendida (oreja con petici\u00f3n de otra); dos pinchazos, otro hondo (palmas tras aviso); estocada trasera (dos orejas). Sale a hombros.\n<\/li>\n<li class=\"voc-list__item\">\n<strong>Puerta grande<\/strong><br \/>\npara Emilio de Justo.\n<\/li>\n<\/ul>\n<p class=\"voc-p\" style=\"\">A portagayola se march\u00f3 De Justo en el cuarto, un manso al que quiso adentrar en el camino correcto con poderosos doblones. Solo tablas quer\u00eda el deslucido Beato, que en nada se pareci\u00f3 al de la despedida vente\u00f1a de Espl\u00e1.<\/p>\n<p class=\"voc-p\" style=\"\">Complicado en banderillas el quinto, que puso en apuros puso a Lili. Sin embargo, Talavante ven\u00eda con la ambici\u00f3n de triunfar y se ech\u00f3 de rodillas en el pr\u00f3logo, con un cambiado por la espalda. Inspirado, dio fiesta por alegr\u00edas y roz\u00f3 el triunfo, pero el acero se lo llev\u00f3 despu\u00e9s de un firme arrim\u00f3n con el potable animal ya rajado.<\/p>\n<p class=\"voc-p\" style=\"\">Eran cerca de las nueve y media cuando sal\u00eda el sexto. Y Emilio no hab\u00eda venido a empatar, aunque abus\u00f3 de la voz y falt\u00f3 cierto reposo. Entregado desde el quite por chicuelinas y tafalleras, brind\u00f3 y desarroll\u00f3 una labor muy dispuesta mientras se abr\u00eda Candidato, v\u00e1lido para puntuar, pese a su mansa condici\u00f3n. El cacere\u00f1o se meti\u00f3 al toro y al p\u00fablico en el bolsillo mientras pedaleaba hasta la meta de las dos orejas, la puerta grande y el puesto de Morante.<\/p>\n","protected":false},"excerpt":{"rendered":"Andaba con el pulso acelerado Valladolid ya de buena ma\u00f1ana. Desde los corrales del coso de Zorrilla se&hellip;\n","protected":false},"author":2,"featured_media":108665,"comment_status":"","ping_status":"","sticky":false,"template":"","format":"standard","meta":{"footnotes":""},"categories":[277],"tags":[373,168,25,24,37434,887,23,167,374,1607],"class_list":{"0":"post-108664","1":"post","2":"type-post","3":"status-publish","4":"format-standard","5":"has-post-thumbnail","7":"category-toreo","8":"tag-bullfighting","9":"tag-deportes","10":"tag-es","11":"tag-espana","12":"tag-fdsfdsfd","13":"tag-jueves","14":"tag-spain","15":"tag-sports","16":"tag-toreo","17":"tag-valladolid"},"share_on_mastodon":{"url":"","error":""},"_links":{"self":[{"href":"https:\/\/www.europesays.com\/es\/wp-json\/wp\/v2\/posts\/108664","targetHints":{"allow":["GET"]}}],"collection":[{"href":"https:\/\/www.europesays.com\/es\/wp-json\/wp\/v2\/posts"}],"about":[{"href":"https:\/\/www.europesays.com\/es\/wp-json\/wp\/v2\/types\/post"}],"author":[{"embeddable":true,"href":"https:\/\/www.europesays.com\/es\/wp-json\/wp\/v2\/users\/2"}],"replies":[{"embeddable":true,"href":"https:\/\/www.europesays.com\/es\/wp-json\/wp\/v2\/comments?post=108664"}],"version-history":[{"count":0,"href":"https:\/\/www.europesays.com\/es\/wp-json\/wp\/v2\/posts\/108664\/revisions"}],"wp:featuredmedia":[{"embeddable":true,"href":"https:\/\/www.europesays.com\/es\/wp-json\/wp\/v2\/media\/108665"}],"wp:attachment":[{"href":"https:\/\/www.europesays.com\/es\/wp-json\/wp\/v2\/media?parent=108664"}],"wp:term":[{"taxonomy":"category","embeddable":true,"href":"https:\/\/www.europesays.com\/es\/wp-json\/wp\/v2\/categories?post=108664"},{"taxonomy":"post_tag","embeddable":true,"href":"https:\/\/www.europesays.com\/es\/wp-json\/wp\/v2\/tags?post=108664"}],"curies":[{"name":"wp","href":"https:\/\/api.w.org\/{rel}","templated":true}]}}