{"id":108666,"date":"2025-09-11T21:38:09","date_gmt":"2025-09-11T21:38:09","guid":{"rendered":"https:\/\/www.europesays.com\/es\/108666\/"},"modified":"2025-09-11T21:38:09","modified_gmt":"2025-09-11T21:38:09","slug":"alicante-vuelve-a-ser-el-epicentro-del-golf-amateur-con-una-nueva-edicion-de-forty-golf-cup","status":"publish","type":"post","link":"https:\/\/www.europesays.com\/es\/108666\/","title":{"rendered":"Alicante vuelve a ser el epicentro del golf amateur con una nueva edici\u00f3n de Forty Golf Cup"},"content":{"rendered":"<p>ALICANTE. La ciudad de\u00a0Alicante ya respira golf. Este mi\u00e9rcoles, 10 de septiembre, se ha presentado en <strong>Bonalba Golf Resort<\/strong> la II edici\u00f3n de la <strong>Forty Golf Cup<\/strong> (FGC), un evento que tras meses de preparaci\u00f3n regresa con m\u00e1s fuerza, m\u00e1s experiencias y un formato \u00fanico en Espa\u00f1a.<\/p>\n<p style=\"text-align:justify; margin-right:0cm; margin-left:0cm\">La cita, que se extiende hasta el 13 de septiembre, consolida un modelo \u00fanico, inclusivo, abierto a nuevos p\u00fablicos y con una capacidad de convocatoria que en su primera edici\u00f3n ya super\u00f3 los 1.200 asistentes y los 550 cursos de iniciaci\u00f3n al golf. Este a\u00f1o, la <strong>FGC redobla su apuesta con una agenda ampliada, dos jornadas de torneo oficial y una jornada de torneo femenino por equipos<\/strong>, un nuevo enfoque experiencial y actividades para todos los p\u00fablicos.<\/p>\n<p style=\"text-align:justify; margin-right:0cm; margin-left:0cm\">En la presentaci\u00f3n han intervenido <strong>Emilio Del Barrio<\/strong>, presidente de Forty Group y promotor de la FGC; <strong>Xavier Darblade<\/strong>, CEO de Bonalba Golf Resort, y <strong>Paco Ganga<\/strong>, director del torneo, quienes coincidieron en destacar el salto cualitativo de esta segunda edici\u00f3n.<\/p>\n<p><strong>Un torneo singular en Espa\u00f1a<\/strong><\/p>\n<p style=\"text-align:justify; margin-right:0cm; margin-left:0cm\">\u201cLa FORTY Golf Cup es una celebraci\u00f3n del golf en todos sus valores. Es un deporte saludable, accesible, divertido y con una enorme capacidad para generar v\u00ednculos personales y profesionales. Ha sido un trabajo de meses, pensado al detalle para que cada jornada sea una experiencia \u00fanica\u201d, ha se\u00f1alado <strong>Emilio Del Barrio<\/strong>, que daba por inaugurada la segunda edici\u00f3n.<\/p>\n<p style=\"text-align:justify; margin-right:0cm; margin-left:0cm\">La FGC incluye dos torneos, el Ladies International Team Trophy, un torneo femenino por equipos con car\u00e1cter internacional que pone el foco en la visibilidad y el liderazgo de la mujer en el golf amateur. El enfrentamiento entre el combinado espa\u00f1ol y el equipo europeo representa un paso firme hacia la igualdad en el deporte y busca consolidarse como cita imprescindible del calendario.<\/p>\n<p>&#13;<br \/>\n<img decoding=\"async\" alt=\"\" itemprop=\"url\" src=\"https:\/\/www.europesays.com\/es\/wp-content\/uploads\/2025\/09\/articulos-1664214.jpg\" title=\" - \"\/>&#13;<\/p>\n<p><strong>Formaci\u00f3n, di\u00e1logo y golf para todos<\/strong><\/p>\n<p style=\"text-align:justify; margin-right:0cm; margin-left:0cm\">El 10 de septiembre se celebrar\u00e1n varias ponencias como la que correr\u00e1 a cargo de <strong>Fabi\u00e1n Villena<\/strong> y <strong>Fernando Vega de Seoane<\/strong>, Actitud positiva inteligente en el golf, centrada en c\u00f3mo actuar en un campo de golf, y en la vida, sin miedo a errar y con actitud positiva. Por la tarde tendr\u00e1 lugar un curso especial Reglas del golf, impartido por <strong>Alfredo Mart\u00ednez Ruiz<\/strong>, \u00c1rbitro Territorial F.G.C.V.<\/p>\n<p style=\"text-align:justify; margin-right:0cm; margin-left:0cm\">El 11 de septiembre a las 12 horas, tendr\u00e1 lugar Forty Lab Business, bajo el t\u00edtulo El golf antes, durante y despu\u00e9s del \u00e9xito, una conversaci\u00f3n moderada por <strong>Jorge Armenteros<\/strong> (director de Ryder COPE y voz habitual de Tiempo de Juego), en la que participar\u00e1n <strong>Mar Ruiz de la Torre<\/strong> (vicepresidenta de la Federaci\u00f3n Espa\u00f1ola de Golf), <strong>Elena Jim\u00e9nez<\/strong> (periodista y presentadora de TVE) y <strong>Emilio Del Barrio<\/strong>, presidente de Forty Group. Una mesa abierta que explorar\u00e1 c\u00f3mo el golf influye en la vida personal y profesional desde distintos sectores de \u00e9xito.<\/p>\n<p style=\"text-align:justify; margin-right:0cm; margin-left:0cm\">El director del torneo, <strong>Paco Ganga<\/strong>, ha destacado que \u201clas inscripciones a cursos de golf en la Comunidad Valenciana est\u00e1n batiendo r\u00e9cords y confirman que el golf est\u00e1 de moda. El a\u00f1o pasado, m\u00e1s de 500 personas realizaron clinics gratuitos durante la FGC y la mayor\u00eda de ellas siguen practicando un a\u00f1o despu\u00e9s. Eso significa que la democratizaci\u00f3n del golf es real, y que Alicante es un ejemplo de ello gracias a este evento\u201d.<\/p>\n<p><strong>Bonalba, escenario internacional<\/strong><\/p>\n<p style=\"text-align:justify; margin-right:0cm; margin-left:0cm\">Por su parte, <strong>Xavier Darblade<\/strong> ha subrayado la importancia de la cita para Bonalba: \u201cHemos invertido mucho para que el campo est\u00e9 en las mejores condiciones. La FGC es un hito nacional e internacional, con equipos que llegan desde fuera de Espa\u00f1a para disfrutar de un ambiente \u00fanico. Adem\u00e1s, seguimos fieles a nuestro compromiso de acercar el golf a los m\u00e1s j\u00f3venes de manera gratuita, algo que solo ocurre aqu\u00ed\u201d.<\/p>\n<p>&#13;<br \/>\n<img decoding=\"async\" alt=\"\" itemprop=\"url\" src=\"https:\/\/www.europesays.com\/es\/wp-content\/uploads\/2025\/09\/articulos-1664215.jpg\" title=\" - \"\/>&#13;<\/p>\n<p><strong>Doble Open Day y gran fiesta final<\/strong><\/p>\n<p style=\"text-align:justify; margin-right:0cm; margin-left:0cm\">El 12 y 13 de septiembre, el p\u00fablico general podr\u00e1 acceder de forma gratuita al Doble Open Day, con actividades de iniciaci\u00f3n, zona de pr\u00e1cticas, charlas, stands de asociaciones y una gran pool party con DJ, gastronom\u00eda y cocteler\u00eda. El s\u00e1bado, a las 21 horas, el restaurante Puntapiedra acoger\u00e1 la gala de entrega de premios y la gran fiesta de clausura, la Pink Party.<\/p>\n<p style=\"text-align:justify; margin-right:0cm; margin-left:0cm\">La Forty Golf Cup se consolida como una de las citas amateurs m\u00e1s ambiciosas de Espa\u00f1a, con un modelo inclusivo que conecta deporte, salud y ocio, y con el objetivo claro de acercar el golf a toda la ciudadan\u00eda.<\/p>\n","protected":false},"excerpt":{"rendered":"ALICANTE. La ciudad de\u00a0Alicante ya respira golf. Este mi\u00e9rcoles, 10 de septiembre, se ha presentado en Bonalba Golf&hellip;\n","protected":false},"author":2,"featured_media":108667,"comment_status":"","ping_status":"","sticky":false,"template":"","format":"standard","meta":{"footnotes":""},"categories":[275],"tags":[168,25,24,329,23,167],"class_list":{"0":"post-108666","1":"post","2":"type-post","3":"status-publish","4":"format-standard","5":"has-post-thumbnail","7":"category-golf","8":"tag-deportes","9":"tag-es","10":"tag-espana","11":"tag-golf","12":"tag-spain","13":"tag-sports"},"share_on_mastodon":{"url":"","error":""},"_links":{"self":[{"href":"https:\/\/www.europesays.com\/es\/wp-json\/wp\/v2\/posts\/108666","targetHints":{"allow":["GET"]}}],"collection":[{"href":"https:\/\/www.europesays.com\/es\/wp-json\/wp\/v2\/posts"}],"about":[{"href":"https:\/\/www.europesays.com\/es\/wp-json\/wp\/v2\/types\/post"}],"author":[{"embeddable":true,"href":"https:\/\/www.europesays.com\/es\/wp-json\/wp\/v2\/users\/2"}],"replies":[{"embeddable":true,"href":"https:\/\/www.europesays.com\/es\/wp-json\/wp\/v2\/comments?post=108666"}],"version-history":[{"count":0,"href":"https:\/\/www.europesays.com\/es\/wp-json\/wp\/v2\/posts\/108666\/revisions"}],"wp:featuredmedia":[{"embeddable":true,"href":"https:\/\/www.europesays.com\/es\/wp-json\/wp\/v2\/media\/108667"}],"wp:attachment":[{"href":"https:\/\/www.europesays.com\/es\/wp-json\/wp\/v2\/media?parent=108666"}],"wp:term":[{"taxonomy":"category","embeddable":true,"href":"https:\/\/www.europesays.com\/es\/wp-json\/wp\/v2\/categories?post=108666"},{"taxonomy":"post_tag","embeddable":true,"href":"https:\/\/www.europesays.com\/es\/wp-json\/wp\/v2\/tags?post=108666"}],"curies":[{"name":"wp","href":"https:\/\/api.w.org\/{rel}","templated":true}]}}