{"id":108678,"date":"2025-09-11T21:44:08","date_gmt":"2025-09-11T21:44:08","guid":{"rendered":"https:\/\/www.europesays.com\/es\/108678\/"},"modified":"2025-09-11T21:44:08","modified_gmt":"2025-09-11T21:44:08","slug":"recuperan-estos-dos-minutos-de-joaquin-reyes-sobre-la-censura-tras-el-lio-con-marilo-montero-en-la-revuelta","status":"publish","type":"post","link":"https:\/\/www.europesays.com\/es\/108678\/","title":{"rendered":"Recuperan estos dos minutos de Joaqu\u00edn Reyes sobre la censura tras el l\u00edo con Maril\u00f3 Montero en &#8216;La Revuelta&#8217;"},"content":{"rendered":"<p><a href=\"https:\/\/www.huffingtonpost.es\/virales\/marilo-montero-le-dice-broncano-decir-respuesta-esculpirla-piedra.html\" rel=\"nofollow noopener\" target=\"_blank\">La entrevista del pasado martes de La Revuelta\u00a0a Maril\u00f3 Montero fue una de las m\u00e1s comentadas<\/a>, hasta el punto de que varios d\u00edas despu\u00e9s siguen surgiendo reacciones. La que fue presentadora de TVE por las ma\u00f1anas asegur\u00f3 frente a Broncano\u2014y en una cadena p\u00fablica\u2014 que ya no se puede decir nada.<\/p>\n<p>\u00abDebemos defender la libertad de expresi\u00f3n, la libertad period\u00edstica y la libertad ciudadana. El periodismo tendr\u00eda que ser libre e independiente y <a href=\"https:\/\/www.huffingtonpost.es\/virales\/marilo-montero-cree-toro-le-maltrata-plaza-divulgadora-rocio-vidal-responde-forma-hay-ver.html\" rel=\"nofollow noopener\" target=\"_blank\">da la sensaci\u00f3n de que \u00faltimamente no puede serlo&#8230;<\/a> Y tendr\u00eda que serlo\u00bb, expres\u00f3.<\/p>\n<p>Ahora han recuperado dos minutos del actor Joaqu\u00edn Reyes durante su espect\u00e1culo en 2024,\u00a0\u00bfQui\u00e9n r\u00ede el \u00faltimo?,\u00a0\u00a0en el que habla de la censura de una forma que bien podr\u00eda servir de lecci\u00f3n actualmente para la propia Maril\u00f3 Montero. \u00abNo comparto la reflexi\u00f3n que dice que ya no te puedes re\u00edr de nada\u00bb, comenz\u00f3 diciendo, mientras que el presentador de televisi\u00f3n, Arturo Valls, le daba la raz\u00f3n.<\/p>\n<p>La frase \u00abya no se puede decir nada\u00bb se puede aplicar a la comedia, en la que muchos piensan que ya no se pueden hacer seg\u00fan qu\u00e9 tipo de chistes, como los que hablan de las minor\u00edas. \u00abLas personas que dicen que no te puedes re\u00edr de nada, resulta que est\u00e1n trabajando en el humor. No se puede decir una cosa y la contraria. <b>La gente valora el humor, pero lo que pasa es que ahora hay espacios donde se expresa la cr\u00edtica<\/b>, antes no\u00bb, defendi\u00f3 Reyes.<\/p>\n<p>La diferencia, tal y como apunt\u00f3 el c\u00f3mico, es que antes \u00abnadie ten\u00eda la posibilidad de criticar una broma\u00bb, pero ahora s\u00ed. De hecho, recalc\u00f3 que los c\u00f3micos no suelen asumir bien la cr\u00edtica.<b> \u00abMuchas veces dicen &#8216;me censuran&#8217;, no, te critican. No es lo mismo. La censura la ejerce el poder, la gente te critica la broma\u00bb<\/b>, defendi\u00f3.\u00a0<\/p>\n<p>Puso de ejemplo a la antigua La Resistencia, en Movistar Plus+, ahora conocida como La Revuelta, en TVE. \u00abEs un programa muy libre, \u00bf<b>c\u00f3mo puede ser que exista si estamos diciendo que no te puedes re\u00edr de nada?<\/b> La Resistencia se r\u00ede de muchas cosas, fuerza los l\u00edmites, y ah\u00ed est\u00e1\u00bb, describi\u00f3.<\/p>\n<p>\u00abAqu\u00ed no se cancela a nadie, la cancelaci\u00f3n es mala prensa, incluso cuando ha tenido pol\u00e9micas gordas, esa persona ha pasado un tiempo y ha seguido trabajando\u00bb, ha a\u00f1adido. Como ejemplo ha puesto a Miguel Bos\u00e9 y no deja puntada sin hilo: \u00abQue en este momento de su vida\u2014hace un a\u00f1o de estas declaraciones\u2014 d<b>ice unas majader\u00edas impresionantes, unas chorradas que son grand\u00edsimas<\/b>, las dice en programas de m\u00e1xima audiencia y dice que no puede hablar, macho\u00bb.<\/p>\n","protected":false},"excerpt":{"rendered":"La entrevista del pasado martes de La Revuelta\u00a0a Maril\u00f3 Montero fue una de las m\u00e1s comentadas, hasta el&hellip;\n","protected":false},"author":2,"featured_media":108679,"comment_status":"","ping_status":"","sticky":false,"template":"","format":"standard","meta":{"footnotes":""},"categories":[174],"tags":[255,3374,9029,146,147,25,24,256,37443,29956,7974,23],"class_list":{"0":"post-108678","1":"post","2":"type-post","3":"status-publish","4":"format-standard","5":"has-post-thumbnail","7":"category-famosos","8":"tag-celebrities","9":"tag-censura","10":"tag-david-broncano","11":"tag-entertainment","12":"tag-entretenimiento","13":"tag-es","14":"tag-espana","15":"tag-famosos","16":"tag-joaquin-reyes","17":"tag-la-revuelta","18":"tag-marilo-montero","19":"tag-spain"},"share_on_mastodon":{"url":"","error":""},"_links":{"self":[{"href":"https:\/\/www.europesays.com\/es\/wp-json\/wp\/v2\/posts\/108678","targetHints":{"allow":["GET"]}}],"collection":[{"href":"https:\/\/www.europesays.com\/es\/wp-json\/wp\/v2\/posts"}],"about":[{"href":"https:\/\/www.europesays.com\/es\/wp-json\/wp\/v2\/types\/post"}],"author":[{"embeddable":true,"href":"https:\/\/www.europesays.com\/es\/wp-json\/wp\/v2\/users\/2"}],"replies":[{"embeddable":true,"href":"https:\/\/www.europesays.com\/es\/wp-json\/wp\/v2\/comments?post=108678"}],"version-history":[{"count":0,"href":"https:\/\/www.europesays.com\/es\/wp-json\/wp\/v2\/posts\/108678\/revisions"}],"wp:featuredmedia":[{"embeddable":true,"href":"https:\/\/www.europesays.com\/es\/wp-json\/wp\/v2\/media\/108679"}],"wp:attachment":[{"href":"https:\/\/www.europesays.com\/es\/wp-json\/wp\/v2\/media?parent=108678"}],"wp:term":[{"taxonomy":"category","embeddable":true,"href":"https:\/\/www.europesays.com\/es\/wp-json\/wp\/v2\/categories?post=108678"},{"taxonomy":"post_tag","embeddable":true,"href":"https:\/\/www.europesays.com\/es\/wp-json\/wp\/v2\/tags?post=108678"}],"curies":[{"name":"wp","href":"https:\/\/api.w.org\/{rel}","templated":true}]}}