{"id":108730,"date":"2025-09-11T22:13:24","date_gmt":"2025-09-11T22:13:24","guid":{"rendered":"https:\/\/www.europesays.com\/es\/108730\/"},"modified":"2025-09-11T22:13:24","modified_gmt":"2025-09-11T22:13:24","slug":"puedo-volver-a-mi-dia-a-dia-de-verdad","status":"publish","type":"post","link":"https:\/\/www.europesays.com\/es\/108730\/","title":{"rendered":"Puedo volver a mi d\u00eda a d\u00eda de verdad"},"content":{"rendered":"<p>\n        El centrocampista de la <a href=\"https:\/\/www.noticiasdealava.eus\/tags\/las-palmas\/\" title=\"UD Las Palmas\" rel=\"nofollow noopener\" target=\"_blank\" class=\"link copy\">UD Las Palmas<\/a> Kirian Rodr\u00edguez comunic\u00f3 este jueves que ha<strong> recibido el alta \u00abm\u00e9dica y competitiva\u00bb, tras superar el tratamiento contra el linfoma de Hodkin por segunda vez,<\/strong> por lo que puede volver a su \u00abd\u00eda a d\u00eda de verdad\u00bb, a su \u00abnormalidad\u00bb y a entrenar, aunque advirti\u00f3 que no est\u00e1 \u00abcurado\u00bb, porque un paciente oncol\u00f3gico \u00abnecesita cinco a\u00f1os para \u00abla curaci\u00f3n\u00bb.\n<\/p>\n<p class=\"article-body__text \">\n        \u00abComunicarles que tengo la alta m\u00e9dica, no estoy curado, al final u<strong>n paciente oncol\u00f3gico necesita cinco a\u00f1os para lo que se llama la curaci\u00f3n, de ah\u00ed en su d\u00eda mi reca\u00edda,<\/strong> porque yo no estaba curado del todo\u00bb, revel\u00f3 el capit\u00e1n del club canario en rueda de prensa tras superar el proceso de tratamiento contra el linfoma de Hodkin por segunda vez.\n<\/p>\n<p>  Alta m\u00e9dica y competitiva<\/p>\n<p class=\"article-body__text \">\n        El jugador, de 29 a\u00f1os<strong>, celebr\u00f3 tener el \u00abalta competitiva\u00bb que le permite volver a su \u00abd\u00eda a d\u00eda de verdad\u00bb,<\/strong> a su \u00abnormalidad, entrenar\u00bb. \u00abPuedo poder pegarle alguna patada a un compa\u00f1ero o que me la peguen ellos a m\u00ed, y a <strong>poder mirar al m\u00edster mal cuando no me metan las convocatorias<\/strong>\u00ab, brome\u00f3 el centrocampista.\n<\/p>\n<p class=\"article-body__text \">\n        Kirian Rodr\u00edguez revel\u00f3 que \u00aba finales de mayo\u00bb pas\u00f3 25 d\u00edas en el hospital para realizarse un autotransplante, despu\u00e9s del cual le recomendaron \u00abreposo y 100 d\u00edas de precauci\u00f3n\u00bb, pero esto no ocurri\u00f3.<strong> \u00abEl primer d\u00eda que sal\u00ed estaba entrenando en con la precauci\u00f3n adecuada y desde ah\u00ed he participado con el grupo\u00bb,<\/strong> dijo.\n<\/p>\n<p class=\"article-body__text \">\n        \u00abLa verdad que gracias al cuerpo t\u00e9cnico y a todos los compa\u00f1eros que conmigo han tenido la adaptaci\u00f3n y he tenido el privilegio de poder ir entrando en ejercicios desde comod\u00edn, que ellos tuviesen el respeto de tener cuidado a la hora de entrarme. <strong>A medida que han ido pasando las semanas, cada vez mi cuerpo ha respondido un poco mejor, estoy limpio, puedo ir a los duelos. <\/strong>Desde aqu\u00ed pedirles que tengan paciencia con el cuerpo t\u00e9cnico, me van a ir viendo semana a semana\u00bb, agreg\u00f3.\n<\/p>\n<p class=\"article-body__text \">\n        Y es que el jugador no tiene prisa por volver.<strong> \u00abEl futbolista suele ser ego\u00edsta, por naturaleza quiere jugar, a lo mejor me pones ma\u00f1ana y dices, &#8216;pero si est\u00e1 perfecto y juega al 100%&#8217;, pero a lo mejor parezco una cucaracha.<\/strong> Necesito semanas, entrenamientos, que esos ser\u00e1n los que me dar\u00e1n poco a poco el ritmo\u00bb, afirm\u00f3.\n<\/p>\n<p class=\"article-body__text \">\n        \u00abHasta ayer no ten\u00eda ganas por jugar, estaba intentando recuperar un poco la ilusi\u00f3n, porque no la ten\u00eda la ilusi\u00f3n de volver a ponerme la camisa de Las Palmas. Es cierto que ayer cuando me lleg\u00f3 el mensaje de la hemat\u00f3loga de ya est\u00e1 el alta y vine al entrenamiento en el estadio, fue como a lo mejor tengo un poco de ganas, me da un poco de ilusi\u00f3n.<strong> Hoy las he sentido un poco y espero que pronto las tenga porque me encantar\u00e1\u00bb<\/strong>, dese\u00f3 sobre la motivaci\u00f3n.\n<\/p>\n<p class=\"article-body__text \">\n        Finalmente, el jugador critic\u00f3 que haya salido esta informaci\u00f3n antes de que \u00e9l mismo la comunicara, incluso, a algunos familiares y amigos. \u00abCreo que van cuatro de cuatro. No lo han permitido, espero que por lo menos la primicia sea pagada, tenga una prima, entonces la entender\u00eda un poco m\u00e1s y entender\u00eda al periodista.<strong> Si no respetamos muchas veces la intimidad, entiendan que muchas veces tengamos nosotros tambi\u00e9n la valent\u00eda de decirles que no a lo que ustedes quieren. Me ha dolido y me ha tocado personalmente otra vez\u00bb,<\/strong> lament\u00f3.<\/p>\n","protected":false},"excerpt":{"rendered":"El centrocampista de la UD Las Palmas Kirian Rodr\u00edguez comunic\u00f3 este jueves que ha recibido el alta \u00abm\u00e9dica&hellip;\n","protected":false},"author":2,"featured_media":108731,"comment_status":"","ping_status":"","sticky":false,"template":"","format":"standard","meta":{"footnotes":""},"categories":[93],"tags":[1066,168,25,24,37445,416,1566,23,167,5378],"class_list":{"0":"post-108730","1":"post","2":"type-post","3":"status-publish","4":"format-standard","5":"has-post-thumbnail","7":"category-deportes","8":"tag-cancer","9":"tag-deportes","10":"tag-es","11":"tag-espana","12":"tag-kirian","13":"tag-rodriguez","14":"tag-segundo","15":"tag-spain","16":"tag-sports","17":"tag-supera"},"share_on_mastodon":{"url":"","error":""},"_links":{"self":[{"href":"https:\/\/www.europesays.com\/es\/wp-json\/wp\/v2\/posts\/108730","targetHints":{"allow":["GET"]}}],"collection":[{"href":"https:\/\/www.europesays.com\/es\/wp-json\/wp\/v2\/posts"}],"about":[{"href":"https:\/\/www.europesays.com\/es\/wp-json\/wp\/v2\/types\/post"}],"author":[{"embeddable":true,"href":"https:\/\/www.europesays.com\/es\/wp-json\/wp\/v2\/users\/2"}],"replies":[{"embeddable":true,"href":"https:\/\/www.europesays.com\/es\/wp-json\/wp\/v2\/comments?post=108730"}],"version-history":[{"count":0,"href":"https:\/\/www.europesays.com\/es\/wp-json\/wp\/v2\/posts\/108730\/revisions"}],"wp:featuredmedia":[{"embeddable":true,"href":"https:\/\/www.europesays.com\/es\/wp-json\/wp\/v2\/media\/108731"}],"wp:attachment":[{"href":"https:\/\/www.europesays.com\/es\/wp-json\/wp\/v2\/media?parent=108730"}],"wp:term":[{"taxonomy":"category","embeddable":true,"href":"https:\/\/www.europesays.com\/es\/wp-json\/wp\/v2\/categories?post=108730"},{"taxonomy":"post_tag","embeddable":true,"href":"https:\/\/www.europesays.com\/es\/wp-json\/wp\/v2\/tags?post=108730"}],"curies":[{"name":"wp","href":"https:\/\/api.w.org\/{rel}","templated":true}]}}