{"id":108734,"date":"2025-09-11T22:15:15","date_gmt":"2025-09-11T22:15:15","guid":{"rendered":"https:\/\/www.europesays.com\/es\/108734\/"},"modified":"2025-09-11T22:15:15","modified_gmt":"2025-09-11T22:15:15","slug":"asi-se-reparte-su-imperio","status":"publish","type":"post","link":"https:\/\/www.europesays.com\/es\/108734\/","title":{"rendered":"as\u00ed se reparte su imperio"},"content":{"rendered":"<p id=\"efJrGnKjvC\" data-wc=\"79\">El pasado 4 de septiembre, el mundo de la moda se ti\u00f1\u00f3 de luto con <a class=\"hm-link ho-link\" href=\"https:\/\/www.hola.com\/fashion\/20250904700681\/muere-giorgio-armani\/\" data-mrf-recirculation=\"article-body-link\" rel=\"nofollow noopener\" target=\"_blank\">el fallecimiento de Giorgio Armani,<\/a> el ic\u00f3nico dise\u00f1ador italiano que transform\u00f3 la industria con su particular visi\u00f3n de la elegancia, convirti\u00e9ndola en una forma de vida. A los 91 a\u00f1os, Armani se despidi\u00f3 rodeado de sus seres queridos en su residencia de Mil\u00e1n, dejando tras de s\u00ed no solo una marca legendaria, sino tambi\u00e9n <strong>un imperio valorado en m\u00e1s de 12.000 millones de euros.<\/strong><\/p>\n<p> <img src=\"https:\/\/www.europesays.com\/es\/wp-content\/uploads\/2025\/09\/0a4cfc489164-gettyimages-2195872177.jpg\"   width=\"1024\" height=\"683\" loading=\"lazy\" decoding=\"async\" alt=\"      \" fetchpriority=\"auto\" class=\"image ho-image\"\/>\u00a9 Getty Images      <\/p>\n<p id=\"ejH4ObYEEH\" data-wc=\"149\">Una semana despu\u00e9s de su fallecimiento, y tras <a class=\"hm-link ho-link\" href=\"https:\/\/www.hola.com\/actualidad\/20250908854536\/giorgio-armani-funeral-intimo-imagenes\/\" data-mrf-recirculation=\"article-body-link\" rel=\"nofollow noopener\" target=\"_blank\">un funeral<\/a> celebrado en la m\u00e1s estricta intimidad, el testamento de Armani ha sido oficialmente abierto en una notar\u00eda de Mil\u00e1n este 9 de septiembre, marcando el inicio de una nueva etapa en la gesti\u00f3n de su legado. Seg\u00fan revelan medios italianos como Corriere della Sera,\u00a0el dise\u00f1ador\u00a0<strong>hab\u00eda dejado dos documentos, manuscritos y sellados.\u00a0<\/strong>Ambos estaban fechados recientemente, uno, en marzo de 2025 y otro, en abril, y en ellos detallaba <strong>c\u00f3mo deb\u00eda gestionarse su legado:<\/strong> tanto la divisi\u00f3n de su patrimonio, as\u00ed como el futuro de la firma de moda Giorgio Armani Spa, fundada por \u00e9l hace medio siglo. Al parecer, los testamentos fueron redactados en secreto y escritos por el propio el dise\u00f1ador, y se guardaron un sobre sellado hasta su muerte. Tambi\u00e9n se ha sabido que su familia <strong>ha aceptado su inscripci\u00f3n en el Famedio de Mil\u00e1n.\u00a0<\/strong><\/p>\n<p> <img src=\"https:\/\/www.europesays.com\/es\/wp-content\/uploads\/2025\/09\/abbedb995cb4-gettyimages-2233294098.jpg\"   width=\"682\" height=\"1024\" loading=\"lazy\" decoding=\"async\" alt=\"La capilla ardiente de Giorgio Armani, en el Armani Theatre de Mil\u00e1n\" fetchpriority=\"auto\" class=\"image ho-image\"\/>\u00a9 AFP via Getty Images<\/p>\n<p id=\"eXd2dwQF6G\" data-wc=\"122\"><strong>Armani, que nunca contrajo matrimonio ni tuvo descendencia, pudo decidir con total libertad, es decir, sin tener en cuenta las \u00abacciones leg\u00edtimas\u00bb sobre el destino de todo este patrimonio.<\/strong> Ya en vida hab\u00eda manifestado su firme voluntad de que<a class=\"hm-link ho-link\" href=\"https:\/\/www.hola.com\/fashion\/tendencias\/20250908854425\/giorgio-armani-que-pasara-con-sus-herederos-testamento\/\" data-mrf-recirculation=\"article-body-link\" rel=\"nofollow noopener\" target=\"_blank\">\u00a0la continuidad de su legad<\/a>o no quedara en manos de grandes conglomerados ni se viera comprometida por decisiones apresuradas. Por ello, en 2016 constituy\u00f3 la Fundaci\u00f3n Giorgio Armani, una entidad concebida para preservar la independencia de la firma y asegurar que sus valores esenciales perdurar\u00e1n m\u00e1s all\u00e1 de su ausencia. Sin embargo, el dise\u00f1ador no especific\u00f3 en detalle el reparto de las acciones del grupo, cuya estructura societaria contempla distintas categor\u00edas con derechos de voto y gobernanza diferenciados, aunque con id\u00e9nticos derechos patrimoniales.<\/p>\n<p id=\"eVKX-GXI0R\" data-wc=\"88\">El testamento, que se ha abierto el pasado 9 de septiembre, confirma que<strong>\u00a0el control de la empresa pasar\u00e1 a esta fundaci\u00f3n,\u00a0<\/strong>que ya cuenta con un consejo de administraci\u00f3n formado por personas de su c\u00edrculo m\u00e1s \u00edntimo, seg\u00fan apunta La Repubblica.\u00a0Entre ellos, destaca<strong>\u00a0Pantaleo, Leo, Dell\u2019Orco,<\/strong> su mano derecha durante casi cinco d\u00e9cadas y compa\u00f1ero de vida, \u00e9l tambi\u00e9n dirigi\u00f3 el grupo en los \u00faltimos; <strong>sus sobrinos Luca Camerana, Silvana y Roberta<\/strong>, todos con roles activos en la compa\u00f1\u00eda; e <strong>Irving Bellotti<\/strong>, director de Rothschild Italia.<\/p>\n<p> <img src=\"https:\/\/www.europesays.com\/es\/wp-content\/uploads\/2025\/09\/8875199d88f0-gettyimages-1934463722.jpg\"   width=\"1024\" height=\"683\" loading=\"lazy\" decoding=\"async\" alt=\"Media Image\" fetchpriority=\"auto\" class=\"image ho-image\"\/>\u00a9 Getty Images<\/p>\n<p id=\"eqyP5Ou1H1E\" data-wc=\"71\">La Fundaci\u00f3n gestionar\u00e1 no solo la marca Giorgio Armani, sino tambi\u00e9n sus m\u00faltiples negocios: 650 tiendas en 60 pa\u00edses, hoteles en Dubai y Mil\u00e1n, restaurantes de alta gama, colecciones de mobiliario, perfumes, maquillaje, y hasta el club de baloncesto Olimpia Milano. Sin ir m\u00e1s lejos, en 2024, la compa\u00f1\u00eda cerr\u00f3 con ingresos de 2.300 millones de euros, demostrando que el legado empresarial del dise\u00f1ador segu\u00eda tan vivo como su visi\u00f3n creativa.<\/p>\n<p id=\"ez8qZqcACD\" data-wc=\"46\">En su autobiograf\u00eda Per Amore, publicada en 2022, Armani ya hab\u00eda dejado pistas sobre su filosof\u00eda sucesoria: \u201cHe preparado el plan con mi habitual pragmatismo program\u00e1tico y mi gran discreci\u00f3n, pero no lo revelar\u00e9 ahora, porque todav\u00eda estoy aqu\u00ed\u201d. Hoy, sus palabras cobran un nuevo significado.<\/p>\n<p> <img src=\"https:\/\/www.europesays.com\/es\/wp-content\/uploads\/2025\/09\/e56f9785fe47-armaniedit.jpg\"   width=\"1024\" height=\"576\" loading=\"lazy\" decoding=\"async\" alt=\"Armani\" fetchpriority=\"auto\" class=\"image ho-image\"\/>\u00a9 Corbis via Getty ImagesArmani<\/p>\n<p id=\"eq-r0Ul0D2v\" data-wc=\"49\">Otros de los aspectos m\u00e1s comentados del testamento es la cl\u00e1usula que impide que la empresa salga a bolsa durante los cinco a\u00f1os posteriores a su fallecimiento. Esta decisi\u00f3n refleja el deseo de Armani de evitar presiones externas y mantener el control en manos de quienes comparten su visi\u00f3n.<\/p>\n<p> <img src=\"https:\/\/www.europesays.com\/es\/wp-content\/uploads\/2025\/09\/7df02fcbbedd-gettyimages-1098176776.jpg\"   width=\"1024\" height=\"682\" loading=\"lazy\" decoding=\"async\" alt=\"Giorgio Armani\" fetchpriority=\"auto\" class=\"image ho-image\"\/>\u00a9 Getty Images<\/p>\n<p id=\"esKOX-PO7hn\" data-wc=\"83\">Adem\u00e1s de sus activos empresariales, el dise\u00f1ador, que se convirti\u00f3 en uno de los hombres m\u00e1s ricos de Italia, deja una colecci\u00f3n de obras de arte, propiedades en Italia \u00a0(como su reciente adquisici\u00f3n en La Capannina, en Forte dei Marmi), y el extranjero (distintas supervillas en Antigua, St. Moritz o Pantelleria, adem\u00e1s de un \u00e1tico en Nueva York). Adem\u00e1s, de yates, y una participaci\u00f3n en el grupo \u00f3ptico EssilorLuxottica. Todo ello ser\u00e1 gestionado seg\u00fan las instrucciones que solo su notario conoce en detalle.<\/p>\n<p>Homenaje en la semana de la moda de Mil\u00e1n<\/p>\n<p id=\"ehQICss2RT\" data-wc=\"69\">Como<a class=\"hm-link ho-link\" href=\"https:\/\/www.hola.com\/moda\/20250904821162\/giorgio-armani-muere-disenador-realeza-vestidos-historicos\/\" data-mrf-recirculation=\"article-body-link\" rel=\"nofollow noopener\" target=\"_blank\">\u00a0homenaje a su figura<\/a> y legado, las \u00faltimas colecciones dise\u00f1adas por Giorgio Armani se presentar\u00e1n en <strong>la pr\u00f3xima Semana de la Moda de Mil\u00e1n, que se celebrar\u00e1 del 23 al 29 de septiembre.<\/strong> Los desfiles de Emporio Armani y Giorgio Armani, previstos para los d\u00edas 25 y 28 respectivamente, se convertir\u00e1n en un emotivo tributo p\u00f3stumo al hombre que transform\u00f3 la moda italiana en sin\u00f3nimo de sofisticaci\u00f3n global.<\/p>\n<p> <img src=\"https:\/\/www.europesays.com\/es\/wp-content\/uploads\/2025\/09\/fd3d3563b7e2-unnamed.jpg\"   width=\"1080\" height=\"1800\" loading=\"lazy\" decoding=\"async\" alt=\"Alta Costura Paris Armani Priv\u00e9\" fetchpriority=\"auto\" class=\"image ho-image\"\/>\u00a9 Cortes\u00eda de Armani<\/p>\n<p id=\"eyPKtlaxJ_t\" data-wc=\"59\"><strong>\u201cCelebramos la Semana de la Moda de Mil\u00e1n en memoria de uno de sus fundadores: Giorgio Armani\u201d,<\/strong> declar\u00f3 Carlo Capasa, presidente de la C\u00e1mara Nacional de la Moda Italiana, en declaraciones recogidas por Corriere della Sera. Un reconocimiento que va m\u00e1s all\u00e1 de las pasarelas, y que se extiende al coraz\u00f3n de la ciudad que vio nacer su imperio\u00bb.<\/p>\n<p> <img src=\"https:\/\/www.europesays.com\/es\/wp-content\/uploads\/2025\/09\/522106805b7c-gettyimages-1456765568.jpg\"   width=\"682\" height=\"1024\" loading=\"lazy\" decoding=\"async\" alt=\"Giorgio Armani\" fetchpriority=\"auto\" class=\"image ho-image\"\/>\u00a9 Getty Images<\/p>\n<p id=\"eAgb0YxUG6\" data-wc=\"75\">En ese mismo esp\u00edritu, el alcalde de Mil\u00e1n, Giuseppe Sala, ha confirmado que el dise\u00f1ador ser\u00e1 inscrito e<strong>n el Famedio, un hist\u00f3rico edificio en el Cementerio Monumental de la capital italiana<\/strong>, donde reposan los nombres de quienes han contribuido a engrandecer la ciudad. Un honor reservado a figuras excepcionales, que en el caso de Armani se justifica por su creatividad, su elegancia y ese estilo inconfundible que convirti\u00f3 a Mil\u00e1n en capital mundial del dise\u00f1o.<\/p>\n","protected":false},"excerpt":{"rendered":"El pasado 4 de septiembre, el mundo de la moda se ti\u00f1\u00f3 de luto con el fallecimiento de&hellip;\n","protected":false},"author":2,"featured_media":108735,"comment_status":"","ping_status":"","sticky":false,"template":"","format":"standard","meta":{"footnotes":""},"categories":[91],"tags":[517,146,147,25,24,33775,23],"class_list":{"0":"post-108734","1":"post","2":"type-post","3":"status-publish","4":"format-standard","5":"has-post-thumbnail","7":"category-entretenimiento","8":"tag-actualidad","9":"tag-entertainment","10":"tag-entretenimiento","11":"tag-es","12":"tag-espana","13":"tag-giorgio-armani","14":"tag-spain"},"share_on_mastodon":{"url":"","error":""},"_links":{"self":[{"href":"https:\/\/www.europesays.com\/es\/wp-json\/wp\/v2\/posts\/108734","targetHints":{"allow":["GET"]}}],"collection":[{"href":"https:\/\/www.europesays.com\/es\/wp-json\/wp\/v2\/posts"}],"about":[{"href":"https:\/\/www.europesays.com\/es\/wp-json\/wp\/v2\/types\/post"}],"author":[{"embeddable":true,"href":"https:\/\/www.europesays.com\/es\/wp-json\/wp\/v2\/users\/2"}],"replies":[{"embeddable":true,"href":"https:\/\/www.europesays.com\/es\/wp-json\/wp\/v2\/comments?post=108734"}],"version-history":[{"count":0,"href":"https:\/\/www.europesays.com\/es\/wp-json\/wp\/v2\/posts\/108734\/revisions"}],"wp:featuredmedia":[{"embeddable":true,"href":"https:\/\/www.europesays.com\/es\/wp-json\/wp\/v2\/media\/108735"}],"wp:attachment":[{"href":"https:\/\/www.europesays.com\/es\/wp-json\/wp\/v2\/media?parent=108734"}],"wp:term":[{"taxonomy":"category","embeddable":true,"href":"https:\/\/www.europesays.com\/es\/wp-json\/wp\/v2\/categories?post=108734"},{"taxonomy":"post_tag","embeddable":true,"href":"https:\/\/www.europesays.com\/es\/wp-json\/wp\/v2\/tags?post=108734"}],"curies":[{"name":"wp","href":"https:\/\/api.w.org\/{rel}","templated":true}]}}