{"id":108750,"date":"2025-09-11T22:25:10","date_gmt":"2025-09-11T22:25:10","guid":{"rendered":"https:\/\/www.europesays.com\/es\/108750\/"},"modified":"2025-09-11T22:25:10","modified_gmt":"2025-09-11T22:25:10","slug":"nadal-la-carrera-de-alcaraz-parece-que-va-encaminada-a-que-sea-algo-unico","status":"publish","type":"post","link":"https:\/\/www.europesays.com\/es\/108750\/","title":{"rendered":"Nadal: \u201cLa carrera de Alcaraz parece que va encaminada a que sea algo \u00fanico\u201d"},"content":{"rendered":"<p class=\"\">El extenista espa\u00f1ol <b>Rafa Nadal particip\u00f3 este jueves en un torneo ben\u00e9fico de golf <\/b>para recaudar fondos contra el c\u00e1ncer de mama.<\/p>\n<p class=\"\">El torneo, organizado por la Fundaci\u00f3n Cl\u00ednica Menorca y que cumple su 24 edici\u00f3n, se desarroll\u00f3 en el <b>campo de La Herrer\u00eda, en la localidad madrile\u00f1a de San Lorenzo de El Escorial<\/b>, con la participaci\u00f3n tambi\u00e9n del alcalde de Madrid, Jos\u00e9 Luis Mart\u00ednez-Almeida. Fue la<b> primera vez que particip\u00f3 Nadal<\/b>, gran aficionado al golf, desde su retirada del tenis el pasado a\u00f1o.<\/p>\n<p class=\"\">En dicho evento, el manacor\u00ed ha declarado que su compatriota <b>Carlos Alcaraz est\u00e1 haciendo \u201cuna carrera impresionante\u201d<\/b> a sus 22 a\u00f1os que \u201cparece que <b>va encaminada a que sea algo \u00fanico<\/b>\u201d, aunque cree que no debe presionarse porque lo que \u201ctiene que hacer es disfrutar del momento y tener unos objetivos para seguir mejorando\u201d.<\/p>\n<p class=\"\">\u201cS\u00ed, est\u00e1 haciendo una carrera impresionante. Es un jugador muy especial, lo sab\u00edamos desde hace a\u00f1os, pero se va confirmando con el tiempo y <b>va mejorando lo que es una carrera impresionant<\/b>e\u201d, se\u00f1al\u00f3 Nadal a los medios.<\/p>\n<p class=\"\">El de Manacor se mostr\u00f3 \u201cmuy feliz\u201d por el murciano. \u201cLa verdad que tener en Espa\u00f1a a alguien como \u00e9l, lo que hace es <b>ayudarnos a seguir siendo un pa\u00eds ten\u00edsticamente referente en el mundo<\/b>, que lo hemos sido durante much\u00edsimos a\u00f1os y no hablo por m\u00ed, ven\u00eda de mucho antes ya. Carlos da esa continuidad a toda esta \u00e9poca de \u00e9xitos, ya no solo en el tenis, sino a trav\u00e9s del deporte en general\u201d, subray\u00f3.<\/p>\n<p class=\"\">En este sentido, cree que el de El Palmar <b>\u201cevidentemente puede\u201d alcanzar sus 22 \u2018grandes\u2019 o los del \u2018Big Three\u2019<\/b> que conform\u00f3 junto al suizo Roger Federer y el serbio Novak Djokovic. \u201cLa carrera parece que va encaminada a que sea algo \u00fanico. Ojal\u00e1 que pueda tener una carrera muy larga, que es lo que necesita tambi\u00e9n para llegar a seg\u00fan que n\u00fameros, y ojal\u00e1 que le respeten las lesiones y que todo le vaya genial\u201d, advirti\u00f3.<\/p>\n<p class=\"\">\u201cY bueno, dej\u00e9mosle. \u00c9l tiene seis, que es un n\u00famero incre\u00edble a su edad, y ojal\u00e1 que tenga todos los que pueda\u201d, a\u00f1adi\u00f3 Nadal, que, en relaci\u00f3n a las palabras que Federer le hab\u00eda dicho al murciano recomend\u00e1ndole que pensase a cinco a\u00f1os, aclar\u00f3 que <b>ese espacio de tiempo no lo consideraba \u201cmuy corto plazo\u201d.<\/b> \u201cCinco a\u00f1os son muchos, y m\u00e1s en el tenis, que en cualquier momento las cosas pueden cambiar de manera dr\u00e1stica\u201d, apunt\u00f3.<\/p>\n<p class=\"\">\u201cCreo que al final lo que tiene que hacer es <b>disfrutar del momento<\/b>, que es brillante, y seguir trabajando para seguir cumpliendo objetivos, para seguir mejorando, y entrenar cada d\u00eda con ilusi\u00f3n de ser mejor en algo. Aunque sea el mejor del mundo, siempre hay margen de mejora en cosas, esto es la motivaci\u00f3n diaria. <b>Yo disfrutar\u00eda el d\u00eda a d\u00eda y despu\u00e9s ya veremos c\u00f3mo evoluciona todo<\/b>. Evidentemente en la vida son muy importantes los objetivos y los debes de tener a corto, medio y un \u2018poquito\u2019 m\u00e1s a largo plazo, pero a cinco a\u00f1os nunca trabaj\u00e9\u201d, opin\u00f3.<\/p>\n<p class=\"\">El ganador de 22 \u2018Grand Slams\u2019 tambi\u00e9n quiso <b>evitar las comparaciones entre la rivalidad del \u2018Big Three\u2019 y la de Alcaraz con el italiano Jannik Sinner. <\/b>\u201cNosotros fuimos nosotros y ya est\u00e1. Al final, cada cual tiene que vivir su historia, cada historia es diferente, y no hay por qu\u00e9 estar comparando todo el d\u00eda. Lo nuestro fue una \u00e9poca de tres jugadores que cambiaron un \u2018poquito\u2019 los n\u00fameros que se hab\u00edan hecho hasta aquel momento\u201d, puntualiz\u00f3 el balear.<\/p>\n<p>Noticias relacionadas<a href=\"https:\/\/as.com\/tenis\/mas_tenis\/djokovic-huye-a-grecia-tras-ser-tachado-de-traidor-por-el-gobierno-de-serbia-n\/\" class=\"s_m_w\" title=\"El tenista y su familia han volado a Atenas despu\u00e9s de que el gobierno de Aleksandar Vucic cargase contra Djokovic por apoyar las protestas estudiantiles.\" data-tb-link=\"\" rel=\"nofollow noopener\" target=\"_blank\"><img decoding=\"async\" src=\"https:\/\/www.europesays.com\/es\/wp-content\/uploads\/2025\/09\/RFE3B4GNEJKOHOY77FNYTCGNHY.jpg\" alt=\"Djokovic \u2018huye\u2019 a Grecia tras ser tachado de \u201ctraidor\u201d por el gobierno de Serbia\" class=\"\" height=\"1\" width=\"1\"   loading=\"lazy\" data-tb-thumbnail=\"\"\/><\/a><a href=\"https:\/\/as.com\/tenis\/mas_tenis\/tsitsipas-decidi-dejar-de-seguir-en-redes-sociales-a-todos-los-que-seguia-n\/\" class=\"s_m_w\" title=\"El tenista griego concedi\u00f3 una entrevista al portal griego SDNA donde habl\u00f3 de sus problemas en el US Open y su deseo de alejarse de las redes sociales.\" data-tb-link=\"\" rel=\"nofollow noopener\" target=\"_blank\"><img decoding=\"async\" src=\"https:\/\/www.europesays.com\/es\/wp-content\/uploads\/2025\/09\/1757629510_270_YN6S2ZBZQKEI6DA5KNIERHD2RA.jpg\" alt=\"Tsitsipas: \u201cDecid\u00ed dejar de seguir en redes sociales a todos los que segu\u00eda\u201d\" class=\"\" height=\"1\" width=\"1\"   loading=\"lazy\" data-tb-thumbnail=\"\"\/><\/a><\/p>\n<p class=\"\"><b>\u00a1Tus opiniones importan!<\/b> Comenta en los art\u00edculos y suscr\u00edbete gratis a nuestra <a href=\"https:\/\/asfan.as.com\/newsletters\/\" target=\"_blank\" rel=\"nofollow noopener\" title=\"https:\/\/asfan.as.com\/newsletters\/\">newsletter<\/a> y a las alertas informativas en la <a href=\"https:\/\/as.com\/aplicacion-de-as-n\/\" target=\"_blank\" rel=\"nofollow noopener\" title=\"https:\/\/as.com\/aplicacion-de-as-n\/\">App<\/a> o el canal de <a href=\"https:\/\/www.whatsapp.com\/channel\/0029VaAasdA7j6g745nz9M10\" target=\"_blank\" rel=\"nofollow noopener\" title=\"https:\/\/www.whatsapp.com\/channel\/0029VaAasdA7j6g745nz9M10\">WhatsApp<\/a>.<\/p>\n<p class=\"\">\u00bfBuscas licenciar contenido? Haz clic <a href=\"https:\/\/profesional.elpais.com\/soluciones-sindicacion?utm_medium=interno&amp;utm_source=crosslinking&amp;utm_campaign=sindicacion_as_pie_articulos\" target=\"_blank\" rel=\"nofollow noopener\" title=\"https:\/\/profesional.elpais.com\/soluciones-sindicacion?utm_medium=interno&amp;utm_source=crosslinking&amp;utm_campaign=sindicacion_as_pie_articulos\">aqu\u00ed<\/a><\/p>\n","protected":false},"excerpt":{"rendered":"El extenista espa\u00f1ol Rafa Nadal particip\u00f3 este jueves en un torneo ben\u00e9fico de golf para recaudar fondos contra&hellip;\n","protected":false},"author":2,"featured_media":108751,"comment_status":"","ping_status":"","sticky":false,"template":"","format":"standard","meta":{"footnotes":""},"categories":[274],"tags":[168,25,24,23,167,327,326],"class_list":{"0":"post-108750","1":"post","2":"type-post","3":"status-publish","4":"format-standard","5":"has-post-thumbnail","7":"category-tenis","8":"tag-deportes","9":"tag-es","10":"tag-espana","11":"tag-spain","12":"tag-sports","13":"tag-tenis","14":"tag-tennis"},"share_on_mastodon":{"url":"","error":""},"_links":{"self":[{"href":"https:\/\/www.europesays.com\/es\/wp-json\/wp\/v2\/posts\/108750","targetHints":{"allow":["GET"]}}],"collection":[{"href":"https:\/\/www.europesays.com\/es\/wp-json\/wp\/v2\/posts"}],"about":[{"href":"https:\/\/www.europesays.com\/es\/wp-json\/wp\/v2\/types\/post"}],"author":[{"embeddable":true,"href":"https:\/\/www.europesays.com\/es\/wp-json\/wp\/v2\/users\/2"}],"replies":[{"embeddable":true,"href":"https:\/\/www.europesays.com\/es\/wp-json\/wp\/v2\/comments?post=108750"}],"version-history":[{"count":0,"href":"https:\/\/www.europesays.com\/es\/wp-json\/wp\/v2\/posts\/108750\/revisions"}],"wp:featuredmedia":[{"embeddable":true,"href":"https:\/\/www.europesays.com\/es\/wp-json\/wp\/v2\/media\/108751"}],"wp:attachment":[{"href":"https:\/\/www.europesays.com\/es\/wp-json\/wp\/v2\/media?parent=108750"}],"wp:term":[{"taxonomy":"category","embeddable":true,"href":"https:\/\/www.europesays.com\/es\/wp-json\/wp\/v2\/categories?post=108750"},{"taxonomy":"post_tag","embeddable":true,"href":"https:\/\/www.europesays.com\/es\/wp-json\/wp\/v2\/tags?post=108750"}],"curies":[{"name":"wp","href":"https:\/\/api.w.org\/{rel}","templated":true}]}}