{"id":108789,"date":"2025-09-11T22:48:11","date_gmt":"2025-09-11T22:48:11","guid":{"rendered":"https:\/\/www.europesays.com\/es\/108789\/"},"modified":"2025-09-11T22:48:11","modified_gmt":"2025-09-11T22:48:11","slug":"gano-roland-garros-fue-top-1-del-mundo-se-vio-obligada-a-retirarse-y-donald-trump-le-declaro-su-amor-guapa","status":"publish","type":"post","link":"https:\/\/www.europesays.com\/es\/108789\/","title":{"rendered":"Gan\u00f3 Roland Garros, fue top 1 del mundo, se vio obligada a retirarse y Donald Trump le declar\u00f3 su amor: \u201cGuapa\u201d"},"content":{"rendered":"<p data-testid=\"paragraph\" class=\"mb-[20px] md:mb-[30px] break-word\">Muchos de los mejores tenistas del mundo nacieron en Europa del Este. En esa regi\u00f3n del planeta hay una gran cultura por este deporte y no es casualidad que se hayan formado tantos grandes jugadores. En 1987, en Serbia nacieron dos joyas del\u00a0<a href=\"https:\/\/bolavip.com\/ar\/tenis\" target=\"_blank\" rel=\"noreferrer noopener nofollow\" class=\"break-word font-articleLinkText text-articleLinkText hover:text-articleLinkTextHover hover:bg-articleLinkTextHoverBg cursor-pointer border-solid border-b-articleLinkTextHover\">tenis<\/a>:\u00a0<a href=\"https:\/\/bolavip.com\/ar\/tema\/novak-djokovic\" target=\"_blank\" rel=\"noreferrer noopener nofollow\" class=\"break-word font-articleLinkText text-articleLinkText hover:text-articleLinkTextHover hover:bg-articleLinkTextHoverBg cursor-pointer border-solid border-b-articleLinkTextHover\">Novak Djokovic<\/a>\u00a0y tambi\u00e9n\u00a0<strong>Ana Ivanovic<\/strong>, quien supo ser n\u00famero 1 del mundo en el ranking de la WTA y tambi\u00e9n fue campeona de\u00a0<a href=\"https:\/\/bolavip.com\/ar\/tema\/roland-garros\" target=\"_blank\" rel=\"noreferrer noopener nofollow\" class=\"break-word font-articleLinkText text-articleLinkText hover:text-articleLinkTextHover hover:bg-articleLinkTextHoverBg cursor-pointer border-solid border-b-articleLinkTextHover\"><strong>Roland Garros<\/strong><\/a>.<\/p>\n<p>Sus comienzos en el tenis<\/p>\n<p data-testid=\"paragraph\" class=\"mb-[20px] md:mb-[30px] break-word\">Ana Ivanovic naci\u00f3 en Belgrado el 6 de noviembre de 1987<strong>. Se apasion\u00f3 por el tenis al ver a su compatriota Monica Seles por televisi\u00f3n y les pidi\u00f3 a sus padres que la lleven a clases.<\/strong>\u00a0No solamente tuvo facilidad para el deporte, sino que tuvo grandes rendimientos a nivel nacional, en una \u00e9poca complicada de su pa\u00eds. Para el 2003 se convirti\u00f3 en profesional y en 2005 obtuvo su primer t\u00edtulo a nivel WTA.<\/p>\n<p>La gran carrera de Ana Ivanovic<\/p>\n<p data-testid=\"paragraph\" class=\"mb-[20px] md:mb-[30px] break-word\">Ivanovic se consolid\u00f3 r\u00e1pidamente como una de las mejores jugadoras en un circuito dura que ten\u00eda a Serena y Venus Williams como dos de las grandes figuras, pero tambi\u00e9n estaban Maria Sharapova y Dinara Safina -entre otras- que tambi\u00e9n se destacaban. Tras ser campeona en 2005, la serbia gan\u00f3 un t\u00edtulo en 2006, tres en 2007 e inici\u00f3 2008 de gran manera al ganar Indian Wells.\u00a0<strong>Ese mismo a\u00f1o fue campeona de su \u00fanico Grand Slam: Roland Garros, en el que venci\u00f3 a Safina en la final.<\/strong>\u00a0Entre finales de 2008 y 2014 gan\u00f3 siete t\u00edtulos m\u00e1s, pero el tramo final fue duro producto de las lesiones sufridas.\u00a0<strong>Cabe destacar que fue n\u00famero 1 del ranking de la WTA durante 12 semanas.<\/strong><\/p>\n<p><img decoding=\"async\" src=\"https:\/\/www.europesays.com\/es\/wp-content\/uploads\/2025\/09\/BAR_20250911_BAR_532038_Ivanovic-RG-2008-02-1024x697_427301fc.webp&#038;width=1024&#038;height=697.webp\" width=\"1024\" height=\"697\" alt=\"Ivanovic en Roland Garros\" class=\"h-auto\" loading=\"lazy\"\/><\/p>\n<p class=\"text-center mt-5 text-[14px] leading-[20px] font-normal\">Ivanovic en Roland Garros<\/p>\n<p>Las lesiones, el motivo de su retiro<\/p>\n<p data-testid=\"paragraph\" class=\"mb-[20px] md:mb-[30px] break-word\">En diciembre de 2016, a sus 29 a\u00f1os, Ana Ivanovic anunci\u00f3 su retiro del tenis profesional y dio sus razones: \u201cHe decidido retirarme del tenis profesional, ha sido una decisi\u00f3n dif\u00edcil de tomar, pero hay que estar alegres. Quise ser tenista desde que ten\u00eda cinco a\u00f1os y ve\u00eda jugar a Monica Seles en televisi\u00f3n. Mis padres me han apoyado hasta ser n\u00famero 1 y ganar Roland Garros. He jugado muchos partidos c\u00e9lebres, dir\u00eda que\u00a0<strong>no est\u00e1 mal para una peque\u00f1a ni\u00f1a serbia<\/strong>\u201d.<\/p>\n<p data-testid=\"paragraph\" class=\"mb-[20px] md:mb-[30px] break-word\">En 2022 le dijo a Olympic Channel: \u201c<strong>Hubo momentos en mi carrera en los que me cost\u00f3 mucho por estar demasiado centrada en lo externo, en los resultados, en lo que la gente pensaba de m\u00ed, etc.<\/strong>\u00a0Luego te das cuenta que en realidad nada de eso importa, sino lo que vives dentro. Siempre me molest\u00f3 que la gente hablara sin saber lo que estaba pasando, ellos solo ven la punta del iceberg, lo que hacemos en la cancha, con eso ya hac\u00edan un juicio. Esto puede resultar complicado para los jugadores, quienes tienen la historia completa, la verdad, por eso ahora la parte mental del juego se ha vuelto m\u00e1s importante que nunca\u201d.<\/p>\n<p><img decoding=\"async\" src=\"https:\/\/www.europesays.com\/es\/wp-content\/uploads\/2025\/09\/BAR_20250911_BAR_532038_Ivanovic-2016-1024x705_d2414ed1.webp&#038;width=1024&#038;height=705.webp\" width=\"1024\" height=\"705\" alt=\"Ana Ivanovic\" class=\"h-auto\" loading=\"lazy\"\/><\/p>\n<p class=\"text-center mt-5 text-[14px] leading-[20px] font-normal\">Ana Ivanovic<\/p>\n<p>El d\u00eda que Trump le declar\u00f3 su amor<\/p>\n<p data-testid=\"paragraph\" class=\"mb-[20px] md:mb-[30px] break-word\">Ivica Dacic, ex Primer Ministro de Serbia entre 2012 y 2014, revel\u00f3 que en m\u00e1s de una oportunidad dialog\u00f3 con Donald Trump -cuando era empresario y no estaba metido en la pol\u00edtica de Estados Unidos- sobre tenis y cont\u00f3 que estaba fascinado con Ana Ivanovic: \u201c<strong>Es la mujer m\u00e1s guapa que he visto<\/strong>, simplemente la m\u00e1s guapa\u201d.<\/p>\n<p>Casi una d\u00e9cada junto a Bastian Schweinsteiger<\/p>\n<p data-testid=\"paragraph\" class=\"mb-[20px] md:mb-[30px] break-word\">Ana Ivanovic se cas\u00f3 con Bastian Schweinsteiger en 2016, el a\u00f1o en el que decidi\u00f3 dejar la actividad profesional.\u00a0<strong>El futbolista alem\u00e1n, que dej\u00f3 su huella en la selecci\u00f3n de su pa\u00eds y en Bayern Munich, estuvo casado con la ex tenista serbia hasta abril de 2025, cuando se divorciaron.<\/strong>\u00a0La pareja tuvo tres hijos.<\/p>\n<p><img decoding=\"async\" src=\"https:\/\/www.europesays.com\/es\/wp-content\/uploads\/2025\/09\/BAR_20250911_BAR_532038_Ivanovic-y-Schweistenger-02-683x1024_5c73ca6d.webp&#038;width=683&#038;height=1024.webp\" width=\"683\" height=\"1024\" alt=\"Bastian Schweinsteiger y Ana Ivanovi\u0107\" class=\"h-auto\" loading=\"lazy\"\/><\/p>\n<p class=\"text-center mt-5 text-[14px] leading-[20px] font-normal\">Bastian Schweinsteiger y Ana Ivanovi\u0107<\/p>\n<p>Su vida despu\u00e9s del tenis<\/p>\n<p data-testid=\"paragraph\" class=\"break-word\">Una vez que dej\u00f3 la actividad profesional, Ana Ivanovic sigui\u00f3 vinculada al mundo del tenis, especialmente como invitada a algunos eventos importantes<strong>. En lo personal, tuvo tres hijos y le dedic\u00f3 tiempo a la familia, adem\u00e1s es embajadora de UNICEF<\/strong>, ocupando un rol social importante en diversas cuestiones relacionadas a la salud y el deporte. Por otro lado, es empresaria en el mundo de moda y la belleza.<\/p>\n","protected":false},"excerpt":{"rendered":"Muchos de los mejores tenistas del mundo nacieron en Europa del Este. En esa regi\u00f3n del planeta hay&hellip;\n","protected":false},"author":2,"featured_media":108790,"comment_status":"","ping_status":"","sticky":false,"template":"","format":"standard","meta":{"footnotes":""},"categories":[274],"tags":[168,25,24,20585,23,167,327,326,3123],"class_list":{"0":"post-108789","1":"post","2":"type-post","3":"status-publish","4":"format-standard","5":"has-post-thumbnail","7":"category-tenis","8":"tag-deportes","9":"tag-es","10":"tag-espana","11":"tag-roland-garros","12":"tag-spain","13":"tag-sports","14":"tag-tenis","15":"tag-tennis","16":"tag-wta"},"share_on_mastodon":{"url":"","error":""},"_links":{"self":[{"href":"https:\/\/www.europesays.com\/es\/wp-json\/wp\/v2\/posts\/108789","targetHints":{"allow":["GET"]}}],"collection":[{"href":"https:\/\/www.europesays.com\/es\/wp-json\/wp\/v2\/posts"}],"about":[{"href":"https:\/\/www.europesays.com\/es\/wp-json\/wp\/v2\/types\/post"}],"author":[{"embeddable":true,"href":"https:\/\/www.europesays.com\/es\/wp-json\/wp\/v2\/users\/2"}],"replies":[{"embeddable":true,"href":"https:\/\/www.europesays.com\/es\/wp-json\/wp\/v2\/comments?post=108789"}],"version-history":[{"count":0,"href":"https:\/\/www.europesays.com\/es\/wp-json\/wp\/v2\/posts\/108789\/revisions"}],"wp:featuredmedia":[{"embeddable":true,"href":"https:\/\/www.europesays.com\/es\/wp-json\/wp\/v2\/media\/108790"}],"wp:attachment":[{"href":"https:\/\/www.europesays.com\/es\/wp-json\/wp\/v2\/media?parent=108789"}],"wp:term":[{"taxonomy":"category","embeddable":true,"href":"https:\/\/www.europesays.com\/es\/wp-json\/wp\/v2\/categories?post=108789"},{"taxonomy":"post_tag","embeddable":true,"href":"https:\/\/www.europesays.com\/es\/wp-json\/wp\/v2\/tags?post=108789"}],"curies":[{"name":"wp","href":"https:\/\/api.w.org\/{rel}","templated":true}]}}