{"id":108791,"date":"2025-09-11T22:49:07","date_gmt":"2025-09-11T22:49:07","guid":{"rendered":"https:\/\/www.europesays.com\/es\/108791\/"},"modified":"2025-09-11T22:49:07","modified_gmt":"2025-09-11T22:49:07","slug":"la-uci-investiga-anormalidades-en-su-pasaporte-biologico","status":"publish","type":"post","link":"https:\/\/www.europesays.com\/es\/108791\/","title":{"rendered":"La UCI investiga anormalidades en su pasaporte biol\u00f3gico"},"content":{"rendered":"<p data-mrf-recirculation=\"Links P\u00e1rrafos\" class=\"ue-c-article__paragraph paragraph ue-c-article--first-letter-highlighted\">El ciclista italiano Giovanni Carboni ha sido suspendido provisionalmente por la Uni\u00f3n Ciclista Internacional (UCI) tras descubrirse <strong>\u00abanomal\u00edas inexplicables\u00bb <\/strong>en su Pasaporte Biol\u00f3gico de Atleta. La noticia, que lleg\u00f3 a las oficinas del equipo de Carboni, gener\u00f3 una reacci\u00f3n inmediata y contundente.<\/p>\n<p>La <strong>UCI<\/strong>, en su comunicado oficial, fue escueta y precisa, confirmando la <strong>suspensi\u00f3n del corredor de 30 a\u00f1os. <\/strong>En su breve declaraci\u00f3n, la m\u00e1xima autoridad del ciclismo mundial se apeg\u00f3 a su protocolo, indicando que <strong>no har\u00e1 m\u00e1s comentarios <\/strong>mientras las diligencias est\u00e1n en curso. El <strong>Pasaporte Biol\u00f3gico<\/strong>, una herramienta clave en la lucha antidopaje, es un registro electr\u00f3nico individual que recopila los resultados de m\u00faltiples pruebas a lo largo del tiempo, permitiendo a los expertos detectar variaciones inusuales que podr\u00edan sugerir el uso de sustancias prohibidas.<\/p>\n<p>El Unibet Tietema Rockets reaccion\u00f3 con rapidez a la noticia. A trav\u00e9s de un comunicado, expresaron su conmoci\u00f3n por el caso, declarando que la situaci\u00f3n \u00abcooperar\u00e1n con las autoridades y han iniciado una investigaci\u00f3n interna\u00bb. Aunque las presuntas infracciones <strong>habr\u00edan ocurrido antes de que Carboni se uniera a sus filas, el equipo decidi\u00f3 suspenderlo de manera inmediata.<\/strong><\/p>\n","protected":false},"excerpt":{"rendered":"El ciclista italiano Giovanni Carboni ha sido suspendido provisionalmente por la Uni\u00f3n Ciclista Internacional (UCI) tras descubrirse \u00abanomal\u00edas&hellip;\n","protected":false},"author":2,"featured_media":108792,"comment_status":"","ping_status":"","sticky":false,"template":"","format":"standard","meta":{"footnotes":""},"categories":[273],"tags":[313,312,168,25,24,23,167],"class_list":{"0":"post-108791","1":"post","2":"type-post","3":"status-publish","4":"format-standard","5":"has-post-thumbnail","7":"category-ciclismo","8":"tag-ciclismo","9":"tag-cycling","10":"tag-deportes","11":"tag-es","12":"tag-espana","13":"tag-spain","14":"tag-sports"},"share_on_mastodon":{"url":"","error":""},"_links":{"self":[{"href":"https:\/\/www.europesays.com\/es\/wp-json\/wp\/v2\/posts\/108791","targetHints":{"allow":["GET"]}}],"collection":[{"href":"https:\/\/www.europesays.com\/es\/wp-json\/wp\/v2\/posts"}],"about":[{"href":"https:\/\/www.europesays.com\/es\/wp-json\/wp\/v2\/types\/post"}],"author":[{"embeddable":true,"href":"https:\/\/www.europesays.com\/es\/wp-json\/wp\/v2\/users\/2"}],"replies":[{"embeddable":true,"href":"https:\/\/www.europesays.com\/es\/wp-json\/wp\/v2\/comments?post=108791"}],"version-history":[{"count":0,"href":"https:\/\/www.europesays.com\/es\/wp-json\/wp\/v2\/posts\/108791\/revisions"}],"wp:featuredmedia":[{"embeddable":true,"href":"https:\/\/www.europesays.com\/es\/wp-json\/wp\/v2\/media\/108792"}],"wp:attachment":[{"href":"https:\/\/www.europesays.com\/es\/wp-json\/wp\/v2\/media?parent=108791"}],"wp:term":[{"taxonomy":"category","embeddable":true,"href":"https:\/\/www.europesays.com\/es\/wp-json\/wp\/v2\/categories?post=108791"},{"taxonomy":"post_tag","embeddable":true,"href":"https:\/\/www.europesays.com\/es\/wp-json\/wp\/v2\/tags?post=108791"}],"curies":[{"name":"wp","href":"https:\/\/api.w.org\/{rel}","templated":true}]}}