{"id":108800,"date":"2025-09-11T22:54:07","date_gmt":"2025-09-11T22:54:07","guid":{"rendered":"https:\/\/www.europesays.com\/es\/108800\/"},"modified":"2025-09-11T22:54:07","modified_gmt":"2025-09-11T22:54:07","slug":"han-borrado-el-mural-de-banksy-pero-hemos-guardado-una-copia-para-que-puedas-imprimirla","status":"publish","type":"post","link":"https:\/\/www.europesays.com\/es\/108800\/","title":{"rendered":"Han borrado el mural de Banksy pero hemos guardado una copia para que puedas imprimirla"},"content":{"rendered":"<p class=\"paragraph text-xl pb-7 w-full text-pretty [&amp;_a]:text-link-normal dark:[&amp;_a]:text-link-dark [&amp;_a]:decoration-1 [&amp;_a:hover]:underline [&amp;_a:hover]:text-link-hover [&amp;_a:hover]:decoration-2 [&amp;_b_a]:text-link-normal dark:[&amp;_b_a]:text-link-dark [&amp;_b_a]:decoration-1 [&amp;_b_a:hover]:underline [&amp;_b_a:hover]:text-link-hover desktop:leading-relaxed break-words font-serif\" data-original-text-size=\"text-xl\">El mural de Banksy que desde este lunes adornaba el\u00a0Tribunal Superior de Justicia de Reino Unido\u00a0ya es historia. Varios trabajadores <a href=\"https:\/\/www.publico.es\/culturas\/borran-mural-banksy-pinto-fachada-tribunal-superior-londres.html\" title=\"Borran el mural de Banksy contra los jueces pintado en la fachada del Tribunal Superior de Londres\" rel=\"nofollow noopener\" target=\"_blank\">limpiaron el mi\u00e9rcoles el grafiti<\/a>. La obra mostraba a <b>un juez con peluca golpeando a un manifestante<\/b> tirado en el suelo portando una pancarta manchada de sangre. Todo ello en plena pol\u00e9mica por la escalada en la represi\u00f3n policial al grupo Acci\u00f3n Palestina, ilegalizado por el Gobierno brit\u00e1nico, que lidera las protestas en el pa\u00eds contra el genocidio en Gaza. Banksy reivindic\u00f3 en su cuenta de Instagram la autor\u00eda de una imagen que no tard\u00f3 en <b>hacerse viral en todo el mundo. <\/b>La deriva de la judicatura brit\u00e1nica tiene su traducci\u00f3n en Espa\u00f1a en el lawfare, una\u00a0estrategia de la derecha y la ultraderecha contra las fuerzas de izquierda que sigue siempre el mismo guion: denuncias falsas o con poca entidad que suelen prosperar en los tribunales ante la complicidad de una judicatura mayoritariamente conservadora y de medios de comunicaci\u00f3n afines que le dan un amplio eco.\u00a0<b\/>Si quieres <b>recuperar la imagen del mural de\u00a0Banksy<\/b>\u00a0solo tienes que apretar este bot\u00f3n.<\/p>\n","protected":false},"excerpt":{"rendered":"El mural de Banksy que desde este lunes adornaba el\u00a0Tribunal Superior de Justicia de Reino Unido\u00a0ya es historia.&hellip;\n","protected":false},"author":2,"featured_media":108801,"comment_status":"","ping_status":"","sticky":false,"template":"","format":"standard","meta":{"footnotes":""},"categories":[173],"tags":[229,233,231,230,19696,21505,232,234,146,147,25,24,3575,15050,5714,23],"class_list":{"0":"post-108800","1":"post","2":"type-post","3":"status-publish","4":"format-standard","5":"has-post-thumbnail","7":"category-arte-y-diseno","8":"tag-arte","9":"tag-arte-y-diseno","10":"tag-arts","11":"tag-arts-and-design","12":"tag-banksy","13":"tag-borrado","14":"tag-design","15":"tag-diseno","16":"tag-entertainment","17":"tag-entretenimiento","18":"tag-es","19":"tag-espana","20":"tag-han","21":"tag-mural","22":"tag-pero","23":"tag-spain"},"share_on_mastodon":{"url":"","error":""},"_links":{"self":[{"href":"https:\/\/www.europesays.com\/es\/wp-json\/wp\/v2\/posts\/108800","targetHints":{"allow":["GET"]}}],"collection":[{"href":"https:\/\/www.europesays.com\/es\/wp-json\/wp\/v2\/posts"}],"about":[{"href":"https:\/\/www.europesays.com\/es\/wp-json\/wp\/v2\/types\/post"}],"author":[{"embeddable":true,"href":"https:\/\/www.europesays.com\/es\/wp-json\/wp\/v2\/users\/2"}],"replies":[{"embeddable":true,"href":"https:\/\/www.europesays.com\/es\/wp-json\/wp\/v2\/comments?post=108800"}],"version-history":[{"count":0,"href":"https:\/\/www.europesays.com\/es\/wp-json\/wp\/v2\/posts\/108800\/revisions"}],"wp:featuredmedia":[{"embeddable":true,"href":"https:\/\/www.europesays.com\/es\/wp-json\/wp\/v2\/media\/108801"}],"wp:attachment":[{"href":"https:\/\/www.europesays.com\/es\/wp-json\/wp\/v2\/media?parent=108800"}],"wp:term":[{"taxonomy":"category","embeddable":true,"href":"https:\/\/www.europesays.com\/es\/wp-json\/wp\/v2\/categories?post=108800"},{"taxonomy":"post_tag","embeddable":true,"href":"https:\/\/www.europesays.com\/es\/wp-json\/wp\/v2\/tags?post=108800"}],"curies":[{"name":"wp","href":"https:\/\/api.w.org\/{rel}","templated":true}]}}