{"id":108810,"date":"2025-09-11T23:00:08","date_gmt":"2025-09-11T23:00:08","guid":{"rendered":"https:\/\/www.europesays.com\/es\/108810\/"},"modified":"2025-09-11T23:00:08","modified_gmt":"2025-09-11T23:00:08","slug":"la-junta-confirma-gripe-aviar-en-analisis-realizados-sobre-un-aguila-calzada-recogida-en-pedraza-de-alba-salamanca","status":"publish","type":"post","link":"https:\/\/www.europesays.com\/es\/108810\/","title":{"rendered":"La Junta confirma gripe aviar en an\u00e1lisis realizados sobre un \u00e1guila calzada recogida en Pedraza de Alba (Salamanca)"},"content":{"rendered":"<p>El 16 de agosto se localiz\u00f3 un ejemplar de \u00e1guila calzada (&#8216;hieraaetus pennatus&#8217;) con s\u00edntomas nerviosos en el entorno de la localidad salmantina de Pedraza de Alba. Siguiendo los protocolos establecidos ante la aparici\u00f3n de posibles enfermedades o intoxicaci\u00f3n de fauna silvestre, por parte de los responsables veterinarios del Centro de Recepci\u00f3n de Fauna Silvestre de Salamanca se dio cuenta a los servicios veterinarios de la Consejer\u00eda de Agricultura, Ganader\u00eda y Desarrollo Rural para la toma de muestras y su ulterior an\u00e1lisis.<\/p>\n<p>Una vez analizados y confirmados en el laboratorio nacional de referencia de Algete, se comprueba\u00a0mediante la t\u00e9cnica de PCR\u00a0que hay animales positivos al virus Influenza Aviar (H5N1).<\/p>\n<p>Por ello, la Junta de Castilla y Le\u00f3n ha reforzado la prevenci\u00f3n, el control y la vigilancia de las medidas de bioseguridad que se aplican en las explotaciones av\u00edcolas del entorno de Pedraza de Alba.<\/p>\n<p>La circulaci\u00f3n de los virus de la influenza aviar no es un fen\u00f3meno nuevo, ya que se trata de una enfermedad de distribuci\u00f3n mundial, si bien los distintos tipos de cepas se distribuyen de forma heterog\u00e9nea. Es por esta raz\u00f3n por la que en Espa\u00f1a existe un programa nacional de vigilancia basado en el riesgo, que tiene en cuenta la alta variabilidad gen\u00e9tica del virus y que incluye un sistema de vigilancia activa y pasiva, tanto para aves dom\u00e9sticas como silvestres.<\/p>\n<p><strong>Salud humana<\/strong><\/p>\n<p>A pesar de que estas situaciones pueden provocar cierta alarma entre la poblaci\u00f3n, desde el Gobierno auton\u00f3mico se quiere dejar claro que este positivo no supone ning\u00fan riesgo para la salud p\u00fablica, dado que la variante del virus H5N1 que est\u00e1 circulando este a\u00f1o por Europa no posee una capacidad significativa de transmisi\u00f3n al ser humano, as\u00ed como por el hecho de que el agente pat\u00f3geno no puede ser transmitido a trav\u00e9s del consumo de carne de ave cocinada, huevos o productos derivados de estos.<\/p>\n<p><strong>Recomendaciones<\/strong><\/p>\n<p>Independientemente de este hecho, y de que, seg\u00fan los expertos en sanidad animal, el riesgo de contagio entre los trabajadores expuestos a animales enfermos es bajo, desde la Junta de Castilla y Le\u00f3n se recomienda intensificar las medidas de bioseguridad en las granjas av\u00edcolas, comunicar de inmediato cualquier sospecha y minimizar el contacto con aves silvestres que muestren s\u00edntomas o est\u00e9n muertas para evitar la dispersi\u00f3n.<\/p>\n","protected":false},"excerpt":{"rendered":"El 16 de agosto se localiz\u00f3 un ejemplar de \u00e1guila calzada (&#8216;hieraaetus pennatus&#8217;) con s\u00edntomas nerviosos en el&hellip;\n","protected":false},"author":2,"featured_media":108811,"comment_status":"","ping_status":"","sticky":false,"template":"","format":"standard","meta":{"footnotes":""},"categories":[92],"tags":[3590,25,24,165,166,23],"class_list":{"0":"post-108810","1":"post","2":"type-post","3":"status-publish","4":"format-standard","5":"has-post-thumbnail","7":"category-salud","8":"tag-castilla-y-leon","9":"tag-es","10":"tag-espana","11":"tag-health","12":"tag-salud","13":"tag-spain"},"share_on_mastodon":{"url":"","error":""},"_links":{"self":[{"href":"https:\/\/www.europesays.com\/es\/wp-json\/wp\/v2\/posts\/108810","targetHints":{"allow":["GET"]}}],"collection":[{"href":"https:\/\/www.europesays.com\/es\/wp-json\/wp\/v2\/posts"}],"about":[{"href":"https:\/\/www.europesays.com\/es\/wp-json\/wp\/v2\/types\/post"}],"author":[{"embeddable":true,"href":"https:\/\/www.europesays.com\/es\/wp-json\/wp\/v2\/users\/2"}],"replies":[{"embeddable":true,"href":"https:\/\/www.europesays.com\/es\/wp-json\/wp\/v2\/comments?post=108810"}],"version-history":[{"count":0,"href":"https:\/\/www.europesays.com\/es\/wp-json\/wp\/v2\/posts\/108810\/revisions"}],"wp:featuredmedia":[{"embeddable":true,"href":"https:\/\/www.europesays.com\/es\/wp-json\/wp\/v2\/media\/108811"}],"wp:attachment":[{"href":"https:\/\/www.europesays.com\/es\/wp-json\/wp\/v2\/media?parent=108810"}],"wp:term":[{"taxonomy":"category","embeddable":true,"href":"https:\/\/www.europesays.com\/es\/wp-json\/wp\/v2\/categories?post=108810"},{"taxonomy":"post_tag","embeddable":true,"href":"https:\/\/www.europesays.com\/es\/wp-json\/wp\/v2\/tags?post=108810"}],"curies":[{"name":"wp","href":"https:\/\/api.w.org\/{rel}","templated":true}]}}