{"id":108814,"date":"2025-09-11T23:02:11","date_gmt":"2025-09-11T23:02:11","guid":{"rendered":"https:\/\/www.europesays.com\/es\/108814\/"},"modified":"2025-09-11T23:02:11","modified_gmt":"2025-09-11T23:02:11","slug":"el-misterioso-sonido-que-escucho-un-astronauta-en-una-mision-espacial-sigue-sin-explicacion","status":"publish","type":"post","link":"https:\/\/www.europesays.com\/es\/108814\/","title":{"rendered":"El misterioso sonido que escuch\u00f3 un astronauta en una misi\u00f3n espacial: sigue sin explicaci\u00f3n"},"content":{"rendered":"<p>En el a\u00f1o 2003, China daba un paso hist\u00f3rico en la conquista del espacio al enviar a Yang Liwei al cosmos <b>a bordo de la nave Shenzhou 5<\/b>. Durante aquella misi\u00f3n, que marcar\u00eda un antes y un despu\u00e9s en el programa espacial del gigante asi\u00e1tico, el astronauta vivi\u00f3 un episodio que a\u00fan hoy sigue siendo objeto de desconcierto y especulaci\u00f3n cient\u00edfica: escuch\u00f3 <b>un ruido que no deber\u00eda existir<\/b> en el vac\u00edo del espacio.<\/p>\n<p>En pleno vuelo, Yang Liwei describi\u00f3 c\u00f3mo, de repente, un <b>golpe met\u00e1lico reson\u00f3 contra la c\u00e1psula<\/b>. Lo compar\u00f3 con el sonido de un martillo de madera contra un cubo de hierro. El detalle que lo convert\u00eda en un fen\u00f3meno inquietante era que el ruido no parec\u00eda proceder ni del interior ni del exterior de la nave. A pesar de observar atentamente por la ventanilla en busca de marcas o da\u00f1os, no encontr\u00f3 nada an\u00f3malo.<\/p>\n<p>Desde el punto de vista f\u00edsico, lo ocurrido resulta desconcertante. El sonido necesita un medio material (aire, agua o s\u00f3lidos) para propagarse. En el vac\u00edo espacial, desprovisto de mol\u00e9culas que transmitan vibraciones, <b>un ruido audible no deber\u00eda tener cabida<\/b>.<\/p>\n<p>Para intentar resolver el misterio, distintas hip\u00f3tesis han sido planteadas. Una de las m\u00e1s plausibles relaciona el fen\u00f3meno con la <b>expansi\u00f3n y contracci\u00f3n de los materiales <\/b>de la c\u00e1psula debido a los cambios extremos de temperatura que se producen en \u00f3rbita: en pocos minutos, la estructura pasa de ser abrasada por el sol a quedar expuesta al fr\u00edo absoluto. Ese crujido t\u00e9rmico podr\u00eda manifestarse de forma semejante a un golpe seco. Otra teor\u00eda, m\u00e1s inquietante, es la posibilidad de que peque\u00f1os fragmentos de <b>basura espacial o micrometeoritos hubieran impactado<\/b> contra el revestimiento exterior, aunque jam\u00e1s se detectaron huellas de colisi\u00f3n.<\/p>\n<p>Un fen\u00f3meno compartido<\/p>\n<p>Lo m\u00e1s llamativo es que el caso de Yang Liwei no fue \u00fanico. Otros astronautas chinos que lo sucedieron en 2005 y 2008 informaron de <b>experiencias id\u00e9nticas durante sus misiones<\/b>. La frecuencia con que se repiti\u00f3 el suceso llev\u00f3 incluso al propio Yang a advertir a sus compa\u00f1eros antes de partir para que no se asustasen.<\/p>\n","protected":false},"excerpt":{"rendered":"En el a\u00f1o 2003, China daba un paso hist\u00f3rico en la conquista del espacio al enviar a Yang&hellip;\n","protected":false},"author":2,"featured_media":108815,"comment_status":"","ping_status":"","sticky":false,"template":"","format":"standard","meta":{"footnotes":""},"categories":[81],"tags":[119,123,124,25,24,117,121,122,23,118,120],"class_list":{"0":"post-108814","1":"post","2":"type-post","3":"status-publish","4":"format-standard","5":"has-post-thumbnail","7":"category-ciencia-y-tecnologia","8":"tag-ciencia","9":"tag-ciencia-y-tecnologia","10":"tag-cienciaytecnologia","11":"tag-es","12":"tag-espana","13":"tag-science","14":"tag-science-and-technology","15":"tag-scienceandtechnology","16":"tag-spain","17":"tag-technology","18":"tag-tecnologia"},"share_on_mastodon":{"url":"","error":""},"_links":{"self":[{"href":"https:\/\/www.europesays.com\/es\/wp-json\/wp\/v2\/posts\/108814","targetHints":{"allow":["GET"]}}],"collection":[{"href":"https:\/\/www.europesays.com\/es\/wp-json\/wp\/v2\/posts"}],"about":[{"href":"https:\/\/www.europesays.com\/es\/wp-json\/wp\/v2\/types\/post"}],"author":[{"embeddable":true,"href":"https:\/\/www.europesays.com\/es\/wp-json\/wp\/v2\/users\/2"}],"replies":[{"embeddable":true,"href":"https:\/\/www.europesays.com\/es\/wp-json\/wp\/v2\/comments?post=108814"}],"version-history":[{"count":0,"href":"https:\/\/www.europesays.com\/es\/wp-json\/wp\/v2\/posts\/108814\/revisions"}],"wp:featuredmedia":[{"embeddable":true,"href":"https:\/\/www.europesays.com\/es\/wp-json\/wp\/v2\/media\/108815"}],"wp:attachment":[{"href":"https:\/\/www.europesays.com\/es\/wp-json\/wp\/v2\/media?parent=108814"}],"wp:term":[{"taxonomy":"category","embeddable":true,"href":"https:\/\/www.europesays.com\/es\/wp-json\/wp\/v2\/categories?post=108814"},{"taxonomy":"post_tag","embeddable":true,"href":"https:\/\/www.europesays.com\/es\/wp-json\/wp\/v2\/tags?post=108814"}],"curies":[{"name":"wp","href":"https:\/\/api.w.org\/{rel}","templated":true}]}}