{"id":108818,"date":"2025-09-11T23:04:14","date_gmt":"2025-09-11T23:04:14","guid":{"rendered":"https:\/\/www.europesays.com\/es\/108818\/"},"modified":"2025-09-11T23:04:14","modified_gmt":"2025-09-11T23:04:14","slug":"cop-30-cuando-sera-la-proxima-cumbre-contra-el-cambio-climatico-y-los-ejes-del-debate","status":"publish","type":"post","link":"https:\/\/www.europesays.com\/es\/108818\/","title":{"rendered":"COP 30: cu\u00e1ndo ser\u00e1 la pr\u00f3xima cumbre contra el cambio clim\u00e1tico y los ejes del debate"},"content":{"rendered":"<p><img alt=\"La COP30 reunir\u00e1 a 198\" class=\"global-image\" decoding=\"async\" fetchpriority=\"high\" height=\"312\" loading=\"eager\" src=\"https:\/\/www.europesays.com\/es\/wp-content\/uploads\/2025\/09\/E5PHUATUGVHOXOUPNSCLQD27UM.JPG\" width=\"745\"\/>La COP30 reunir\u00e1 a 198 pa\u00edses en Bel\u00e9m Brasil con el objetivo de reforzar compromisos clim\u00e1ticos y revisar avances del Acuerdo de Par\u00eds<\/p>\n<p class=\"paragraph\">Uno de los encuentros m\u00e1s decisivos en la historia de la <b>diplomacia clim\u00e1tica<\/b> se aproxima y genera mucha expectativa en el mundo. Se trata de la <b>30\u00aa Conferencia de las Partes (COP30),<\/b> que se celebrar\u00e1 del 10 al 21 de noviembre de 2025 en la ciudad de Bel\u00e9m, en Brasil.<\/p>\n<p class=\"paragraph\">Se espera que los debates entre los representantes de 198 pa\u00edses, giren en torno a la<b> reducci\u00f3n de emisiones, la adaptaci\u00f3n a los impactos ya inevitables y las v\u00edas para concretar una transici\u00f3n justa de los combustibles f\u00f3siles hacia fuentes renovables.<\/b><\/p>\n<p class=\"paragraph\">El evento genera tanta expectativa, que Brasil, como pa\u00eds anfitri\u00f3n, decidi\u00f3 adelantar la<b> cumbre de jefes de Estado a los d\u00edas 6 y 7 de noviembre <\/b>para garantizar un inicio organizado y con un marco pol\u00edtico s\u00f3lido.<\/p>\n<p><img alt=\"El gobierno brasile\u00f1o anticip\u00f3 la\" class=\"global-image\" decoding=\"async\" fetchpriority=\"low\" height=\"394\" loading=\"lazy\" src=\"https:\/\/www.europesays.com\/es\/wp-content\/uploads\/2025\/09\/XHNEYE5Y2FGY3H6ZKWNUIZAWRI.jpg\" width=\"640\"\/>El gobierno brasile\u00f1o anticip\u00f3 la cumbre de jefes de Estado para organizar con calma la apertura oficial de la conferencia en la Amazonia (EFE\/EPA\/COP29 )<\/p>\n<p class=\"paragraph\">\u201cLa cumbre forma parte de la COP, y anticiparla es una decisi\u00f3n de Brasil. Esto nos permite reflexionar sin la presi\u00f3n de la red hotelera o de la ciudad, adem\u00e1s de ayudar a organizar mejor la ceremonia de apertura oficial del evento\u201d, explic\u00f3 <b>Valter Correia, <\/b>secretario extraordinario para la COP30. <\/p>\n<p class=\"paragraph\">La medida sorprendi\u00f3 a muchos, ya que es poco habitual que un pa\u00eds decida adelantar este tipo de reuniones al margen del cronograma oficial. Sin embargo, refleja la intenci\u00f3n de Brasil de<b> proyectar liderazgo y compromiso<\/b> en un momento clave de las negociaciones internacionales.<\/p>\n<p class=\"paragraph\">Los l\u00edderes mundiales llegar\u00e1n con un objetivo claro: <b>acelerar la implementaci\u00f3n del Acuerdo de Par\u00eds y evaluar el progreso alcanzado desde la COP29<\/b>. El \u00e9nfasis estar\u00e1 en la actualizaci\u00f3n de los planes de acci\u00f3n nacionales, conocidos como <b>NDC<\/b>, y en la movilizaci\u00f3n de los <b>recursos financieros prometidos<\/b> por las econom\u00edas desarrolladas. <\/p>\n<p><img alt=\"El Secretario General de la\" class=\"global-image\" decoding=\"async\" fetchpriority=\"low\" height=\"2981\" loading=\"lazy\" src=\"https:\/\/www.europesays.com\/es\/wp-content\/uploads\/2025\/09\/3WX6W7XW3ZB5TBRR4DTIH2TCOQ.jpg\" width=\"4450\"\/>El Secretario General de la ONU advirti\u00f3 que la transici\u00f3n de los combustibles f\u00f3siles a renovables es inevitable y debe acelerarse (EFE\/EPA\/IGOR KOVALENKO)<\/p>\n<p class=\"paragraph\">El Secretario General de la ONU, Ant\u00f3nio Guterres, ya advirti\u00f3 el pasado julio que <b>una transici\u00f3n de este tipo \u201ces inevitable<\/b>\u201d. En su discurso, llam\u00f3 a no desperdiciar el momento y a impulsar una revoluci\u00f3n energ\u00e9tica que brinde acceso a energ\u00eda limpia y asequible para todos. <\/p>\n<p class=\"paragraph\">La declaraci\u00f3n marc\u00f3 un tono de urgencia que resonar\u00e1 en Bel\u00e9m, donde la presi\u00f3n social y cient\u00edfica por compromisos m\u00e1s ambiciosos ser\u00e1 evidente.<\/p>\n<p><img alt=\"La Amazonia, en riesgo por\" class=\"global-image\" decoding=\"async\" fetchpriority=\"low\" height=\"386\" loading=\"lazy\" src=\"https:\/\/www.europesays.com\/es\/wp-content\/uploads\/2025\/09\/6PIY56Z6KNFIPODONX4MLZZWME.JPG\" width=\"779\"\/>La Amazonia, en riesgo por la deforestaci\u00f3n que sufre, ser\u00e1 un foco mundial en la COP 30<\/p>\n<p class=\"paragraph\"><b>La COP30 es la 30.\u00aa Conferencia de las Naciones Unidas sobre el Cambio Clim\u00e1tico<\/b> (Conferencia de las Partes), un encuentro global anual en el que l\u00edderes mundiales, cient\u00edficos, organizaciones no gubernamentales y representantes de la sociedad civil discuten acciones para combatir el cambio clim\u00e1tico. Se considera uno de los principales eventos sobre el tema en el mundo.<\/p>\n<p class=\"paragraph\">Para entender la magnitud de la COP30 conviene recordar c\u00f3mo<b> se construy\u00f3 el andamiaje internacional en torno al cambio clim\u00e1tico. <\/b>Todo comenz\u00f3 con la Convenci\u00f3n Marco de las Naciones Unidas sobre el Cambio Clim\u00e1tico, abierta a la firma en la<b> Cumbre de R\u00edo de 1992<\/b>. <\/p>\n<p class=\"paragraph\">Ese acuerdo inicial estableci\u00f3 el r\u00e9gimen multilateral que, hasta hoy, gu\u00eda los esfuerzos globales. Uno de sus principios centrales fue el de \u201cresponsabilidades comunes pero diferenciadas\u201d. <\/p>\n<p><img alt=\"Muchos objetivos primordiales, se analizar\u00e1n\" class=\"global-image\" decoding=\"async\" fetchpriority=\"low\" height=\"521\" loading=\"lazy\" src=\"https:\/\/www.europesays.com\/es\/wp-content\/uploads\/2025\/09\/BWCNT3YDWBDR5A5BQYB74CSK2E.JPG\" width=\"529\"\/>Muchos objetivos primordiales, se analizar\u00e1n en las dos semanas de negociaciones entre 198 pa\u00edses<\/p>\n<p class=\"paragraph\">En otras palabras, reconoci\u00f3 que todos los pa\u00edses deben actuar, pero que <b>los m\u00e1s desarrollados tienen la obligaci\u00f3n de liderar <\/b>y de proporcionar recursos financieros y tecnol\u00f3gicos a los m\u00e1s vulnerables.<\/p>\n<p class=\"paragraph\">De la convenci\u00f3n surgi\u00f3 la <b>Conferencia de las Partes, conocida mundialmente como COP<\/b>, que funciona como el \u00f3rgano de decisi\u00f3n encargado de llevar adelante los compromisos. <b>Actualmente, 198 pa\u00edses integran la UNFCCC<\/b>, lo que la convierte en uno de los foros multilaterales m\u00e1s amplios del planeta. <\/p>\n<p class=\"paragraph\">Sus debates no solo incluyen a los gobiernos, sino tambi\u00e9n a organizaciones no gubernamentales, movimientos juveniles, pueblos ind\u00edgenas y sectores productivos. Con el paso del tiempo, temas como <b>p\u00e9rdidas y da\u00f1os, equidad de g\u00e9nero, agricultura sostenible y oc\u00e9anos <\/b>se incorporaron a la agenda oficial.<\/p>\n<p><img alt=\"Bel\u00e9m ser\u00e1 el escenario de\" class=\"global-image\" decoding=\"async\" fetchpriority=\"low\" height=\"509\" loading=\"lazy\" src=\"https:\/\/www.europesays.com\/es\/wp-content\/uploads\/2025\/09\/LHIUW5ZXVBFTLH5ECOAKP22AUI.JPG\" width=\"934\"\/>Bel\u00e9m ser\u00e1 el escenario de la COP30, un espacio que simboliza tanto la riqueza cultural amaz\u00f3nica como los retos globales de conservaci\u00f3n<\/p>\n<p class=\"paragraph\">La <b>COP30 se llevar\u00e1 a cabo del 10 al 21 de noviembre de 2025 en la ciudad de Bel\u00e9m, en el estado de Par\u00e1, Brasil.<\/b><\/p>\n<p class=\"paragraph\">La conferencia de 2025 tendr\u00e1 lugar en un escenario cargado de simbolismo:<b> la Amazonia<\/b>. Con m\u00e1s de 400 a\u00f1os de historia, Bel\u00e9m representa un epicentro cultural y log\u00edstico de la regi\u00f3n, pero tambi\u00e9n encarna los desaf\u00edos de conservaci\u00f3n m\u00e1s urgentes del planeta.<b> La deforestaci\u00f3n, la presi\u00f3n sobre los ecosistemas y la necesidad de transiciones econ\u00f3micas sostenibles convierten a la sede en un recordatorio palpable de lo que est\u00e1 en juego.<\/b> Para el Gobierno brasile\u00f1o, colocar a la selva tropical en el centro de los debates es una forma de subrayar la relevancia de la cooperaci\u00f3n internacional y de conectar los compromisos globales con las realidades locales.<\/p>\n<p class=\"paragraph\">El hecho de que <b>Brasil busque fortalecer el multilateralismo y acelerar la implementaci\u00f3n del Acuerdo de Par\u00eds desde la Amazonia <\/b>no es solo un gesto diplom\u00e1tico. Representa un mensaje contundente sobre la necesidad de proteger los ecosistemas que regulan el clima y que al mismo tiempo se encuentran bajo una presi\u00f3n creciente.<\/p>\n<p><img alt=\"Fatma Varank, viceministra turca de\" class=\"global-image\" decoding=\"async\" fetchpriority=\"low\" height=\"533\" loading=\"lazy\" src=\"https:\/\/www.europesays.com\/es\/wp-content\/uploads\/2025\/09\/FRRXGFEMBNZKTZSUNBOA3WCXJ4.jpg\" width=\"800\"\/>Fatma Varank, viceministra turca de Medio Ambiente, Urbanizaci\u00f3n y Cambio Clim\u00e1tico, y la viceministra de Ecolog\u00eda y Recursos Naturales de Azerbaiy\u00e1n, Umayra Taghiyeva, visitan el pabell\u00f3n turco durante la conferencia de las Naciones Unidas sobre el cambio clim\u00e1tico COP29, en Bak\u00fa, Azerbaiy\u00e1n(REUTERS\/Murad Sezer)<\/p>\n<p class=\"paragraph\">La COP30 contar\u00e1 con la presencia de<b> jefes de Estado, ministros, diplom\u00e1ticos, representantes de la ONU, cient\u00edficos, l\u00edderes empresariales, ONG, activistas <\/b>y otros miembros de la sociedad civil de 198 pa\u00edses.<\/p>\n<p class=\"paragraph\">La COP30 no ser\u00e1 una reuni\u00f3n m\u00e1s en la serie de conferencias anuales. Reunir\u00e1 a personalidades del poder pol\u00edtico y econ\u00f3mico con movimientos sociales y cient\u00edficos en un momento en que<b> la ciencia advierte que el margen de maniobra se reduce dr\u00e1sticamente. <\/b>Ser\u00e1 una prueba de fuego para la cooperaci\u00f3n internacional y para la capacidad de los pa\u00edses de dejar de lado intereses inmediatos en pos de un objetivo com\u00fan.<\/p>\n<p class=\"paragraph\">El mundo observar\u00e1 a Bel\u00e9m con atenci\u00f3n, consciente de que lo que all\u00ed se decida no quedar\u00e1 en los discursos, sino que <b>impactar\u00e1 directamente <\/b>en las trayectorias de desarrollo de las pr\u00f3ximas d\u00e9cadas. El desaf\u00edo consiste en demostrar que la <b>diplomacia clim\u00e1tica<\/b> puede traducirse en transformaciones reales, que permitan tanto frenar la crisis ambiental como construir sociedades m\u00e1s justas y resilientes.<\/p>\n<p><img alt=\"La COP30 pondr\u00e1 el foco\" class=\"global-image\" decoding=\"async\" fetchpriority=\"low\" height=\"682\" loading=\"lazy\" src=\"https:\/\/www.europesays.com\/es\/wp-content\/uploads\/2025\/09\/WRXNYPI63ZHXROKOIEBEUG6RH4.JPG\" width=\"1024\"\/>La COP30 pondr\u00e1 el foco en las NDC que son los planes nacionales para reducir emisiones y adaptarse al cambio clim\u00e1tico de cada pa\u00eds<\/p>\n<p class=\"paragraph\">La COP30 representa una oportunidad hist\u00f3rica para que Brasil reafirme su papel de liderazgo en las negociaciones sobre cambio clim\u00e1tico y sostenibilidad global. <\/p>\n<p class=\"paragraph\">El evento permitir\u00e1 al pa\u00eds demostrar sus esfuerzos en \u00e1reas como <b>energ\u00edas renovables, biocombustibles y agricultura de bajo carbono<\/b>, adem\u00e1s de reforzar su actuaci\u00f3n hist\u00f3rica en procesos multilaterales, como la Eco-92 y la R\u00edo+20.<\/p>\n<p class=\"paragraph\">A lo largo de tres d\u00e9cadas, este proceso de reuniones COP produjo hitos como el <b>Protocolo de Kioto, <\/b>que en 1997 fij\u00f3 metas obligatorias de reducci\u00f3n de emisiones para los pa\u00edses industrializados, y el<b> Acuerdo de Par\u00eds<\/b>, adoptado en 2015. <\/p>\n<p><img alt=\"El principio de responsabilidades comunes,\" class=\"global-image\" decoding=\"async\" fetchpriority=\"low\" height=\"508\" loading=\"lazy\" src=\"https:\/\/www.europesays.com\/es\/wp-content\/uploads\/2025\/09\/FD3CYKWDJ5BKPJJJLFWNLKVXQY.JPG\" width=\"510\"\/>El principio de responsabilidades comunes, pero diferenciadas sigue guiando la acci\u00f3n clim\u00e1tica con mayor compromiso para pa\u00edses ricos<\/p>\n<p class=\"paragraph\">Este \u00faltimo introdujo objetivos de alcance global: <b>mantener el aumento de la temperatura por debajo de los 2 \u00b0C respecto de la era preindustrial, con esfuerzos para limitarlo a 1,5 \u00b0C,<\/b> fortalecer la resiliencia de las sociedades y alinear las finanzas con la transici\u00f3n ecol\u00f3gica. Su innovaci\u00f3n m\u00e1s significativa fue exigir que todos los pa\u00edses, sin excepci\u00f3n, presenten peri\u00f3dicamente sus NDC, reflejando acciones concretas de mitigaci\u00f3n y adaptaci\u00f3n.<\/p>\n<p class=\"paragraph\"><b>Los compromisos nacionales se supervisan mediante un r\u00e9gimen reforzado de transparencia,<\/b> lo que garantiza cierta rendici\u00f3n de cuentas. Sin embargo, la suma de los planes actuales a\u00fan no alcanza para cumplir los objetivos de temperatura. Esta brecha ser\u00e1 uno de los principales puntos de discusi\u00f3n en Bel\u00e9m, donde los gobiernos deber\u00e1n demostrar hasta qu\u00e9 punto est\u00e1n dispuestos a elevar la ambici\u00f3n.<\/p>\n<p><img alt=\"En la imagen de enero\" class=\"global-image\" decoding=\"async\" fetchpriority=\"low\" height=\"2250\" loading=\"lazy\" src=\"https:\/\/www.europesays.com\/es\/wp-content\/uploads\/2025\/09\/G6UQPW4V4JA63CHV3KAZM425SY.jpg\" width=\"3410\"\/>En la imagen de enero pasado, obras en el parque donde se celebrar\u00e1 la Cumbre del Clima (COP30), en Bel\u00e9m en el estado brasile\u00f1o de Par\u00e1 (Brasil) (EFE\/ Marx Vasconcelos)<\/p>\n<p class=\"paragraph\">El Gobierno federal de Brasil <a rel=\"noopener nofollow\" href=\"https:\/\/www.planalto.gov.br\/ccivil_03\/_ato2023-2026\/2024\/decreto\/D11955.htm#:~:text=DECRETO%20N%C2%BA%2011.955%2C%20DE%2019,e%20transforma%20cargos%20em%20comiss%C3%A3o.\" target=\"_blank\">cre\u00f3<\/a> en marzo de 2024 la <b>Secretar\u00eda Extraordinaria para la COP30 (SECOP)<\/b>, vinculada a la Casa Civil de la Presidencia de la Rep\u00fablica, con la misi\u00f3n de coordinar, articular, orientar y monitorear las acciones de la Uni\u00f3n, el Estado y la ciudad anfitriona para la realizaci\u00f3n de la COP30. Desde que <b>Andr\u00e9 Corr\u00eaa do Lago <\/b>asumi\u00f3 la Presidencia de la COP30 en enero de 2025, Brasil ha liderado con responsabilidad y ambici\u00f3n la preparaci\u00f3n de la conferencia.<\/p>\n<p class=\"paragraph\">En su quinta carta a la comunidad internacional emitida hace pocos d\u00edas, Corr\u00eaa do Lago subray\u00f3 que<b> las personas no son \u00fanicamente v\u00edctimas del cambio clim\u00e1tico, sino protagonistas en los esfuerzos por combatirlo.<\/b><\/p>\n<p class=\"paragraph\">\u201cLa presidencia de la COP30 invita a la comunidad internacional a hacer de Bel\u00e9m un ritual de transici\u00f3n para marcar y celebrar con sobriedad nuestra transici\u00f3n hacia un futuro m\u00e1s prometedor y pr\u00f3spero. <b>Podemos utilizar la COP30 para procesar colectivamente el duelo por un modelo de desarrollo que prometi\u00f3 prosperidad en el pasado<\/b>, pero que ya no ofrece esperanza para el futuro\u201d, afirm\u00f3 el presidente designado de la COP30.<\/p>\n<p><img alt=\"Andre Correa do Lago, Secretario\" class=\"global-image\" decoding=\"async\" fetchpriority=\"low\" height=\"533\" loading=\"lazy\" src=\"https:\/\/www.europesays.com\/es\/wp-content\/uploads\/2025\/09\/HY65CR5V7HZ7VOYSH3GXPI2Z4M.jpg\" width=\"800\"\/>Andre Correa do Lago, Secretario de Clima, Energ\u00eda y Medio Ambiente del Ministerio de Asuntos Exteriores de Brasil, asiste a la Conferencia de las Naciones Unidas sobre el Cambio Clim\u00e1tico COP29, en Bak\u00fa, Azerbaiy\u00e1n (REUTERS\/Maxim Shemetov\/Archivo)<\/p>\n<p class=\"paragraph\">Basada en los principios de las Naciones Unidas, la carta se dirige directamente a las personas, resaltando c\u00f3mo sus experiencias, acciones, cultura y liderazgo son ejemplos para una relaci\u00f3n m\u00e1s armoniosa con la naturaleza. <\/p>\n<p class=\"paragraph\">Seg\u00fan el embajador, <b>la COP30 debe ser un cambio de paradigma para que personas hist\u00f3ricamente marginadas, desplazadas o silenciadas sean reconocidas<\/b> tanto como actores esenciales como titulares de derechos en la respuesta a la crisis clim\u00e1tica.<\/p>\n<p class=\"paragraph\">Corr\u00eaa do Lago sostiene que, para fortalecer el multilateralismo y acelerar la implementaci\u00f3n de los compromisos globales, las personas deben estar en la primera l\u00ednea de cada Contribuci\u00f3n Determinada a Nivel Nacional (NDC, por sus siglas en ingl\u00e9s), Plan Nacional de Adaptaci\u00f3n (NAP) e Informe Bienal de Transparencia (BTR). Tambi\u00e9n deben influir en las decisiones relacionadas con la financiaci\u00f3n clim\u00e1tica, el comercio y la transici\u00f3n energ\u00e9tica, entre otras \u00e1reas cr\u00edticas.<\/p>\n<p><img alt=\"El Acuerdo de Par\u00eds fij\u00f3\" class=\"global-image\" decoding=\"async\" fetchpriority=\"low\" height=\"3333\" loading=\"lazy\" src=\"https:\/\/www.europesays.com\/es\/wp-content\/uploads\/2025\/09\/RPJ3TUITARAFHJH5OCJMFWSQMQ.jpg\" width=\"5000\"\/>El Acuerdo de Par\u00eds fij\u00f3 la meta de mantener la temperatura global por debajo de 2 grados con esfuerzos adicionales para limitarla a 1,5 (EFE\/EPA\/IGOR KOVALENK)<\/p>\n<p class=\"paragraph\">La<b> COP30 en Bel\u00e9m se compromete a seguir pr\u00e1cticas sostenibles, <\/b>como la compensaci\u00f3n de emisiones de carbono, el uso de energ\u00eda renovable en las instalaciones del evento y la promoci\u00f3n de una econom\u00eda circular con enfoque en el reciclaje y la reutilizaci\u00f3n de materiales.<\/p>\n<p class=\"paragraph\"><b>La COP30 dar\u00e1 continuidad al Acuerdo de Par\u00eds, firmado en la COP21<\/b>, y a las discusiones de conferencias anteriores. Las metas de limitar el aumento de la temperatura global a 1,5 \u00b0C y los compromisos de financiaci\u00f3n clim\u00e1tica ser\u00e1n temas centrales para monitorear el progreso desde la COP29 y acelerar futuras acciones.<\/p>\n<p class=\"paragraph\">Con foco en la ciencia, <b>el multilateralismo y la acci\u00f3n concreta, el pa\u00eds quiere transformar la COP30 en un hito global de implementaci\u00f3n del Acuerdo de Par\u00eds.<\/b> La Presidencia brasile\u00f1a ha priorizado: la valorizaci\u00f3n de la Amazonia como soluci\u00f3n clim\u00e1tica; la financiaci\u00f3n justa para los pa\u00edses en desarrollo; la promoci\u00f3n de transiciones justas e inclusivas; y la integraci\u00f3n entre clima, biodiversidad y justicia social.<\/p>\n<p><img alt=\"Activistas participan en una manifestaci\u00f3n\" class=\"global-image\" decoding=\"async\" fetchpriority=\"low\" height=\"5596\" loading=\"lazy\" src=\"https:\/\/www.europesays.com\/es\/wp-content\/uploads\/2025\/09\/LEQFAOS3C3IGSWAKCWHMM5YTPM.jpg\" width=\"8394\"\/>Activistas participan en una manifestaci\u00f3n a favor de la financiaci\u00f3n para combatir el cambio clim\u00e1tico en la Cumbre del Clima de la ONU COP29 (AP\/Sergei Grits)<\/p>\n<p class=\"paragraph\">El Panel Intergubernamental sobre el Cambio Clim\u00e1tico, creado en 1988 por el <b>Programa de Naciones Unidas para el Medio Ambiente y la Organizaci\u00f3n Meteorol\u00f3gica Mundial, <\/b>es la br\u00fajula cient\u00edfica que alimenta estas decisiones. Sus informes peri\u00f3dicos resumen el estado del conocimiento sobre el calentamiento global, identifican consensos y destacan vac\u00edos de investigaci\u00f3n. <\/p>\n<p class=\"paragraph\">Los tres grupos de trabajo del IPCC se dividen en ciencia f\u00edsica, impactos y vulnerabilidad, y mitigaci\u00f3n. Adem\u00e1s, un grupo especial desarrolla metodolog\u00edas para medir y reportar emisiones de gases de efecto invernadero.<\/p>\n<p><img alt=\"La COP30 ser\u00e1 una prueba\" class=\"global-image\" decoding=\"async\" fetchpriority=\"low\" height=\"1280\" loading=\"lazy\" src=\"https:\/\/www.europesays.com\/es\/wp-content\/uploads\/2025\/09\/2MVJEOEDQZELLOO4K7P2DHTCBI.jpg\" width=\"1920\"\/>La COP30 ser\u00e1 una prueba de fuego para el multilateralismo en un contexto en el que la ciencia advierte que el margen de acci\u00f3n se reduce  (AP Photo\/Peter Dejong)<\/p>\n<p class=\"paragraph\"><b>El \u00faltimo ciclo de informes del IPCC dej\u00f3 en claro que limitar el calentamiento a 1,5 \u00b0C requiere reducciones r\u00e1pidas y profundas<\/b> de las emisiones en todos los sectores. Este diagn\u00f3stico convierte a la COP30 en un espacio decisivo: las promesas deben transformarse en acciones inmediatas.<\/p>\n<p class=\"paragraph\">La cuenta regresiva ya comenz\u00f3 y todas las miradas apuntan a la Amazonia, donde el futuro del clima global tendr\u00e1 una de sus negociaciones m\u00e1s trascendentes.<\/p>\n","protected":false},"excerpt":{"rendered":"La COP30 reunir\u00e1 a 198 pa\u00edses en Bel\u00e9m Brasil con el objetivo de reforzar compromisos clim\u00e1ticos y revisar&hellip;\n","protected":false},"author":2,"featured_media":108819,"comment_status":"","ping_status":"","sticky":false,"template":"","format":"standard","meta":{"footnotes":""},"categories":[42],"tags":[17,18,13,14,11,61,62,63,64,19,20,27878,9,10,15,16,4444,35630,12,21,22,65,66,67],"class_list":{"0":"post-108818","1":"post","2":"type-post","3":"status-publish","4":"format-standard","5":"has-post-thumbnail","7":"category-internacional","8":"tag-breaking-news","9":"tag-breakingnews","10":"tag-featured-news","11":"tag-featurednews","12":"tag-headlines","13":"tag-internacional","14":"tag-international","15":"tag-international-news","16":"tag-internationalnews","17":"tag-latest-news","18":"tag-latestnews","19":"tag-microphone","20":"tag-news","21":"tag-noticias","22":"tag-noticias-destacadas","23":"tag-noticiasdestacadas","24":"tag-people","25":"tag-placards","26":"tag-titulares","27":"tag-ultimas-noticias","28":"tag-ultimasnoticias","29":"tag-world","30":"tag-world-news","31":"tag-worldnews"},"share_on_mastodon":{"url":"","error":""},"_links":{"self":[{"href":"https:\/\/www.europesays.com\/es\/wp-json\/wp\/v2\/posts\/108818","targetHints":{"allow":["GET"]}}],"collection":[{"href":"https:\/\/www.europesays.com\/es\/wp-json\/wp\/v2\/posts"}],"about":[{"href":"https:\/\/www.europesays.com\/es\/wp-json\/wp\/v2\/types\/post"}],"author":[{"embeddable":true,"href":"https:\/\/www.europesays.com\/es\/wp-json\/wp\/v2\/users\/2"}],"replies":[{"embeddable":true,"href":"https:\/\/www.europesays.com\/es\/wp-json\/wp\/v2\/comments?post=108818"}],"version-history":[{"count":0,"href":"https:\/\/www.europesays.com\/es\/wp-json\/wp\/v2\/posts\/108818\/revisions"}],"wp:featuredmedia":[{"embeddable":true,"href":"https:\/\/www.europesays.com\/es\/wp-json\/wp\/v2\/media\/108819"}],"wp:attachment":[{"href":"https:\/\/www.europesays.com\/es\/wp-json\/wp\/v2\/media?parent=108818"}],"wp:term":[{"taxonomy":"category","embeddable":true,"href":"https:\/\/www.europesays.com\/es\/wp-json\/wp\/v2\/categories?post=108818"},{"taxonomy":"post_tag","embeddable":true,"href":"https:\/\/www.europesays.com\/es\/wp-json\/wp\/v2\/tags?post=108818"}],"curies":[{"name":"wp","href":"https:\/\/api.w.org\/{rel}","templated":true}]}}