{"id":108825,"date":"2025-09-11T23:08:17","date_gmt":"2025-09-11T23:08:17","guid":{"rendered":"https:\/\/www.europesays.com\/es\/108825\/"},"modified":"2025-09-11T23:08:17","modified_gmt":"2025-09-11T23:08:17","slug":"estos-son-los-toreros-que-integran-el-sexto-festival-de-aerscyl","status":"publish","type":"post","link":"https:\/\/www.europesays.com\/es\/108825\/","title":{"rendered":"Estos son los toreros que integran el sexto festival de Aerscyl"},"content":{"rendered":"<p><img fetchpriority=\"high\" class=\"v-a-img\" src=\"https:\/\/www.europesays.com\/es\/wp-content\/uploads\/2025\/09\/IMG_1144-Rt5qNK6fn1eWhrtqkgwqS0O-1200x840@Gaceta Salamanca.jpg\" loading=\"eager\" decoding=\"async\" alt=\"Patricia G\u00e1lvez, L\u00f3pez Chaves y el artista David Garc\u00eda, con la obra que ilustrar\u00e1 el cartel del festival.\"  width=\"1200\" height=\"840\"\/><\/p>\n<p>Patricia G\u00e1lvez, L\u00f3pez Chaves y el artista David Garc\u00eda, con la obra que ilustrar\u00e1 el cartel del festival.          J.L.        <\/p>\n<p>Guillermo Hermoso de Mendoza, Javier Conde, Borja Jim\u00e9nez, Marco P\u00e9rez \u00cd\u00f1igo Norte se enfrentar\u00e1n a reses de San Pelayo, Domingo Hern\u00e1ndez, Charro de Llen, Casasola y Montalvo en el festejo ben\u00e9fico del 4 de octubre en Ledesma<\/p>\n<p><a class=\"v-mdl-ath__fig-a\" href=\"https:\/\/www.lagacetadesalamanca.es\/autor\/javier-lorenzo-5975.html\" title=\"Javier Lorenzo\" rel=\"nofollow noopener\" target=\"_blank\"><br \/>\n<img decoding=\"async\" class=\"v-mdl-ath__img\" src=\"https:\/\/www.europesays.com\/es\/wp-content\/uploads\/2025\/09\/autor-5975-foto-1.png\" alt=\"Javier Lorenzo\"\/><br \/>\n<\/a><\/p>\n<p class=\"v-mdl-ath__p v-mdl-ath__p--6\">\nJueves, 11 de septiembre 2025, 20:06<\/p>\n<p>| Actualizado 20:17h.<\/p>\n<p class=\"v-p\">Aerscyl vuelve a salir a la calle con un cartel de gran atractivo para el aficionado con la fecha del 4 de octubre como la elegida para poner en liza el que se ha convertido en uno de los alicientes taurinos de la temporada en Salamanca. El festival ben\u00e9fico a favor de la Asociaci\u00f3n de Enfermedades Raras de Castilla y Le\u00f3n anuncia este a\u00f1o un cartel formado por <strong>Guillermo Hermoso de Mendoza<\/strong>, y los diestros <strong>Javier Conde<\/strong>, <strong>Borja Jim\u00e9nez, Marco P\u00e9rez<\/strong> y el alumno de la Escuela de Tauromaquia de Salamanca <strong>\u00cd\u00f1igo Norte,<\/strong> que se enfrentar\u00e1n a reses de <strong>San Pelayo<\/strong>, <strong>Domingo Hern\u00e1ndez<\/strong>,<strong> Charro de Llen, Casasola <\/strong>y<strong> Montalvo<\/strong>. Los toreros torean de manera altruista y las ganader\u00edas donan desinteresadamente las reses.<\/p>\n<p class=\"v-p\">El cartel se hizo oficial en el Museo taurino de Salamanca de una manera muy especial; no en vano, el artista salmantino <strong>David Garc\u00eda<\/strong> pint\u00f3 en directo la obra que ilustrar\u00e1 el cartel y en el que afirm\u00f3 tratar de representar el s\u00edmbolo que une la tauromaquia, el arte y la solidaridad, tres de los pilares en los que se asienta esta magn\u00edfica iniciativa en forma de festival solidario para ayudar a los ni\u00f1os que m\u00e1s lo necesitan y que ya alcanza su sexta edici\u00f3n, consolid\u00e1ndose como una de las citas ineludibles del curso que va m\u00e1s all\u00e1 de un evento taurino. \u00abSi estos ni\u00f1os tienen un desaf\u00edo diario, c\u00f3mo no iba yo a aceptar el reto de pintar el cartel en directo\u00bb, afirm\u00f3 el artista de una obra genial que plasm\u00f3 en poco m\u00e1s de veinte minutos mientras <strong>L\u00f3pez Chaves, Exuperancio Benito<\/strong> como alcalde de Ledesma y <strong>Patricia G\u00e1lvez<\/strong>, vicepresidenta de <strong>Aerscyl<\/strong>, desvelaban las claves del festival. Y en el desarrollo de esa creaci\u00f3n, surgi\u00f3 de manera espont\u00e1nea otra iniciativa m\u00e1s para sumarse a la causa: esa obra original, que ilustrar\u00e1 el cartel del festival, con la firma de todos los toreros actuantes, ser\u00e1 subastada entre los aficionados.<\/p>\n<p class=\"v-p\">\u00abEl festival es un ejemplo de trasparencia y yo me siento muy orgulloso de que el importe \u00edntegro de cada una de las entradas vendidas sirva para hacer una vida mejor a estos ni\u00f1os que lo necesitan\u00bb, afirm\u00f3 L\u00f3pez Chaves, como gran impulsor de este evento. Tras \u00e9l, tom\u00f3 la palabra Patricia G\u00e1lvez, en representaci\u00f3n de Aerscyl, que ensalz\u00f3 la impagable labor de L\u00f3pez Chaves con la asociaci\u00f3n: \u00abNo solo durante el d\u00eda y en la organizaci\u00f3n del festival, sino todo el a\u00f1o. <strong>Para nosotros es muy importante sentirle cerca<\/strong>\u00bb, confes\u00f3 antes de explicar que las aportaciones del mundo del toro en este festival las destinan de manera integra a las 130 familias que ya forman la asociaci\u00f3n: \u00abTodo ha servido para aumentar el importe de las becas, con m\u00e1s terapias para poder desarrollarse y que alivia la carga econ\u00f3mica a las familias. Adem\u00e1s se han creado otros proyectos y l\u00edneas de acci\u00f3n, como una de ocio espec\u00edfico, con talleres de cer\u00e1mica, cocina, actividades navide\u00f1as, as\u00ed como un viaje para los ni\u00f1os a Faunia. Y tambi\u00e9n ayudas para un asistente personal que apoye a lograr una vida m\u00e1s independiente en la vida diaria de cada uno de los ni\u00f1os\u00bb, concluy\u00f3. <\/p>\n<p class=\"v-p\">Las entradas, que costar\u00e1n 20 euros la general, y 30 las barreras, comenzar\u00e1n a venderse a partir de la semana que viene en el Museo taurino y en el restaurante Valencia, de Salamanca; as\u00ed como en Las Ventas de Ledesma.<\/p>\n<p>M\u00e1s de 170.000 \u20ac en los cinco festivales<\/p>\n<p class=\"v-p\">La quinta edici\u00f3n de este festival celebrado el a\u00f1o pasado aument\u00f3 en m\u00e1s de diez mil euros los beneficios conseguidos en 2023 cuando se lograron 41.786 euros; y m\u00e1s del doble de lo recaudado en aquella primera edici\u00f3n de 2019 (20.185 euros). En 2021 se recaudaron 22.964 euros y en 2022 casi se dobl\u00f3 la cifra alcanzando los 38.517 euros. As\u00ed, en las cinco ediciones que ya se han celebrado de este festejo ben\u00e9fico <strong>ya se han recaudado m\u00e1s de 170.000 euros para la Asociaci\u00f3n de Enfermedades Raras de Castilla y Le\u00f3n<\/strong>.<\/p>\n<p>Comenta<\/p>\n<p>Reporta un error<\/p>\n","protected":false},"excerpt":{"rendered":"Patricia G\u00e1lvez, L\u00f3pez Chaves y el artista David Garc\u00eda, con la obra que ilustrar\u00e1 el cartel del festival.&hellip;\n","protected":false},"author":2,"featured_media":108826,"comment_status":"","ping_status":"","sticky":false,"template":"","format":"standard","meta":{"footnotes":""},"categories":[277],"tags":[37459,373,168,25,24,3931,37458,1333,23,167,374,2487],"class_list":{"0":"post-108825","1":"post","2":"type-post","3":"status-publish","4":"format-standard","5":"has-post-thumbnail","7":"category-toreo","8":"tag-aerscyl","9":"tag-bullfighting","10":"tag-deportes","11":"tag-es","12":"tag-espana","13":"tag-festival","14":"tag-integran","15":"tag-sexto","16":"tag-spain","17":"tag-sports","18":"tag-toreo","19":"tag-toreros"},"share_on_mastodon":{"url":"","error":""},"_links":{"self":[{"href":"https:\/\/www.europesays.com\/es\/wp-json\/wp\/v2\/posts\/108825","targetHints":{"allow":["GET"]}}],"collection":[{"href":"https:\/\/www.europesays.com\/es\/wp-json\/wp\/v2\/posts"}],"about":[{"href":"https:\/\/www.europesays.com\/es\/wp-json\/wp\/v2\/types\/post"}],"author":[{"embeddable":true,"href":"https:\/\/www.europesays.com\/es\/wp-json\/wp\/v2\/users\/2"}],"replies":[{"embeddable":true,"href":"https:\/\/www.europesays.com\/es\/wp-json\/wp\/v2\/comments?post=108825"}],"version-history":[{"count":0,"href":"https:\/\/www.europesays.com\/es\/wp-json\/wp\/v2\/posts\/108825\/revisions"}],"wp:featuredmedia":[{"embeddable":true,"href":"https:\/\/www.europesays.com\/es\/wp-json\/wp\/v2\/media\/108826"}],"wp:attachment":[{"href":"https:\/\/www.europesays.com\/es\/wp-json\/wp\/v2\/media?parent=108825"}],"wp:term":[{"taxonomy":"category","embeddable":true,"href":"https:\/\/www.europesays.com\/es\/wp-json\/wp\/v2\/categories?post=108825"},{"taxonomy":"post_tag","embeddable":true,"href":"https:\/\/www.europesays.com\/es\/wp-json\/wp\/v2\/tags?post=108825"}],"curies":[{"name":"wp","href":"https:\/\/api.w.org\/{rel}","templated":true}]}}