{"id":108827,"date":"2025-09-11T23:11:07","date_gmt":"2025-09-11T23:11:07","guid":{"rendered":"https:\/\/www.europesays.com\/es\/108827\/"},"modified":"2025-09-11T23:11:07","modified_gmt":"2025-09-11T23:11:07","slug":"mintegi-cae-en-octavos-del-wta-125-de-ondarreta","status":"publish","type":"post","link":"https:\/\/www.europesays.com\/es\/108827\/","title":{"rendered":"Mintegi cae en octavos del WTA 125 de Ondarreta"},"content":{"rendered":"<p>Ane Mintegi ha puesto fin a su participaci\u00f3n en el Open Internacional de San Sebasti\u00e1n al caer hoy en octavos de final ante la rusa  &#8230; Oksana Selekhmeteva por 6-3 y 6-4 en una hora y treinta minutos. La tenista de Idiazabal se ha agarrado a la pista con u\u00f1as y dientes pero no ha podido ante el mayor ritmo de juego de la n\u00famero 149 del r\u00e1nking mundial y cabeza de serie n\u00famero doce del torneo. <\/p>\n<p class=\"v-p\">El choque, disputado en la pista central del Tenis de Ondarreta, ha sido manejado por Selekhmeteva. La campeona j\u00fanior del US Open en 2019 y de Roland Garros en 2021 ha sido quien ha decidido a qu\u00e9 se jugaba en cada momento con Mintegi a remolque desde bien pronto. Selekhmeteva ha sacado petr\u00f3leo a su primer saque ganando el 66% de los puntos y tambi\u00e9n ha estado acertado con el segundo imponi\u00e9ndose en el 63% de las veces por el 50% y 47% de Mintegi, respectivamente. <\/p>\n<p class=\"v-p\">Mediado el segundo set es cuando Mintegi, campeona j\u00fanior en Wimbledon en 2021, ha podido coger la delantera. La idiazabaldarra ha roto el saque para igualar a tres juegos pero en el siguiente la rusa ha reaccionado y le ha devuelto la moneda. <\/p>\n<p class=\"v-p\">La eliminaci\u00f3n de Mintegi deja el cuadro con Fita Boluda como \u00fanica representante espa\u00f1ola y con solo dos de las diez cabezas de serie en el torneo: Darja Semenistaja (5 de cabeza de serie y 114 del r\u00e1nking mundial) y Lola Radivojevic (10 y 153 del mundo ). Por el camino se ha quedado la cabeza de serie n\u00famero uno del torneo, la egipcia Mayar Sherif al caer ante la alemana Korpatsche por 1-6 y 2-6. <\/p>\n<p class=\"v-p\">Los cuartos de final quedan configurados de la siguiente forma: Korpatsch-Rus, Radivojevic-Selekhmeteva, Branstine-Semenistaja y Fita Boluda-Koevermans. <\/p>\n","protected":false},"excerpt":{"rendered":"Ane Mintegi ha puesto fin a su participaci\u00f3n en el Open Internacional de San Sebasti\u00e1n al caer hoy&hellip;\n","protected":false},"author":2,"featured_media":108828,"comment_status":"","ping_status":"","sticky":false,"template":"","format":"standard","meta":{"footnotes":""},"categories":[274],"tags":[26366,10722,168,25,24,16546,20828,35055,23,167,327,326,3123],"class_list":{"0":"post-108827","1":"post","2":"type-post","3":"status-publish","4":"format-standard","5":"has-post-thumbnail","7":"category-tenis","8":"tag-26366","9":"tag-cae","10":"tag-deportes","11":"tag-es","12":"tag-espana","13":"tag-mintegi","14":"tag-octavos","15":"tag-ondarreta","16":"tag-spain","17":"tag-sports","18":"tag-tenis","19":"tag-tennis","20":"tag-wta"},"share_on_mastodon":{"url":"","error":""},"_links":{"self":[{"href":"https:\/\/www.europesays.com\/es\/wp-json\/wp\/v2\/posts\/108827","targetHints":{"allow":["GET"]}}],"collection":[{"href":"https:\/\/www.europesays.com\/es\/wp-json\/wp\/v2\/posts"}],"about":[{"href":"https:\/\/www.europesays.com\/es\/wp-json\/wp\/v2\/types\/post"}],"author":[{"embeddable":true,"href":"https:\/\/www.europesays.com\/es\/wp-json\/wp\/v2\/users\/2"}],"replies":[{"embeddable":true,"href":"https:\/\/www.europesays.com\/es\/wp-json\/wp\/v2\/comments?post=108827"}],"version-history":[{"count":0,"href":"https:\/\/www.europesays.com\/es\/wp-json\/wp\/v2\/posts\/108827\/revisions"}],"wp:featuredmedia":[{"embeddable":true,"href":"https:\/\/www.europesays.com\/es\/wp-json\/wp\/v2\/media\/108828"}],"wp:attachment":[{"href":"https:\/\/www.europesays.com\/es\/wp-json\/wp\/v2\/media?parent=108827"}],"wp:term":[{"taxonomy":"category","embeddable":true,"href":"https:\/\/www.europesays.com\/es\/wp-json\/wp\/v2\/categories?post=108827"},{"taxonomy":"post_tag","embeddable":true,"href":"https:\/\/www.europesays.com\/es\/wp-json\/wp\/v2\/tags?post=108827"}],"curies":[{"name":"wp","href":"https:\/\/api.w.org\/{rel}","templated":true}]}}