{"id":108831,"date":"2025-09-11T23:13:11","date_gmt":"2025-09-11T23:13:11","guid":{"rendered":"https:\/\/www.europesays.com\/es\/108831\/"},"modified":"2025-09-11T23:13:11","modified_gmt":"2025-09-11T23:13:11","slug":"duro-fin-de-semana-la-f1-publico-un-analisis-de-la-actuacion-de-franco-colapinto-y-pierre-gasly-en-monza","status":"publish","type":"post","link":"https:\/\/www.europesays.com\/es\/108831\/","title":{"rendered":"\u201cDuro fin de semana\u201d: la F1 public\u00f3 un an\u00e1lisis de la actuaci\u00f3n de Franco Colapinto y Pierre Gasly en Monza"},"content":{"rendered":"<p class=\"left paragraph font__body-regular\">Pas\u00f3 el <a href=\"https:\/\/tn.com.ar\/deportes\/automovilismo\/2025\/09\/08\/el-mensaje-de-los-representantes-de-franco-colapinto-despues-del-gp-de-italia-circunstancias-complicadas\/\" target=\"_blank\" rel=\"noreferrer nofollow noopener\" title=\"https:\/\/tn.com.ar\/deportes\/automovilismo\/2025\/09\/08\/el-mensaje-de-los-representantes-de-franco-colapinto-despues-del-gp-de-italia-circunstancias-complicadas\/\"><b>Gran Premio de Italia<\/b><\/a> y fue una carrera para el olvido para los autos de Alpine, que terminaron en los puestos 16\u00b0 y 17\u00b0. <a href=\"https:\/\/tn.com.ar\/deportes\/automovilismo\/2025\/09\/10\/briatore-dijo-cuando-se-conocera-el-segundo-piloto-de-alpine-para-2026-y-hablo-de-las-chances-de-colapinto\/\" target=\"_blank\" rel=\"noreferrer nofollow noopener\" title=\"https:\/\/tn.com.ar\/deportes\/automovilismo\/2025\/09\/10\/briatore-dijo-cuando-se-conocera-el-segundo-piloto-de-alpine-para-2026-y-hablo-de-las-chances-de-colapinto\/\"><b>Franco Colapinto<\/b><\/a> y su compa\u00f1ero, <a href=\"https:\/\/tn.com.ar\/deportes\/automovilismo\/2025\/09\/07\/trascendio-un-video-de-lo-que-hizo-pierre-gasly-con-el-auto-de-franco-colapinto-tras-el-gp-de-italia\/\" target=\"_blank\" rel=\"noreferrer nofollow noopener\" title=\"https:\/\/tn.com.ar\/deportes\/automovilismo\/2025\/09\/07\/trascendio-un-video-de-lo-que-hizo-pierre-gasly-con-el-auto-de-franco-colapinto-tras-el-gp-de-italia\/\"><b>Pierre Gasly<\/b><\/a> sufrieron otra vez por la falta de potencia y, ante esta situaci\u00f3n, la <b>F\u00f3rmula 1<\/b> public\u00f3 un fuerte an\u00e1lisis.<\/p>\n<p class=\"left paragraph font__body-regular\"><b>Le\u00e9 tambi\u00e9n: <\/b><a href=\"https:\/\/tn.com.ar\/deportes\/automovilismo\/2025\/09\/10\/trabajo-como-mecanico-en-la-formula-1-y-revelo-cuanto-pagan-las-escuderias-la-impactante-cifra\/\" title=\"Trabaj\u00f3 como mec\u00e1nico en la F\u00f3rmula 1 y revel\u00f3 cu\u00e1nto pagan las escuder\u00edas: la impactante cifra\" rel=\"nofollow noopener\" target=\"_blank\"><b>Trabaj\u00f3 como mec\u00e1nico en la F\u00f3rmula 1 y revel\u00f3 cu\u00e1nto pagan las escuder\u00edas: la impactante cifra<\/b><\/a><\/p>\n<p class=\"left paragraph font__body-regular\">\u201cGasly y Colapinto no lograron destacarse en la lucha de la zona media en Monza, donde<b> las caracter\u00edsticas del circuito dejaron en evidencia las debilidades del paquete de Alpine<\/b> y derivaron en un fin de semana discreto para ambos pilotos\u201d, se\u00f1al\u00f3 el art\u00edculo publicado en el sitio oficial de la F1, que fue titulado como \u201c<b>Duro fin de semana<\/b>\u201d.<\/p>\n<p><img decoding=\"async\" loading=\"lazy\" fetchpriority=\"low\" data-testid=\"loading-testid\" class=\"image content-image image_placeholder\" alt=\"El argentino termin\u00f3 17\u00b0 en Monza. (Foto: Reuters).&#10;\" width=\"767\" height=\"430\" src=\"https:\/\/www.europesays.com\/es\/wp-content\/uploads\/2025\/09\/el-argentino-termino-17-en-monza-foto-reuters-YBOTHHOJFFA55F3ZVO6YRKTR44.jpg\"\/><\/p>\n<p>El argentino termin\u00f3 17\u00b0 en Monza. (Foto: Reuters).\n<\/p>\n<p class=\"left paragraph font__body-regular\">Adem\u00e1s, agregaron las declaraciones posteriores de ambos corredores. \u201c<b>En todas partes. Nos cuesta encontrar el ritmo, y sab\u00edamos que venir a Monza siempre iba a ser dif\u00edcil<\/b>\u201d, analiz\u00f3 Gasly. <\/p>\n<p class=\"left paragraph font__body-regular\">Por su parte, Colapinto expres\u00f3: \u201c<b>Fue duro, no muy agradable. Una carrera muy larga, muy solitaria. Lo intentamos al m\u00e1ximo<\/b>, creo, como equipo, con diferentes estrategias, pero no funcion\u00f3\u201c.<\/p>\n<p>Pr\u00f3ximo objetivo: el circuito callejero de Bak\u00fa<\/p>\n<p class=\"left paragraph font__body-regular\">La pr\u00f3xima carrera ser\u00e1 el Gran Premio de Azerbaiy\u00e1n, donde el argentino logr\u00f3 sus primeros puntos en la F1 con Williams. Ambos corredores de Alpine expresaron sus expectativas. <\/p>\n<p class=\"left paragraph font__body-regular\">\u201c<b>Seguiremos esforz\u00e1ndonos juntos. La pr\u00f3xima es Bak\u00fa, as\u00ed que intentaremos recuperar lo perdido en esta carrera<\/b>\u201d, reconoci\u00f3 Colapinto.<\/p>\n<p><img decoding=\"async\" loading=\"lazy\" fetchpriority=\"low\" data-testid=\"loading-testid\" class=\"image content-image image_placeholder\" alt=\"Franco Colapinto se prepara para volver a Bak\u00fa, donde ya corri\u00f3 con Williams en 2024. (Foto: EFE).\" width=\"767\" height=\"430\" src=\"https:\/\/www.europesays.com\/es\/wp-content\/uploads\/2025\/09\/franco-colapinto-se-prepara-para-volver-a-baku-donde-ya-corrio-con-williams-en-2024-foto-efe-L2TYKXE.jpeg\"\/><\/p>\n<p>Franco Colapinto se prepara para volver a Bak\u00fa, donde ya corri\u00f3 con Williams en 2024. (Foto: EFE).<\/p>\n<p class=\"left paragraph font__body-regular\">Por su lado, Gasly dijo: \u201c<b>Soy muy positivo y optimista, as\u00ed que solo tengo que seguir esforz\u00e1ndome al m\u00e1ximo y aprender todas las lecciones posibles para el equipo<\/b>. Lo intentaremos de nuevo en Bak\u00fa\u201d.<\/p>\n<p>F\u00f3rmula 1: fecha y horarios del Gran Premio de Azerbaiy\u00e1n<\/p>\n<p class=\"paragraph font__body-regular\"><b>Viernes 19 de septiembre<\/b><\/p>\n<ul class=\"ul__list list\">\n<li class=\"list__item\">5.30 Pr\u00e1ctica Libre 1<\/li>\n<li class=\"list__item\">9 Pr\u00e1ctica Libre 2<\/li>\n<\/ul>\n<p class=\"paragraph font__body-regular\"><b>S\u00e1bado 20 de septiembre<\/b><\/p>\n<ul class=\"ul__list list\">\n<li class=\"list__item\">5.30 Pr\u00e1ctica Libre 3<\/li>\n<li class=\"list__item\">9 Clasificaci\u00f3n<\/li>\n<\/ul>\n<p class=\"paragraph font__body-regular\"><b>Domingo 7 de septiembre<\/b><\/p>\n<p class=\"paragraph font__body-regular\">Los horarios corresponden a la Argentina.<\/p>\n","protected":false},"excerpt":{"rendered":"Pas\u00f3 el Gran Premio de Italia y fue una carrera para el olvido para los autos de Alpine,&hellip;\n","protected":false},"author":2,"featured_media":108832,"comment_status":"","ping_status":"","sticky":false,"template":"","format":"standard","meta":{"footnotes":""},"categories":[270],"tags":[1331,168,25,24,306,271,272,1723,1330,23,167],"class_list":{"0":"post-108831","1":"post","2":"type-post","3":"status-publish","4":"format-standard","5":"has-post-thumbnail","7":"category-formula-1","8":"tag-alpine","9":"tag-deportes","10":"tag-es","11":"tag-espana","12":"tag-f1","13":"tag-formula-1","14":"tag-formula1","15":"tag-franco-colapinto","16":"tag-pierre-gasly","17":"tag-spain","18":"tag-sports"},"share_on_mastodon":{"url":"","error":""},"_links":{"self":[{"href":"https:\/\/www.europesays.com\/es\/wp-json\/wp\/v2\/posts\/108831","targetHints":{"allow":["GET"]}}],"collection":[{"href":"https:\/\/www.europesays.com\/es\/wp-json\/wp\/v2\/posts"}],"about":[{"href":"https:\/\/www.europesays.com\/es\/wp-json\/wp\/v2\/types\/post"}],"author":[{"embeddable":true,"href":"https:\/\/www.europesays.com\/es\/wp-json\/wp\/v2\/users\/2"}],"replies":[{"embeddable":true,"href":"https:\/\/www.europesays.com\/es\/wp-json\/wp\/v2\/comments?post=108831"}],"version-history":[{"count":0,"href":"https:\/\/www.europesays.com\/es\/wp-json\/wp\/v2\/posts\/108831\/revisions"}],"wp:featuredmedia":[{"embeddable":true,"href":"https:\/\/www.europesays.com\/es\/wp-json\/wp\/v2\/media\/108832"}],"wp:attachment":[{"href":"https:\/\/www.europesays.com\/es\/wp-json\/wp\/v2\/media?parent=108831"}],"wp:term":[{"taxonomy":"category","embeddable":true,"href":"https:\/\/www.europesays.com\/es\/wp-json\/wp\/v2\/categories?post=108831"},{"taxonomy":"post_tag","embeddable":true,"href":"https:\/\/www.europesays.com\/es\/wp-json\/wp\/v2\/tags?post=108831"}],"curies":[{"name":"wp","href":"https:\/\/api.w.org\/{rel}","templated":true}]}}