{"id":108839,"date":"2025-09-11T23:17:19","date_gmt":"2025-09-11T23:17:19","guid":{"rendered":"https:\/\/www.europesays.com\/es\/108839\/"},"modified":"2025-09-11T23:17:19","modified_gmt":"2025-09-11T23:17:19","slug":"yoko-ono-como-nunca-antes-vista-en-el-musac-de-leon-70-obras-para-conocer-a-la-artista","status":"publish","type":"post","link":"https:\/\/www.europesays.com\/es\/108839\/","title":{"rendered":"Yoko Ono, como nunca antes vista en el Musac de Le\u00f3n: 70 obras para conocer a la artista"},"content":{"rendered":"<p><a class=\"v-mdl-ath__fig-a\" href=\"https:\/\/www.leonoticias.com\/autor\/leonoticias-2282.html\" title=\"Leonoticias\" rel=\"nofollow noopener\" target=\"_blank\"><br \/>\n<img decoding=\"async\" class=\"v-mdl-ath__img\" src=\"https:\/\/www.europesays.com\/es\/wp-content\/uploads\/2025\/07\/autor-2282-foto-1.jpeg\" alt=\"Leonoticias\"\/><br \/>\n<\/a><\/p>\n<p class=\"v-mdl-ath__p v-mdl-ath__p--6\">\nJueves, 11 de septiembre 2025, 12:33<\/p>\n<p class=\"v-p\">Los amantes del arte ya cuentan los d\u00edas para poder disfrutar en Le\u00f3n de la exposici\u00f3n m\u00e1s extensa y ambiciosa de Yoko Ono (Tokio, Jap\u00f3n, 1933) que acoge Espa\u00f1a en la \u00faltima d\u00e9cada y que recala en el Museo de Arte Contempor\u00e1neo de Castilla y Le\u00f3n, el Musac. <\/p>\n<p class=\"v-p\">A trav\u00e9s de 1.700 metros cuadrados de exposici\u00f3n, &#8216;Yoko Ono. Insound and Instructure&#8217; celebra la relevancia y trascendencia de la obra de esta artista pionera del arte conceptual y participativo, el cine y la performance, m\u00fasica y activista por la paz mundial.<\/p>\n<p><img decoding=\"async\" loading=\"lazy\" src=\"https:\/\/www.europesays.com\/es\/wp-content\/uploads\/2025\/09\/dKVmSLRZ-k4D-U2302895938576xxF-650x455@Leonoticias.jpg\" class=\"v-a-img\" width=\"650\" height=\"455\" alt=\"\" data-voc-vtm-id=\"in-text-traffic\"\/><\/p>\n<p><img loading=\"lazy\" decoding=\"async\" src=\"https:\/\/www.europesays.com\/es\/wp-content\/uploads\/2025\/09\/dKVmSLRZ-k4D-U2302895938576ShG-1920x1344@Leonoticias.jpg\" class=\"v-mdl__img-z\" width=\"1920\" height=\"1344\" alt=\"\"\/><\/p>\n<p class=\"v-p\">El t\u00edtulo de la muestra tiene su origen en un concierto y exposici\u00f3n de <a href=\"https:\/\/www.leonoticias.com\/culturas\/exposiciones\/yoko-ono-expondra-arte-musac-leon-20250115131218-nt.html\" data-voc-vtm-id=\"in-text-traffic\" title=\"Yoko Ono \" data-mrf-link=\"www.leonoticias.com\" rel=\"nofollow noopener\" target=\"_blank\">Yoko Ono <\/a>que tuvo lugar el 20 de julio de 1964, a las 6 de la tarde, en Yamaichi Hall de Kyoto. Ambos t\u00e9rminos se refieren a la forma en que Yoko Ono integra sonido e instrucci\u00f3n en su pr\u00e1ctica art\u00edstica. El punto de partida de muchas de las obras de Ono se encuentra en las &#8216;Instrucciones&#8217;, obras en formato de texto que invitan al lector a imaginar, experimentar, realizar o completar la pieza. Las ideas, y no los materiales, son el principal componente de la pr\u00e1ctica de la artista. La exposici\u00f3n en MUSAC incluye m\u00e1s de 70 piezas que, partiendo de estos conceptos, trazan un recorrido hist\u00f3rico por la trayectoria de Ono desde los a\u00f1os 60 hasta el momento actual. &#8216;Yoko Ono. Insound and Instructure&#8217; podr\u00e1 visitarse hasta el 17 de mayo de 2026 y est\u00e1 comisariada por Jon Hendricks, Connor Monahan y \u00c1lvaro Rodr\u00edguez Fominaya.<\/p>\n<p>Obras \u00fanicas<\/p>\n<p class=\"v-p\">La muestra incluye la amplia variedad de t\u00e9cnicas con las que ha trabajado <a href=\"https:\/\/www.leonoticias.com\/culturas\/samantha-hudson-huevos-yoko-ono-frio-director-20250725104544-nt.html\" data-voc-vtm-id=\"in-text-traffic\" title=\"Yoko Ono\" data-mrf-link=\"www.leonoticias.com\" rel=\"nofollow noopener\" target=\"_blank\">Yoko Ono<\/a>, desde la performance, el cine, la m\u00fasica, la instalaci\u00f3n, la pintura o la fotograf\u00eda. Entre la selecci\u00f3n de obras realizada est\u00e1n algunos de sus trabajos m\u00e1s reconocidos, entre ellos piezas ic\u00f3nicas de los a\u00f1os 60 como &#8216;Cut Piece&#8217; (1964), &#8216;Voice Piece for Soprano&#8217; (1961) o &#8216;Draw Circle Painting&#8217; (1964), que requiere la participaci\u00f3n del p\u00fablico para realizarse. Esta participaci\u00f3n de la audiencia supone una de las cuestiones singulares que definen su creaci\u00f3n. Entre las obras participativas que se podr\u00e1n experimentar est\u00e1n &#8216;A-MAZE&#8217; (1971), un laberinto por el que se puede transitar, o &#8216;EN TRANCE&#8217; (1990), una construcci\u00f3n arquitect\u00f3nica que sirve de pre\u00e1mbulo y entrada a la muestra, y que re\u00fane las nociones de transformaci\u00f3n y juego.<\/p>\n<p><img decoding=\"async\" loading=\"lazy\" src=\"https:\/\/www.europesays.com\/es\/wp-content\/uploads\/2025\/09\/Oe-PVXtQ-k4D-U2302895938576QmD-650x455@Leonoticias.jpg\" class=\"v-a-img\" width=\"650\" height=\"455\" alt=\"\" data-voc-vtm-id=\"in-text-traffic\"\/><\/p>\n<p><img loading=\"lazy\" decoding=\"async\" src=\"https:\/\/www.europesays.com\/es\/wp-content\/uploads\/2025\/09\/Oe-PVXtQ-k4D-U2302895938576xcF-1920x1344@Leonoticias.jpg\" class=\"v-mdl__img-z\" width=\"1920\" height=\"1344\" alt=\"\"\/><\/p>\n<p class=\"v-p\">La exposici\u00f3n en <a href=\"https:\/\/www.leonoticias.com\/culturas\/anos-musac-imagenes-20250401081511-nt.html\" data-voc-vtm-id=\"in-text-traffic\" title=\"MUSAC \" data-mrf-link=\"www.leonoticias.com\" rel=\"nofollow noopener\" target=\"_blank\">MUSAC <\/a>no es solamente una ocasi\u00f3n \u00fanica para tener acceso a las obras hist\u00f3ricas de la artista, sino que tambi\u00e9n recoge algunos de sus proyectos m\u00e1s recientes, como la instalaci\u00f3n &#8216;DOORS&#8217; (2011) o &#8216;INVISIBLE FLAGS&#8217; (2015), que reitera el pacifismo como una de sus preocupaciones vitales.<\/p>\n<p>Todas las artes y formatos de la expresi\u00f3n art\u00edstica de Ono<\/p>\n<p class=\"v-p\">En el recorrido hay tambi\u00e9n una amplia selecci\u00f3n de sus pel\u00edculas, realizadas en parte junto a John Lennon, y de las que podremos ver \u00abRAPE\u00bb (1968), &#8216;FLY&#8217; (1970\/1971) o &#8216;Freedom&#8217; (1970).<\/p>\n<p class=\"v-p\">La exposici\u00f3n es especialmente relevante en un momento en el que la obra de Yoko Ono est\u00e1 recibiendo el reconocimiento de los museos a nivel internacional por su relevancia y resonancia en nuestros d\u00edas, conrecientes retrospectivas en Tate Modern (Londres), la Neue Nationalgalerie (Berl\u00edn) o el Museum of Contemporay Art (MCA) en Chicago (EE.UU.).<\/p>\n<p>Informaci\u00f3n pr\u00e1ctica<\/p>\n<ul class=\"v-u v-u--t4\">\n<li class=\"v-u__l\">\n<p class=\"v-p\">\nT\u00edtulo de la exposici\u00f3n: Yoko Ono. Insound and Instructure\n<\/p>\n<\/li>\n<li class=\"v-u__l\">\n<p class=\"v-p\">\nArtista: Yoko Ono (Tokio, Jap\u00f3n, 1933)\n<\/p>\n<\/li>\n<li class=\"v-u__l\">\n<p class=\"v-p\">\nComisarios: Jon Hendricks, Connor Monahan y \u00c1lvaro Rodr\u00edguez Fominaya\n<\/p>\n<\/li>\n<li class=\"v-u__l\">\n<p class=\"v-p\">\nFechas: 8 de noviembre 2025 &#8211; 17 de mayo de 2026\n<\/p>\n<\/li>\n<li class=\"v-u__l\">\n<p class=\"v-p\">\nLugar: MUSAC, Museo de Arte Contempor\u00e1neo de Castilla y Le\u00f3n. Salas 3 a 6.\n<\/p>\n<\/li>\n<li class=\"v-u__l\">\n<p class=\"v-p\">\nHorario: Martes a domingo de 11:00 a 14:00 y de 17:00 a 20:00 h.\n<\/p>\n<\/li>\n<li class=\"v-u__l\">\n<p class=\"v-p\">\nInauguraci\u00f3n: S\u00e1bado 8 de noviembre de 19:00 a 21:00 h.\n<\/p>\n<\/li>\n<\/ul>\n<p>Comenta<\/p>\n<p>Reporta un error<\/p>\n","protected":false},"excerpt":{"rendered":"Jueves, 11 de septiembre 2025, 12:33 Los amantes del arte ya cuentan los d\u00edas para poder disfrutar en&hellip;\n","protected":false},"author":2,"featured_media":108840,"comment_status":"","ping_status":"","sticky":false,"template":"","format":"standard","meta":{"footnotes":""},"categories":[173],"tags":[229,233,1830,231,230,8342,232,234,146,147,25,24,4108,37462,1050,474,37461,23,6989,37460],"class_list":{"0":"post-108839","1":"post","2":"type-post","3":"status-publish","4":"format-standard","5":"has-post-thumbnail","7":"category-arte-y-diseno","8":"tag-arte","9":"tag-arte-y-diseno","10":"tag-artista","11":"tag-arts","12":"tag-arts-and-design","13":"tag-conocer","14":"tag-design","15":"tag-diseno","16":"tag-entertainment","17":"tag-entretenimiento","18":"tag-es","19":"tag-espana","20":"tag-leon","21":"tag-musac","22":"tag-nunca","23":"tag-obras","24":"tag-ono","25":"tag-spain","26":"tag-vista","27":"tag-yoko"},"share_on_mastodon":{"url":"","error":""},"_links":{"self":[{"href":"https:\/\/www.europesays.com\/es\/wp-json\/wp\/v2\/posts\/108839","targetHints":{"allow":["GET"]}}],"collection":[{"href":"https:\/\/www.europesays.com\/es\/wp-json\/wp\/v2\/posts"}],"about":[{"href":"https:\/\/www.europesays.com\/es\/wp-json\/wp\/v2\/types\/post"}],"author":[{"embeddable":true,"href":"https:\/\/www.europesays.com\/es\/wp-json\/wp\/v2\/users\/2"}],"replies":[{"embeddable":true,"href":"https:\/\/www.europesays.com\/es\/wp-json\/wp\/v2\/comments?post=108839"}],"version-history":[{"count":0,"href":"https:\/\/www.europesays.com\/es\/wp-json\/wp\/v2\/posts\/108839\/revisions"}],"wp:featuredmedia":[{"embeddable":true,"href":"https:\/\/www.europesays.com\/es\/wp-json\/wp\/v2\/media\/108840"}],"wp:attachment":[{"href":"https:\/\/www.europesays.com\/es\/wp-json\/wp\/v2\/media?parent=108839"}],"wp:term":[{"taxonomy":"category","embeddable":true,"href":"https:\/\/www.europesays.com\/es\/wp-json\/wp\/v2\/categories?post=108839"},{"taxonomy":"post_tag","embeddable":true,"href":"https:\/\/www.europesays.com\/es\/wp-json\/wp\/v2\/tags?post=108839"}],"curies":[{"name":"wp","href":"https:\/\/api.w.org\/{rel}","templated":true}]}}