{"id":108847,"date":"2025-09-11T23:22:11","date_gmt":"2025-09-11T23:22:11","guid":{"rendered":"https:\/\/www.europesays.com\/es\/108847\/"},"modified":"2025-09-11T23:22:11","modified_gmt":"2025-09-11T23:22:11","slug":"alineaciones-probables-del-sevilla-elche-de-laliga-ea-sports-2024-2025-onces-y-banquillo-de-suplentes","status":"publish","type":"post","link":"https:\/\/www.europesays.com\/es\/108847\/","title":{"rendered":"Alineaciones probables del Sevilla &#8211; Elche de LaLiga EA Sports 2024-2025: onces y banquillo de suplentes"},"content":{"rendered":"<p><img decoding=\"async\" class=\"voc-author__img\" src=\"https:\/\/www.europesays.com\/es\/wp-content\/uploads\/2025\/07\/autor-4703-foto-2.jpeg\" alt=\"\u00c1lvaro Galv\u00e1n\"\/><\/p>\n<p>11\/09\/2025<br \/>\n<br \/><strong><br \/>\nActualizado a las 22:21h.<br \/>\n<\/strong><\/p>\n<p class=\"voc-p\" style=\"\">Tras este primer par\u00f3n de selecciones de la temporada, el <strong>Sevilla FC<\/strong> retoma <a href=\"https:\/\/www.laliga.com\/es-GB\" target=\"_self\" data-voc-vtm-id=\"in-text-traffic\" title=\"LaLiga\" data-mrf-link=\"www.laliga.com\" rel=\"nofollow noopener\">LaLiga<\/a>, donde acumula tres puntos de nueve posibles. Son adem\u00e1s los sevillistas quienes <a href=\"https:\/\/www.abc.es\/deportes\/orgullodenervion\/noticias-sevilla-fc\/ver-sevilla-elche-canal-streaming-online-partido-20250910192315-nts.html\" target=\"_self\" data-voc-vtm-id=\"in-text-traffic\" title=\"inauguran este viernes la cuarta jornada\" data-mrf-link=\"www.abc.es\" rel=\"nofollow noopener\">inauguran este viernes la cuarta jornada<\/a> del campeonato dom\u00e9stico, recibiendo al <strong>Elche CF<\/strong> en el Ram\u00f3n S\u00e1nchez-Pizju\u00e1n. Este choque entre nervionenses y franjiverdes est\u00e1 fijado para las <strong>21.00 horas<\/strong>. <\/p>\n<p class=\"voc-p\" style=\"\">El Sevilla buscar\u00e1 <strong>su primera victoria como local<\/strong>, ya que el primer choque del curso en Nervi\u00f3n se decant\u00f3 a favor del equipo visitante, <a href=\"https:\/\/www.abc.es\/deportes\/orgullodenervion\/noticias-sevilla-fc\/cronica-sevilla-getafe-xxx-20250825122743-nts.html\" target=\"_self\" data-voc-vtm-id=\"in-text-traffic\" title=\"un Getafe que se impuso por 1-2\" data-mrf-link=\"www.abc.es\" rel=\"nofollow noopener\">un Getafe que se impuso por 1-2<\/a>. Por su parte, <strong>el Elche mantiene su condici\u00f3n de invicto<\/strong> en lo que llevamos de temporada; a domicilio, el conjunto ilicitano logr\u00f3 empatar ante el Atl\u00e9tico de Madrid (1-1).<\/p>\n<p>\nLa posible alineaci\u00f3n del Sevilla ante el Elche\n<\/p>\n<p class=\"voc-p\" style=\"\">Ya con la plantilla completamente definida tras los movimientos acaecidos durante <a href=\"https:\/\/www.abc.es\/deportes\/orgullodenervion\/fichajes-sevilla-fc\/cierre-mercado-fichajes-sevilla-directo-altas-bajas-20250901155609-dis.html\" target=\"_self\" data-voc-vtm-id=\"in-text-traffic\" title=\"el \u00faltimo d\u00eda del mercado de fichajes\" data-mrf-link=\"www.abc.es\" rel=\"nofollow noopener\">el \u00faltimo d\u00eda del mercado de fichajes<\/a>, Mat\u00edas Almeyda afronta este nuevo encuentro con un mayor n\u00famero de efectivos, en comparaci\u00f3n con la jornada precedente ante el Girona. Y es que el t\u00e9cnico argentino recupera a <strong>Nianzou, Sow, Januzaj y Ram\u00f3n Mart\u00ednez<\/strong>, adem\u00e1s de contar por primera vez con futbolistas como <strong>Azpilicueta, Batista Mendy, Fabio Cardoso y Alexis S\u00e1nchez<\/strong>. Como bajas est\u00e1n los lesionados <strong>Jord\u00e1n, Akor Adams y Ejuke<\/strong>, adem\u00e1s de <strong>\u00c1lvaro Fern\u00e1ndez<\/strong>, por decisi\u00f3n t\u00e9cnica. \u00abIncorporamos gente en las posiciones que consider\u00e1bamos que hab\u00eda que reforzar y <strong>se hizo de manera inteligente<\/strong>\u00ab, <a href=\"https:\/\/www.abc.es\/deportes\/orgullodenervion\/noticias-sevilla-fc\/almeyda-sevilla-20250911122246-nts.html\" target=\"_self\" data-voc-vtm-id=\"in-text-traffic\" title=\"dijo Almeyda en rueda de prensa\" data-mrf-link=\"www.abc.es\" rel=\"nofollow noopener\">dijo Almeyda en rueda de prensa<\/a> con respecto al mercado de fichajes. <\/p>\n<ul class=\"voc-list\">\n<li class=\"voc-list__item\">\n<strong>Sevilla FC<\/strong><br \/>\nNyland; Carmona, Azpilicueta, Kike Salas, Suazo; Agoum\u00e9, Batista Mendy; Juanlu, Rub\u00e9n Vargas, Alfon; e Isaac Romero..\n<\/li>\n<\/ul>\n<p class=\"voc-p\" style=\"\">Dos de las \u00faltimas incorporaciones podr\u00edan estrenarse como titulares vistiendo la camiseta del Sevilla; son los casos de <strong>Azpilicueta<\/strong>, que ocupar\u00eda el lugar de Castr\u00edn en el eje de la zaga, y de <strong>Batista Mendy<\/strong>, quien suplir\u00eda a Gudelj en el centro del campo.<\/p>\n<p>\nLa posible alineaci\u00f3n del Elche ante el Sevilla\n<\/p>\n<p class=\"voc-p\" style=\"\">Con menos bajas afrontar\u00e1 el Elche el duelo de este viernes en el S\u00e1nchez-Pizju\u00e1n. Y es que Eder Sarabia tan solo no podr\u00e1 disponer de <strong>los <\/strong><strong>lesionados Aguado y Yago Santiago<\/strong> para enfrentarse al Sevilla. Adem\u00e1s, entre los convocados por el t\u00e9cnico franjiverde figuran <strong>tanto Rafa Mir como Pedrosa<\/strong>, cedidos este curso en la entidad ilicitana. \u00abSiempre hay que poner el cien por cien. Las buenas sensaciones se pueden perder r\u00e1pido. <strong>Conf\u00edo en que competiremos bien en Sevilla<\/strong>. No s\u00e9 el resultado, pero el objetivo es seguir sumando y creciendo\u00ab, afirm\u00f3 el preparador bilba\u00edno en rueda de prensa.<\/p>\n<ul class=\"voc-list\">\n<li class=\"voc-list__item\">\n<strong>Elche CF<\/strong><br \/>\nDituro; \u00c1lvaro N\u00fa\u00f1ez, V\u00edctor Chust, Affengruber, Pedro Bigas, Valera; Rodrigo Mendoza, Redondo, Febas; \u00c1lvaro Rodr\u00edguez y Rafa Mir.\n<\/li>\n<\/ul>\n<p class=\"voc-p\" style=\"\">La novedad en el conjunto ilicitano estar\u00eda en <strong>la titularidad de<\/strong><strong>Redondo<\/strong>; Sarabia apostar\u00eda por el centrocampista hispano-argentino en vez de por Aguado, quien causa baja.<\/p>\n<p>Reportar un error<\/p>\n","protected":false},"excerpt":{"rendered":"11\/09\/2025 Actualizado a las 22:21h. Tras este primer par\u00f3n de selecciones de la temporada, el Sevilla FC retoma&hellip;\n","protected":false},"author":2,"featured_media":108848,"comment_status":"","ping_status":"","sticky":false,"template":"","format":"standard","meta":{"footnotes":""},"categories":[93],"tags":[23728,26170,2953,168,2006,25,24,288,26172,1171,23,167,26173],"class_list":{"0":"post-108847","1":"post","2":"type-post","3":"status-publish","4":"format-standard","5":"has-post-thumbnail","7":"category-deportes","8":"tag-23728","9":"tag-alineaciones","10":"tag-banquillo","11":"tag-deportes","12":"tag-elche","13":"tag-es","14":"tag-espana","15":"tag-laliga","16":"tag-onces","17":"tag-sevilla","18":"tag-spain","19":"tag-sports","20":"tag-suplentes"},"share_on_mastodon":{"url":"","error":""},"_links":{"self":[{"href":"https:\/\/www.europesays.com\/es\/wp-json\/wp\/v2\/posts\/108847","targetHints":{"allow":["GET"]}}],"collection":[{"href":"https:\/\/www.europesays.com\/es\/wp-json\/wp\/v2\/posts"}],"about":[{"href":"https:\/\/www.europesays.com\/es\/wp-json\/wp\/v2\/types\/post"}],"author":[{"embeddable":true,"href":"https:\/\/www.europesays.com\/es\/wp-json\/wp\/v2\/users\/2"}],"replies":[{"embeddable":true,"href":"https:\/\/www.europesays.com\/es\/wp-json\/wp\/v2\/comments?post=108847"}],"version-history":[{"count":0,"href":"https:\/\/www.europesays.com\/es\/wp-json\/wp\/v2\/posts\/108847\/revisions"}],"wp:featuredmedia":[{"embeddable":true,"href":"https:\/\/www.europesays.com\/es\/wp-json\/wp\/v2\/media\/108848"}],"wp:attachment":[{"href":"https:\/\/www.europesays.com\/es\/wp-json\/wp\/v2\/media?parent=108847"}],"wp:term":[{"taxonomy":"category","embeddable":true,"href":"https:\/\/www.europesays.com\/es\/wp-json\/wp\/v2\/categories?post=108847"},{"taxonomy":"post_tag","embeddable":true,"href":"https:\/\/www.europesays.com\/es\/wp-json\/wp\/v2\/tags?post=108847"}],"curies":[{"name":"wp","href":"https:\/\/api.w.org\/{rel}","templated":true}]}}