{"id":108849,"date":"2025-09-11T23:23:11","date_gmt":"2025-09-11T23:23:11","guid":{"rendered":"https:\/\/www.europesays.com\/es\/108849\/"},"modified":"2025-09-11T23:23:11","modified_gmt":"2025-09-11T23:23:11","slug":"fasenra-benralizumab-una-nueva-opcion-terapeutica-esperanzadora-para-pacientes-con-gepa","status":"publish","type":"post","link":"https:\/\/www.europesays.com\/es\/108849\/","title":{"rendered":"Fasenra\u00ae benralizumab una nueva opci\u00f3n terap\u00e9utica esperanzadora para pacientes con GEPA\u00a0"},"content":{"rendered":"<p>La granulomatosis eosinof\u00edlica con poliange\u00edtis (GEPA), conocida tambi\u00e9n como s\u00edndrome de Churg-Strauss, es un tipo de vasculitis poco frecuente de afectaci\u00f3n multiorg\u00e1nica, que puede da\u00f1ar diferentes \u00f3rganos del cuerpo humano incluidos los pulmones, la piel, el coraz\u00f3n, el aparato digestivo y los nervios, y que, adem\u00e1s, comparte caracter\u00edsticas con otras &#8230;            &#13;\n        <\/p>\n<p> &#13;<br \/>\n&#13;<br \/>\n&#13;<\/p>\n<p>La <strong>granulomatosis eosinof\u00edlica con poliange\u00edtis (GEPA)<\/strong>, conocida tambi\u00e9n como s\u00edndrome de Churg-Strauss, es un <strong>tipo de vasculitis poco frecuente de afectaci\u00f3n multiorg\u00e1nica<\/strong>, que puede da\u00f1ar diferentes \u00f3rganos del cuerpo humano incluidos los pulmones, la piel, el coraz\u00f3n, el aparato digestivo y los nervios, y que, adem\u00e1s, comparte caracter\u00edsticas con otras patolog\u00edas respiratorias como el asma.<\/p>\n<p>En lo concerniente al tratamiento no biol\u00f3gico,<strong> los afectados se ven abocados a un elevado consumo de corticosteroides orales (OCS)<\/strong> en dosis altas, que pueden producir efectos adversos frecuentes o importantes recidivas al intentar reducir su posolog\u00eda.<\/p>\n<p>Precisamente, la compa\u00f1\u00eda <strong>AstraZeneca\u00a0ha decidido apostar decididamente por ofrecer a millones de personas\u00a0que conviven con enfermedades eosinof\u00edlicas en todo el mundo soluciones innovadoras y efectivas,<\/strong> como la presentada este jueves ante los medios de comunicaci\u00f3n. Se trata de <strong>Fasenra\u00ae (benralizumab)<\/strong> tratamiento adicional en pacientes adultos con GEPA,\u00a0que ya est\u00e1 disponible en nuestro pa\u00eds como anunci\u00f3\u00a0la directora m\u00e9dica y de asuntos regulatorios de AstraZeneca Espa\u00f1a, <strong>Ana P\u00e9rez.<\/strong><\/p>\n<p>Entre las caracter\u00edsticas de esta nueva opci\u00f3n terap\u00e9utica, la representante de AstraZeneca explic\u00f3 que\u00a0Fasenra\u00ae (benralizumab) \u00abpresenta\u00a0un mecanismo de acci\u00f3n antieosin\u00f3filico, uni\u00e9ndose de\u00a0una forma espec\u00edfica al receptor de la interleucina humana 5 en aquellas c\u00e9lulas que lo expresan, fundamentalmente, eosin\u00f3filos y bas\u00f3filos, provocando una depleci\u00f3n de los mismos y una mejora clara de la sintomatolog\u00eda\u00bb. \u00abCon la aprobaci\u00f3n que anunciamos, sumamos una nueva indicaci\u00f3n para un f\u00e1rmaco que trata todas aquellas patolog\u00edas en las que se encuentran implicados los eosin\u00f3filos, su actor principal\u00bb, agreg\u00f3.<\/p>\n<p> &#13;<br \/>\n&#13;<br \/>\n&#13;<\/p>\n<p>En este encuentro con los medios de comunicaci\u00f3n\u00a0participaron, adem\u00e1s, los Dres. <strong>Ismael Garc\u00eda Moguel,<\/strong> vicepresidente del Comit\u00e9 de Asma de SEAIC y adjunto del Servicio de Alergolog\u00eda del Hospital Universitario 12 de Octubre de Madrid; <strong>Carlos Almonacid<\/strong>, jefe de Servicio de Neumolog\u00eda del Hospital Universitario Puerta de Hierro de Majadahonda; <strong>Andr\u00e9s Gonz\u00e1lez,<\/strong> especialista en Medicina Interna del Hospital Universitario Ram\u00f3n y Cajal de Madrid; adem\u00e1s de <strong>Susana Romero<\/strong>, jefa del Servicio de Reumatolog\u00eda del Complejo Hospitalario Universitario de Pontevedra.<\/p>\n<p>Estos expertos ofrecieron una<strong> panor\u00e1mica desde diferentes vertientes sobre la realidad de la GEPA y su manejo terap\u00e9utico<\/strong>, coincidiendo en la importancia de un <strong>diagn\u00f3stico precoz y un tratamiento esperanzador<\/strong>, como representa en este caso Fasenra\u00ae (benralizumab).<\/p>\n<p><img decoding=\"async\" src=\"https:\/\/www.europesays.com\/es\/wp-content\/uploads\/2025\/09\/immedicohospitalario_fasenra_benralizumab_nueva__52740_11160952.png\"\/><\/p>\n<p><strong>Beneficios demostrados<\/strong><\/p>\n<p>As\u00ed lo han demostrado <strong>estudios como MANDARA y MANDARA OLE<\/strong>, ensayos cl\u00ednicos que han permitido la aprobaci\u00f3n y financiaci\u00f3n de este f\u00e1rmaco. En ellos se ha podido constatar que <strong>dicho medicamento mantuvo su eficacia y seguridad a largo plazo en pacientes con GEPA.<\/strong> Los datos se\u00f1alan que un 58% de los pacientes tratados con este f\u00e1rmaco alcanzaron una remisi\u00f3n sostenida y una baja tasa de reca\u00eddas; adem\u00e1s, el 41% de los pacientes en tratamiento con Fasenra\u00ae (benralizumab) lograron retirar por completo la corticoterapia oral.<\/p>\n<p>En concreto, el estudio MANDARA, tal como expuso el Dr. Carlos\u00a0Almonacid, \u00abha demostrado que\u00a0hasta en cuatro de cada diez pacientes se pueden retirar completamente los corticoides orales y que hasta en siete de cada diez se consigue que la enfermedad remita por completo. Con lo cual, para nosotros estos nuevos tratamientos han supuesto un antes y un despu\u00e9s\u00bb.<\/p>\n<p>De acuerdo con el Dr. Ismael Garc\u00eda \u00abes muy importante contar con terapias tan seguras para un manejo efectivo ante patolog\u00edas tan potencialmente graves, adem\u00e1s de conseguir la remisi\u00f3n completa de la misma en un porcentaje importante de pacientes, m\u00e1s del 40%, y tambi\u00e9n la retirada de corticoides con los consiguientes efectos secundarios adversos\u00bb.<\/p>\n<p>As\u00ed, para el Dr. Andr\u00e9s Gonz\u00e1lez \u00abes muy importante y es muy buena noticia que se desarrollen nuevas terapias como\u00a0Fasenra\u00ae (benralizumab)\u00a0porque contribuyen a que se visibilice, en este caso, la\u00a0granulomatosis eosinof\u00edlica con poliange\u00edtis, una enfermedad minoritaria que la sociedad tiene que conocer porque, de lo contrario, no se va a diagnosticar\u00bb.<\/p>\n<p>Presisamente, la Dra.\u00a0Susana Romero incidi\u00f3 en la <strong>importancia de su diagn\u00f3stico precoz y adecuado de la GEPA<\/strong> \u00abque evita, en muchas ocasiones el da\u00f1o irreversible de los \u00f3rganos afectados\u00bb, seg\u00fan indic\u00f3, as\u00ed como, en la utilizaci\u00f3n de f\u00e1rmacos que controlan la enfermedad pero, a su vez, minimizan los efectos secundarios de los glucocorticoides que utiliz\u00e1bamos, en algunos casos, a dosis muy altas en este tipo de patolog\u00edas\u00a0eosinof\u00edlicas\u00bb.<\/p>\n<p>Para concluir cabe recordar que\u00a0Fasenra\u00ae (benralizumab), de <strong>dispensaci\u00f3n en farmacia hospitalaria, <\/strong>fue \u00a0aprobado recientemente en la UE como tratamiento adicional para pacientes adultos con GEPA recidivante o refractaria, tras recibir la <strong>opini\u00f3n positiva del Comit\u00e9 de Medicamentos de Uso Humano (CHMP) de la Agencia Europea del Medicamento<\/strong>, que bas\u00f3 su dictamen positivo en los resultados del ensayo de fase III MANDARA publicado en &#8216;The New England Journal of Medicine&#8217; y <strong>es el segundo medicamento biol\u00f3gico aprobado para tratar dicha patolog\u00eda.<\/strong><\/p>\n","protected":false},"excerpt":{"rendered":"La granulomatosis eosinof\u00edlica con poliange\u00edtis (GEPA), conocida tambi\u00e9n como s\u00edndrome de Churg-Strauss, es un tipo de vasculitis poco&hellip;\n","protected":false},"author":2,"featured_media":108850,"comment_status":"","ping_status":"","sticky":false,"template":"","format":"standard","meta":{"footnotes":""},"categories":[92],"tags":[37464,37471,1435,2170,37466,7164,8885,1293,37469,37467,25,24,1489,16158,874,37463,37465,7957,37468,165,908,1816,3238,795,2538,1817,37470,7171,4212,166,15290,7019,23,3271,8402,1064,809,2606,3352],"class_list":{"0":"post-108849","1":"post","2":"type-post","3":"status-publish","4":"format-standard","5":"has-post-thumbnail","7":"category-salud","8":"tag-benralizumab","9":"tag-biologico-benralizumab","10":"tag-calidad","11":"tag-como","12":"tag-conviven","13":"tag-da","14":"tag-disponible","15":"tag-enfermedades","16":"tag-eosinofilica","17":"tag-eosinofilicas","18":"tag-es","19":"tag-espana","20":"tag-espanol","21":"tag-esperanzadora","22":"tag-esta","23":"tag-fasenra","24":"tag-gepa","25":"tag-giro","26":"tag-granulomatosis","27":"tag-health","28":"tag-importante","29":"tag-innovacion","30":"tag-mano","31":"tag-nueva","32":"tag-opcion","33":"tag-pacientes","34":"tag-poliangeitis","35":"tag-pueden","36":"tag-representa","37":"tag-salud","38":"tag-sanitario","39":"tag-sistema","40":"tag-spain","41":"tag-su","42":"tag-terapeutica","43":"tag-tratamiento","44":"tag-ver","45":"tag-vida","46":"tag-ya"},"share_on_mastodon":{"url":"","error":""},"_links":{"self":[{"href":"https:\/\/www.europesays.com\/es\/wp-json\/wp\/v2\/posts\/108849","targetHints":{"allow":["GET"]}}],"collection":[{"href":"https:\/\/www.europesays.com\/es\/wp-json\/wp\/v2\/posts"}],"about":[{"href":"https:\/\/www.europesays.com\/es\/wp-json\/wp\/v2\/types\/post"}],"author":[{"embeddable":true,"href":"https:\/\/www.europesays.com\/es\/wp-json\/wp\/v2\/users\/2"}],"replies":[{"embeddable":true,"href":"https:\/\/www.europesays.com\/es\/wp-json\/wp\/v2\/comments?post=108849"}],"version-history":[{"count":0,"href":"https:\/\/www.europesays.com\/es\/wp-json\/wp\/v2\/posts\/108849\/revisions"}],"wp:featuredmedia":[{"embeddable":true,"href":"https:\/\/www.europesays.com\/es\/wp-json\/wp\/v2\/media\/108850"}],"wp:attachment":[{"href":"https:\/\/www.europesays.com\/es\/wp-json\/wp\/v2\/media?parent=108849"}],"wp:term":[{"taxonomy":"category","embeddable":true,"href":"https:\/\/www.europesays.com\/es\/wp-json\/wp\/v2\/categories?post=108849"},{"taxonomy":"post_tag","embeddable":true,"href":"https:\/\/www.europesays.com\/es\/wp-json\/wp\/v2\/tags?post=108849"}],"curies":[{"name":"wp","href":"https:\/\/api.w.org\/{rel}","templated":true}]}}