{"id":108851,"date":"2025-09-11T23:24:10","date_gmt":"2025-09-11T23:24:10","guid":{"rendered":"https:\/\/www.europesays.com\/es\/108851\/"},"modified":"2025-09-11T23:24:10","modified_gmt":"2025-09-11T23:24:10","slug":"florencia-bas-la-madre-de-chino-darin-pletorica-con-el-embarazo-de-ursula-corbero-los-amo-con-mi-vida-el-mundo","status":"publish","type":"post","link":"https:\/\/www.europesays.com\/es\/108851\/","title":{"rendered":"Florencia Bas, la madre de Chino Dar\u00edn, plet\u00f3rica con el embarazo de \u00darsula Corber\u00f3: &quot;\u00a1Los amo con mi vida!&quot; &#8211; El Mundo"},"content":{"rendered":"<ol>\n<li><a href=\"https:\/\/news.google.com\/rss\/articles\/CBMigAFBVV95cUxNbkNXdUFHeTlVdjZNV1FzeTBDb2VDTlpITHI2WDd6QWlSWl9tem1jY19XVThBMXpfdVZnY3p4cGUwbXFRQkx2a09hNkVTRVg0YkJjbW56ZktIUDl4bHhQZ3QyQm9aNHRaNTBVVTFrZElSbVlsQlNCSkNGZ3hXNmZ3b9IBgAFBVV95cUxQVmNlUm9ma1VhYVhkUVN2M0tJT29jQnY5bHZrZ1dqVE5ydE5CLWltdzA1eW9PeFRuU2JwMHlDb3NGdlY0a3R2b1NDVTBZQ3NSMnEwVzhwVnZOT3RHMVdLaXhETjFtYW5wcmp0WG5zMWhPYTczZGMybjBNc0RnU0lrOA?oc=5\" target=\"_blank\" rel=\"nofollow noopener\">Florencia Bas, la madre de Chino Dar\u00edn, plet\u00f3rica con el embarazo de \u00darsula Corber\u00f3: \u00ab\u00a1Los amo con mi vida!\u00bb<\/a>&nbsp;&nbsp;El Mundo<\/li>\n<li><a href=\"https:\/\/news.google.com\/rss\/articles\/CBMirwFBVV95cUxOVjFBbU03Y20zNEtmVjNfaWtZalI3Rm8ydk5rUXluNnYzcldUcWFSV3l1X0NiMjRncEFRY3dkRzBiVm1ocUp3WWk2VGZsZzJKS2RRT0wwaDZka2EzUmtlcXc0czZnbFZMemp2emtkRlhsRGxqRW02V0trSFI5dTFFMTdLRFBKYUFHT2haaW1MSzg3N3R0Z2VPUzQzZUNhTmtOS0VxMDJVQUdZa25ZTElB?oc=5\" target=\"_blank\" rel=\"nofollow noopener\">Ricardo Dar\u00edn revela c\u00f3mo supo que ser\u00eda abuelo: \u201cPas\u00e9 de gal\u00e1n maduro a anciano\u201d<\/a>&nbsp;&nbsp;HOLA<\/li>\n<li><a href=\"https:\/\/news.google.com\/rss\/articles\/CBMijwJBVV95cUxPcy0xNk50ZFJyZ1FsdkYyM2JXYUM0ZkhDeDNPUmk4Und2Yk1qNWNHaFVhQkZ6VlBjYlBfSFRuM2t4ZDRWRzlIR2dER09IR19vUV9LbXZvQk1PM3VrZUQyY1M0Z2RtalIzRXZZUDMyeWlHZkNJUW95SHlkbDFOeVkzVjVtTF9OdlVaR0NIUkJxRlpoYWZvTElWUlFBRVJhTmxOcy15dER6cnJ4YnYtTVFoQ0FUejNWQXRYeGtjRTJ4Qi1KR0pNQlFha05ER0xWdUxOSjNCQ1B0TE9XazU0QUc5c0Z4NFJaUXRxWktpa3Q5SXZ5QWMyMGx5TjZLSGtuemRvSFpNdGhGdDM2UGFoSXJR0gGPAkFVX3lxTFBhRjB3cWlKdk9Nakx6ZXI5eFFrNmhtRmVOLXN0X1Q0RFdSQ3EtR1FSOFZwWDF0Q2tWdWNIdkZYYlg1Y21MYlRyaHlHeUc0Um1ZTmJXQ1BVUzBJNF9hZHZQME5QeGJqZHRQeXk4VWJHbDNQOUxreFdwOFMxM2toYzhRekNCaU10YW9ZdFROLUxlQVpWOEFQbi1GcmVmdnlYNXNsdGVRNlBXOVFqWkt3WmxHUllEc0QwUk5sQU9zeGZ3TkNOZ3RHMFJlQ1Q2el9yUXFYVlQ1WTFjb1B4dzZOc1hQeVVUeXI2dmdPM3hOVVBmeVNPS3hUTUVTSkVEVnpZSEVWZTFPOWNJM1VCSXc1NFk?oc=5\" target=\"_blank\" rel=\"nofollow noopener\">Juan Sanguino repasa la historia de amor de \u00darsula Corber\u00f3 y Chino Dar\u00edn tras anunciar que esperan su primer h<\/a>&nbsp;&nbsp;LaSexta<\/li>\n<li><a href=\"https:\/\/news.google.com\/rss\/articles\/CBMingFBVV95cUxNc1ZHRzV3UWU5NEZVV2ZETVZUTmVPWkNYc3NUckVYSjVYSVFfUUpFLUV4bDBKcF9nN2R5TEtoSWVDZzJaVXVnMk12RHVQNWpSME5ITDFUMlEtZEpPTmg4RVA3UTJPQjlkNTBfZFJoV0JWT2o1VUtDZGhZWXFMTXUxSU8yeGhwQllfa1Y2RC1xTWxLOEZWYjM2bFRoYXQ5Zw?oc=5\" target=\"_blank\" rel=\"nofollow noopener\">As\u00ed vivi\u00f3 Ricardo Dar\u00edn la noticia del embarazo del Chino y \u00darsula Corber\u00f3<\/a>&nbsp;&nbsp;ABC<\/li>\n<li><a href=\"https:\/\/news.google.com\/rss\/articles\/CBMinwFBVV95cUxPNkxOMzZVWEFfVkZnY0FENnN5SlRqazZXeVVRQzc2TEMtNVpZNmNURkdkQmtNeThaa0xzdFJfbUFZQWxKMDU2ZkJ4bV9rNjE4NEJKNU1pWDhpVkFPRlQ5aGZNTmp3MVoxb1ctRzF5NUdhRmNtempWMFprMEtoY3M5a09QaWtDdzVuX2ZLSUp5Qko4RmdZVW1xTFg0ZlFyclU?oc=5\" target=\"_blank\" rel=\"nofollow noopener\">\u00darsula Corber\u00f3 y Chino Dar\u00edn, un amor que empez\u00f3 con una \u2018declaraci\u00f3n de intenciones\u2019 de la actriz: un oc\u00e9ano de por medio (que los hizo m\u00e1s fuertes) y vacaciones entre Ibiza y el sur de Argentina<\/a>&nbsp;&nbsp;Vanity Fair Espa\u00f1a<\/li>\n<\/ol>\n","protected":false},"excerpt":{"rendered":"Florencia Bas, la madre de Chino Dar\u00edn, plet\u00f3rica con el embarazo de \u00darsula Corber\u00f3: \u00ab\u00a1Los amo con mi&hellip;\n","protected":false},"author":2,"featured_media":108852,"comment_status":"","ping_status":"","sticky":false,"template":"","format":"standard","meta":{"footnotes":""},"categories":[91],"tags":[146,147,25,24,720,23,19421],"class_list":{"0":"post-108851","1":"post","2":"type-post","3":"status-publish","4":"format-standard","5":"has-post-thumbnail","7":"category-entretenimiento","8":"tag-entertainment","9":"tag-entretenimiento","10":"tag-es","11":"tag-espana","12":"tag-loc-famosos","13":"tag-spain","14":"tag-ursula-corbero"},"share_on_mastodon":{"url":"","error":""},"_links":{"self":[{"href":"https:\/\/www.europesays.com\/es\/wp-json\/wp\/v2\/posts\/108851","targetHints":{"allow":["GET"]}}],"collection":[{"href":"https:\/\/www.europesays.com\/es\/wp-json\/wp\/v2\/posts"}],"about":[{"href":"https:\/\/www.europesays.com\/es\/wp-json\/wp\/v2\/types\/post"}],"author":[{"embeddable":true,"href":"https:\/\/www.europesays.com\/es\/wp-json\/wp\/v2\/users\/2"}],"replies":[{"embeddable":true,"href":"https:\/\/www.europesays.com\/es\/wp-json\/wp\/v2\/comments?post=108851"}],"version-history":[{"count":0,"href":"https:\/\/www.europesays.com\/es\/wp-json\/wp\/v2\/posts\/108851\/revisions"}],"wp:featuredmedia":[{"embeddable":true,"href":"https:\/\/www.europesays.com\/es\/wp-json\/wp\/v2\/media\/108852"}],"wp:attachment":[{"href":"https:\/\/www.europesays.com\/es\/wp-json\/wp\/v2\/media?parent=108851"}],"wp:term":[{"taxonomy":"category","embeddable":true,"href":"https:\/\/www.europesays.com\/es\/wp-json\/wp\/v2\/categories?post=108851"},{"taxonomy":"post_tag","embeddable":true,"href":"https:\/\/www.europesays.com\/es\/wp-json\/wp\/v2\/tags?post=108851"}],"curies":[{"name":"wp","href":"https:\/\/api.w.org\/{rel}","templated":true}]}}