{"id":108863,"date":"2025-09-11T23:30:08","date_gmt":"2025-09-11T23:30:08","guid":{"rendered":"https:\/\/www.europesays.com\/es\/108863\/"},"modified":"2025-09-11T23:30:08","modified_gmt":"2025-09-11T23:30:08","slug":"carlos-garcia-jugador-del-horizonte-atletica-me-llamaban-cada-verano-y-al-final-recupere-el-gusanillo","status":"publish","type":"post","link":"https:\/\/www.europesays.com\/es\/108863\/","title":{"rendered":"Carlos Garc\u00eda, jugador del Horizonte Atl\u00e9tica: \u00abMe llamaban cada verano y al final recuper\u00e9 el gusanillo\u00bb"},"content":{"rendered":"<p>Cuando en junio de 2022 el entonces <a href=\"https:\/\/www.elcomercio.es\/deportes\/balonmano\/toscaf-pivote-carlos-20220607001956-ntvo.html\" title=\"www.elcomercio.es\" data-voc-vtm-id=\"in-text-traffic\" data-mrf-link=\"www.elcomercio.es\" rel=\"nofollow noopener\" target=\"_blank\">Toscaf Atl\u00e9tica fich\u00f3 a Carlos Garc\u00eda<\/a> del Oca Hotels Villa de Luanco para suplir la baja de  &#8230; Rub\u00e9n Rozada, pocos pensaban en la importancia que iba a tener dentro del equipo. Hab\u00eda llegado a debutar en Divisi\u00f3n de Honor Plata con el Gij\u00f3n Jovellanos y su planta (1,91 metros y 110 kilos) asustaba, pero no solo hizo olvidar r\u00e1pido a un jugador que ahora mismo juega en Asobal con el Ademar de Le\u00f3n, sino que fue clave para que el equipo avilesino ganase la liga y se quedase a un paso de ascender a la fase de ascenso.<\/p>\n<p class=\"v-p\">Tres veranos despu\u00e9s, la insistencia del Horizonte Atl\u00e9tica ha tenido sus frutos y Carlos Garc\u00eda, que llevaba dos temporadas alejado de las canchas por decisi\u00f3n propia, vuelve al balonmano y a La Magdalena con la idea, esta vez s\u00ed, de \u00abconseguir el ascenso. Es la principal diferencia que veo con mi anterior etapa aqu\u00ed: de aquella se fue dando todo solo. Ahora el objetivo claro es ir a por el ascenso\u00bb, asegura.<\/p>\n<p class=\"v-p\">Su regreso ha sido un trabajo de pico y pala por parte del Horizonte Atl\u00e9tica, con el presidente Gerardo Gonz\u00e1lez a la cabeza, Chus Corao como delegado de la secci\u00f3n de balonmano en la Atl\u00e9tica y Juan Mu\u00f1iz, director deportivo y entrenador. \u00abDesde que decid\u00ed no continuar, la verdad es que me llamaban cada verano\u00bb, sonr\u00ede. \u00abAl final ha pasado tiempo, me ha vuelto a &#8216;picar&#8217; el gusanillo, no ten\u00eda motivos para no volver a jugar o para irme a otro lado y me convencieron\u00bb.<\/p>\n<p>\n\u00abHace dos temporadas las victorias se fueron dando, este a\u00f1o el objetivo del ascenso est\u00e1 muy claro\u00bb\n<\/p>\n<p class=\"v-p\">Dos temporadas sin jugar es bastante tiempo, aunque Carlos Garc\u00eda est\u00e1 llevando bien su regreso. \u00abPoco a poco voy cogiendo el ritmo otra vez. No voy a decir que sea f\u00e1cil realizar una pretemporada exigente despu\u00e9s de estar parado, pero cada vez me encuentro mejor y con ganas de ayudar al equipo\u00bb.<\/p>\n<p class=\"v-p\">En el Horizonte volver\u00e1 a coincidir en la posici\u00f3n de pivote con Hugo Monje y con Sergio Iglesias, al que conoci\u00f3 hace dos cursos siendo todav\u00eda juvenil. \u00abA Hugo poco tengo que ense\u00f1arle\u00bb, reconoce. \u00abY Sergio tiene mucho m\u00e1s talento que yo. Intentar\u00e9 echarle una mano en lo que pueda, sobre todo con esos trucos de viejo que vas aprendiendo\u00bb, bromea.<\/p>\n<p class=\"v-p\">Y es que Carlos tiene todav\u00eda 28 a\u00f1os, una edad ideal para la pr\u00e1ctica del balonmano. \u00abCuando lo dej\u00e9 lo hice principalmente porque siendo de Gij\u00f3n venir cuatro d\u00edas a entrenar a Avil\u00e9s era emplear much\u00edsimo tiempo, y despu\u00e9s estaban los viajes en autob\u00fas cada quince d\u00edas. Pero este tiempo fuera me ha venido bien y vuelvo con muchas ganas. Al final voy a hacer lo que he hecho toda la vida\u00bb.<\/p>\n<p class=\"v-p\">El pivote ve una buena plantilla para luchar por el ascenso, y sobre su rol en el equipo nota el paso del tiempo. \u00abLa otra vez que estuve hab\u00eda jugadores m\u00e1s mayores. Ahora pr\u00e1cticamente somos tres: Aitor, Cuevas y yo, y ha llegado gente nueva que ahora tiene 20 a\u00f1os, as\u00ed que ya soy de los veteranos\u00bb.<\/p>\n<p class=\"v-p\">En cuanto a los rivales, \u00ablo m\u00e1s destacado es que vamos a competir contra los equipos madrile\u00f1os, que en principio deber\u00edan estar peleando por arriba tambi\u00e9n. Yo nunca he jugado contra ellos porque no me coincidi\u00f3, pero por lo que me cuentan los compa\u00f1eros son rivales duros, sobre todo en su cancha\u00bb.<\/p>\n<p class=\"v-p\">Carlos Garc\u00eda ya est\u00e1 preparado, junto al resto de sus compa\u00f1eros, para debutar ma\u00f1ana en liga frente al Lafuente Pereda en La Magdalena. \u00abEs un equipo que ha cambiado bastante estas dos \u00faltimas temporadas. Se ha reforzado con gente de Santo\u00f1a y no nos lo pondr\u00e1 f\u00e1cil, pero al final jugamos en casa y hay que ganar\u00bb.<\/p>\n","protected":false},"excerpt":{"rendered":"Cuando en junio de 2022 el entonces Toscaf Atl\u00e9tica fich\u00f3 a Carlos Garc\u00eda del Oca Hotels Villa de&hellip;\n","protected":false},"author":2,"featured_media":108864,"comment_status":"","ping_status":"","sticky":false,"template":"","format":"standard","meta":{"footnotes":""},"categories":[278],"tags":[13850,376,415,168,25,24,1058,3142,37473,375,14989,378,37472,22422,23,167,1793],"class_list":{"0":"post-108863","1":"post","2":"type-post","3":"status-publish","4":"format-standard","5":"has-post-thumbnail","7":"category-balonmano","8":"tag-atletica","9":"tag-balonmano","10":"tag-carlos","11":"tag-deportes","12":"tag-es","13":"tag-espana","14":"tag-final","15":"tag-garcia","16":"tag-gusanillo","17":"tag-handball","18":"tag-horizonte","19":"tag-jugador","20":"tag-llamaban","21":"tag-recupere","22":"tag-spain","23":"tag-sports","24":"tag-verano"},"share_on_mastodon":{"url":"","error":""},"_links":{"self":[{"href":"https:\/\/www.europesays.com\/es\/wp-json\/wp\/v2\/posts\/108863","targetHints":{"allow":["GET"]}}],"collection":[{"href":"https:\/\/www.europesays.com\/es\/wp-json\/wp\/v2\/posts"}],"about":[{"href":"https:\/\/www.europesays.com\/es\/wp-json\/wp\/v2\/types\/post"}],"author":[{"embeddable":true,"href":"https:\/\/www.europesays.com\/es\/wp-json\/wp\/v2\/users\/2"}],"replies":[{"embeddable":true,"href":"https:\/\/www.europesays.com\/es\/wp-json\/wp\/v2\/comments?post=108863"}],"version-history":[{"count":0,"href":"https:\/\/www.europesays.com\/es\/wp-json\/wp\/v2\/posts\/108863\/revisions"}],"wp:featuredmedia":[{"embeddable":true,"href":"https:\/\/www.europesays.com\/es\/wp-json\/wp\/v2\/media\/108864"}],"wp:attachment":[{"href":"https:\/\/www.europesays.com\/es\/wp-json\/wp\/v2\/media?parent=108863"}],"wp:term":[{"taxonomy":"category","embeddable":true,"href":"https:\/\/www.europesays.com\/es\/wp-json\/wp\/v2\/categories?post=108863"},{"taxonomy":"post_tag","embeddable":true,"href":"https:\/\/www.europesays.com\/es\/wp-json\/wp\/v2\/tags?post=108863"}],"curies":[{"name":"wp","href":"https:\/\/api.w.org\/{rel}","templated":true}]}}