{"id":108869,"date":"2025-09-11T23:34:07","date_gmt":"2025-09-11T23:34:07","guid":{"rendered":"https:\/\/www.europesays.com\/es\/108869\/"},"modified":"2025-09-11T23:34:07","modified_gmt":"2025-09-11T23:34:07","slug":"la-legislatura-portena-declaro-a-la-tenista-alejandra-perez-gimenez-como-personalidad-destacada-en-el-deporte","status":"publish","type":"post","link":"https:\/\/www.europesays.com\/es\/108869\/","title":{"rendered":"La Legislatura porte\u00f1a declar\u00f3 a la tenista Alejandra P\u00e9rez Gim\u00e9nez como Personalidad Destacada en el deporte"},"content":{"rendered":"<p><img alt=\"La tenista Alejandra P\u00e9rez Gim\u00e9nez\" class=\"global-image\" decoding=\"async\" fetchpriority=\"high\" height=\"1282\" loading=\"eager\" src=\"https:\/\/www.europesays.com\/es\/wp-content\/uploads\/2025\/09\/XQEEH3O44ZEBJNRGDZYNDPPT4Y.jpg\" width=\"1920\"\/>La tenista Alejandra P\u00e9rez Gim\u00e9nez junto a la diputada Patricia Glize (FOTO: LegisCABA\/Laura Palmiotti).<\/p>\n<p class=\"paragraph\">La <b>Legislatura de la Ciudad Aut\u00f3noma de Buenos Aires<\/b> declar\u00f3 como Personalidad Destacada en el \u00e1mbito del Deporte a <b>Alejandra P\u00e9rez Gim\u00e9nez<\/b>, jugadora de tenis senior, actual n\u00famero 1 del Ranking Argentino en la categor\u00eda Seniors +55 y n\u00famero 13 en el Ranking mundial ITF Masters Tour. <\/p>\n<p class=\"paragraph\">La diputada <b>Patricia Glize<\/b>, autora del proyecto, entreg\u00f3 la distinci\u00f3n a P\u00e9rez Gim\u00e9nez en un acto realizado en el Sal\u00f3n Montevideo del Palacio Legislativo, ante la presencia del p\u00fablico integrado por figuras del deporte, familiares y amigos de la homenajeada.<\/p>\n<p class=\"paragraph\">En el inicio de las alocuciones, Glize indic\u00f3: <b>\u201cLa trayectoria de Alejandra es la de una deportista excepcional, destacada por la perseverancia y le disciplina\u201d<\/b>. Y record\u00f3: \u201cLa constancia y el sacrificio de viajar desde muy joven y estar lejos de su familia para poder competir a nivel internacional, <b>ella ha sido y es una figura inspiradora\u201d<\/b>.<\/p>\n<p><img alt=\"El Sal\u00f3n San Mart\u00edn fue\" class=\"global-image\" decoding=\"async\" fetchpriority=\"low\" height=\"1282\" loading=\"lazy\" src=\"https:\/\/www.europesays.com\/es\/wp-content\/uploads\/2025\/09\/DX25Q4TC2ZCWTJMKAER7HRMMVI.jpg\" width=\"1920\"\/>El Sal\u00f3n San Mart\u00edn fue el escenario para la distinci\u00f3n (LegisCABA\/Laura Palmiotti).<\/p>\n<p class=\"paragraph\">Luego saludaron a la agasajada sus hijas, se proyectaron videos de colegas tenistas y se ley\u00f3 el c\u00e1lido saludo del embajador de los Estados Unidos y de su esposa. A su turno, P\u00e9rez Gim\u00e9nez remarc\u00f3 que la edad no es ning\u00fan limitante y que el tenis es para todas las edades. Adem\u00e1s, subray\u00f3 la importancia de la continuidad y la constancia. Y concluy\u00f3: <b>\u201cA pesar de los a\u00f1os, uno en el tenis mejora d\u00eda a d\u00eda. Por ah\u00ed perdemos un poquito de velocidad, pero mejoramos cosas t\u00e9cnicas\u201d.<\/b><\/p>\n<p class=\"paragraph\">Alejandra P\u00e9rez Gim\u00e9nez naci\u00f3 en Rosario, el 29 de abril 1967, pero antes de cumplir 2 a\u00f1os se radic\u00f3 en la Ciudad de Buenos Aires. Desde muy chica mostr\u00f3 su pasi\u00f3n por el tenis, deporte que empez\u00f3 a practicar a muy temprana edad y posteriormente a ense\u00f1arlo. Fue as\u00ed que comenz\u00f3 a competir a los doce a\u00f1os y a los 18 se convirti\u00f3 en profesional, llegando a obtener ranking en la <b>Asociaci\u00f3n de Tenis Femenino<\/b> (WTA por su sigla en ingl\u00e9s de Women\u2019s Tennis Association). <\/p>\n<p><img alt=\"Desde 2017, Alejandra P\u00e9rez Gim\u00e9nez\" class=\"global-image\" decoding=\"async\" fetchpriority=\"low\" height=\"1284\" loading=\"lazy\" src=\"https:\/\/www.europesays.com\/es\/wp-content\/uploads\/2025\/09\/7RGL3VVSURFJTMJUBVMKJKJA3E.jpeg\" width=\"1920\"\/>Desde 2017, Alejandra P\u00e9rez Gim\u00e9nez lidera el ranking seniors +55 (Fuente: Instagram).<\/p>\n<p class=\"paragraph\">Tambi\u00e9n entren\u00f3 en norteam\u00e9rica, espec\u00edficamente en la academia de Nick Bollettieri, donde se prepararon, entre otros, <b>Andre Agassi <\/b>y <b>Monica Seles<\/b>. Tambi\u00e9n practic\u00f3 la disciplina en la academia de Patricio Apey, junto a <b>Gabriela Sabatini<\/b> y <b>Mercedes Paz<\/b>. En las categor\u00edas menores siempre estuvo en los primeros puestos del ranking metropolitano y del ranking nacional, representando a la Ciudad de Buenos Aires. A los 15 a\u00f1os ya jugaba representando al <b>Club Ciudad<\/b> en Primera divisi\u00f3n. Y a los 17 a\u00f1os represent\u00f3 a la <b>Argentina<\/b> en el <b>Campeonato Sudamericano de Tenis<\/b>, en <b>Curitiba<\/b>, <b>Brasil<\/b>.<\/p>\n<p class=\"paragraph\">Si bien a los 23 a\u00f1os abandon\u00f3 la competencia como jugadora, sigui\u00f3 vinculada al tenis como profesora. A\u00f1os despu\u00e9s, y luego de un certamen, la deportista estaba entrenando a una de las hijas, cuando uno de los entrenadores la invit\u00f3 a participar en un mundial realizado en Estados Unidos, lo que la llev\u00f3 a competir en varios torneos preliminares en todo el pa\u00eds: <b>\u201cAh\u00ed empez\u00f3 la adrenalina de querer seguir\u201d.<\/b><\/p>\n<p><img alt=\"Alejandra P\u00e9rez Gim\u00e9nez, nueva Personalidad\" class=\"global-image\" decoding=\"async\" fetchpriority=\"low\" height=\"1282\" loading=\"lazy\" src=\"https:\/\/www.europesays.com\/es\/wp-content\/uploads\/2025\/09\/JSQWCCBOZVFJBLH3F635L5KFVM.jpg\" width=\"1920\"\/>Alejandra P\u00e9rez Gim\u00e9nez, nueva Personalidad Destacada deportiva de la Ciudad de Buenos Aires (LegisCABA\/Laura Palmiotti).<\/p>\n<p class=\"paragraph\">De esta manera, <b>P\u00e9rez Gim\u00e9nez volvi\u00f3 a competir, pero ahora en la categor\u00eda seniors +55, representando a la Argentina en torneos internacionales.<\/b> En la actualidad, y desde 2017, es N\u00b01 del ranking argentino en dicha categor\u00eda (organizado por la Asociaci\u00f3n Argentina de Tenis) y N\u00b013 en el ranking mundial ITF Masters Tour. <b>All\u00ed figura como la \u00fanica argentina entre los 100 mejores de la tabla.<\/b><\/p>\n","protected":false},"excerpt":{"rendered":"La tenista Alejandra P\u00e9rez Gim\u00e9nez junto a la diputada Patricia Glize (FOTO: LegisCABA\/Laura Palmiotti). La Legislatura de la&hellip;\n","protected":false},"author":2,"featured_media":108870,"comment_status":"","ping_status":"","sticky":false,"template":"","format":"standard","meta":{"footnotes":""},"categories":[274],"tags":[168,25,24,23,167,327,326],"class_list":{"0":"post-108869","1":"post","2":"type-post","3":"status-publish","4":"format-standard","5":"has-post-thumbnail","7":"category-tenis","8":"tag-deportes","9":"tag-es","10":"tag-espana","11":"tag-spain","12":"tag-sports","13":"tag-tenis","14":"tag-tennis"},"share_on_mastodon":{"url":"","error":""},"_links":{"self":[{"href":"https:\/\/www.europesays.com\/es\/wp-json\/wp\/v2\/posts\/108869","targetHints":{"allow":["GET"]}}],"collection":[{"href":"https:\/\/www.europesays.com\/es\/wp-json\/wp\/v2\/posts"}],"about":[{"href":"https:\/\/www.europesays.com\/es\/wp-json\/wp\/v2\/types\/post"}],"author":[{"embeddable":true,"href":"https:\/\/www.europesays.com\/es\/wp-json\/wp\/v2\/users\/2"}],"replies":[{"embeddable":true,"href":"https:\/\/www.europesays.com\/es\/wp-json\/wp\/v2\/comments?post=108869"}],"version-history":[{"count":0,"href":"https:\/\/www.europesays.com\/es\/wp-json\/wp\/v2\/posts\/108869\/revisions"}],"wp:featuredmedia":[{"embeddable":true,"href":"https:\/\/www.europesays.com\/es\/wp-json\/wp\/v2\/media\/108870"}],"wp:attachment":[{"href":"https:\/\/www.europesays.com\/es\/wp-json\/wp\/v2\/media?parent=108869"}],"wp:term":[{"taxonomy":"category","embeddable":true,"href":"https:\/\/www.europesays.com\/es\/wp-json\/wp\/v2\/categories?post=108869"},{"taxonomy":"post_tag","embeddable":true,"href":"https:\/\/www.europesays.com\/es\/wp-json\/wp\/v2\/tags?post=108869"}],"curies":[{"name":"wp","href":"https:\/\/api.w.org\/{rel}","templated":true}]}}