{"id":108875,"date":"2025-09-11T23:37:11","date_gmt":"2025-09-11T23:37:11","guid":{"rendered":"https:\/\/www.europesays.com\/es\/108875\/"},"modified":"2025-09-11T23:37:11","modified_gmt":"2025-09-11T23:37:11","slug":"el-cb-canarias-sabe-sufrir-para-sumar-otro-triunfo-en-su-preparacion","status":"publish","type":"post","link":"https:\/\/www.europesays.com\/es\/108875\/","title":{"rendered":"El CB Canarias sabe sufrir para sumar otro triunfo en su preparaci\u00f3n"},"content":{"rendered":"<p class=\"ft-text ft-helper-closenews\"><strong>Otra prueba sin sobresaltos y con una nueva victoria.<\/strong> <a class=\"ft-link ft-link--decoration\" href=\"https:\/\/www.eldia.es\/deportes\/cb-canarias\/2025\/09\/08\/cb-canarias-deja-impronta-primer-121338151.html\" rel=\"nofollow noopener\" target=\"_blank\">Como sucediera el domingo ante el Zaragoza<\/a>, <strong>La Laguna Tenerife sald\u00f3 su segundo duelo de pretemporada con un triunfo<\/strong>, en este caso frente al Joventut en un partido en el que tuvo que sufrir hasta los segundos finales (68-65). Un desenlace apretado pese a que el cuadro de <a class=\"ft-link ft-link--decoration\" href=\"https:\/\/www.eldia.es\/tags\/txus-vidorreta\/\" rel=\"nofollow noopener\" target=\"_blank\">Txus Vidorreta<\/a><strong> lleg\u00f3 a disponer de una renta de 18 puntos (25-7) ya dentro del segundo acto.<\/strong><\/p>\n<p class=\"ft-text\">Sin <a class=\"ft-link ft-link--decoration\" href=\"https:\/\/www.eldia.es\/tags\/fran-guerra\/\" rel=\"nofollow noopener\" target=\"_blank\">Fran Guerra<\/a> -tuvo descanso a causa de unas molestias- ni <a class=\"ft-link ft-link--decoration\" href=\"https:\/\/www.eldia.es\/tags\/gio-shermadini\/\" rel=\"nofollow noopener\" target=\"_blank\">Gio Shermadini<\/a>, <a class=\"ft-link ft-link--decoration\" href=\"https:\/\/www.eldia.es\/deportes\/cb-canarias\/2025\/04\/05\/kostas-kostadinov-payasete-dia-decidi-116068724.html\" rel=\"nofollow noopener\" target=\"_blank\">el equipo aurinegro no solo supo minimizar da\u00f1os en el puesto de cinco, sino que tuvo en \u00e9l uno de sus mayores filones<\/a>, con un Kostas Kostadinov que se fue hasta los 13 puntos, cinco rebotes y un tap\u00f3n para 21 de valoraci\u00f3n. Tambi\u00e9n dentro apret\u00f3 los dientes <a class=\"ft-link ft-link--decoration\" href=\"https:\/\/www.eldia.es\/tags\/tim-abromaitis\/\" rel=\"nofollow noopener\" target=\"_blank\">Abromaitis<\/a>, activo en defensa y en el rebote, mientras que fue <a class=\"ft-link ft-link--decoration\" href=\"https:\/\/www.eldia.es\/tags\/marcelinho-huertas\/\" rel=\"nofollow noopener\" target=\"_blank\">Marcelinho Huertas<\/a> el que <strong>apareci\u00f3, con dos canastas seguidas, cuando m\u00e1s quemaba la bola<\/strong>.<\/p>\n<p>Buena puesta en escena<\/p>\n<p class=\"ft-text\"><strong>La puesta en escena canarista fue m\u00e1s que notable<\/strong>. Sabiendo sacar partido a las \u00e1giles continuaciones de Kostadinov, muy activo de manos (tanto atr\u00e1s como en cancha delantera) para forzar varios robos, y s\u00f3lido en el rebote defensivo,<strong> La Laguna Tenerife empez\u00f3 a fabricar una peque\u00f1a renta (12-5 tras un parcial de 7-0)<\/strong> que oblig\u00f3 a Miret a frenarlo tras cuatro minutos de partido.<\/p>\n<p class=\"ft-text\">Un estir\u00f3n en el que mucho tuvo que ver, y pese a sus primeros errores, <strong>el acierto de Van Beck, autor de dos triples casi seguidos (15-5)<\/strong>. La din\u00e1mica positiva la supo mantener el cuadro de <a class=\"ft-link ft-link--decoration\" href=\"https:\/\/www.eldia.es\/tags\/txus-vidorreta\/\" rel=\"nofollow noopener\" target=\"_blank\">Vidorreta<\/a> cerrando casi por completo su rebote (con Abromaitis de cinco) y produciendo en ataque con <strong>sus hombres de rotaci\u00f3n: libres de Fern\u00e1ndez, canasta sobre la bocina de Costa y aro bajo el tablero de Alderete (21-7).<\/strong><\/p>\n<p><img decoding=\"async\" src=\"https:\/\/www.europesays.com\/es\/wp-content\/uploads\/2025\/09\/639a4248-0c7f-4e92-92a6-b314b7d4e311_alta-libre-aspect-ratio_default_0.jpg\" width=\"1200\" height=\"693\" alt=\"Ricky Rubio y Marce Huertas en un lance del partido de este jueves.\" class=\"ft-helper-img-rd\" loading=\"lazy\" hasdataaida=\"true\"\/><\/p>\n<p class=\"ft-helper-fontColor-quaternary ft-helper-fontSize-body-S ft-helper-spacer-t-xxs\">Ricky Rubio y Marce Huertas en un lance del partido de este jueves.  \/ E. Cobos (CBC)<\/p>\n<p class=\"ft-text\">Sabiendo gastar las faltas a la perfecci\u00f3n para que la Penya se mantuviera igual de espesa en ataque, <strong>el Canarias culmin\u00f3 el primer acto con una preciosa canasta a aro pasado de Van Beck (23-7)<\/strong>. Ya dentro del segundo periodo el cuadro isle\u00f1o sigui\u00f3 llevando a su rival al l\u00edmite de la posesi\u00f3n, para alcanzar una m\u00e1xima de 18 (25-7, 11&#8242;).<\/p>\n<p>Punto de inflexi\u00f3n<\/p>\n<p class=\"ft-text\">Con Kostadinov alargando su aportaci\u00f3n ofensiva y Doornekamp penetrando por la izquierda, La Laguna Tenerife mantuvo casi intacto su colch\u00f3n (29-12, 14&#8242;), si bien no pudo evitar que la Penya le diera un punto de inflexi\u00f3n al choque. <strong>Lo hizo buscando dentro a Tomic y a Birgander, que explotaron su presencia f\u00edsica ante una rotaci\u00f3n de cincos canaristas muy justita en cent\u00edmetros<\/strong> ante las ausencias de Fran Guerra y Gio Shermadini.<\/p>\n<p class=\"ft-text\">Ante un rival m\u00e1s intenso atr\u00e1s, a La Laguna Tenerife le cost\u00f3 mantener su fluidez ofensiva, lo que deriv\u00f3 en que el marcador se fuera apretando poco a poco (34-23). La aportaci\u00f3n de solo tres puntos en m\u00e1s de cuatro minutos (con varias malas selecciones de tiro) y <strong>esa agresividad defensiva de los verdinegros hizo que con un parcial de 1-11 solo fueran cinco los puntos de renta al intermedio para los de Vidorreta (35-30).<\/strong><\/p>\n<p class=\"ft-text\"><strong>Una ventaja que supo a poco para un equipo, el lagunero, que por momentos lleg\u00f3 a tener casi noqueado a su contrincante<\/strong>. Final discreto de primera parte en el que Van Beck pag\u00f3 los platos rotos al ser abroncado por el preparador aurinegro.<\/p>\n<p>Sin cambios tras el descanso<\/p>\n<p class=\"ft-text\"><strong>Ese bache ofensivo lo extendi\u00f3 el Canarias el arranque del tercer acto, donde enlaz\u00f3 varios errores y un par de p\u00e9rdidas (35-32).<\/strong> Malos momentos de los aurinegros que minimiz\u00f3 un <strong>Kostadinov que sum\u00f3 de las m\u00e1s variadas prestaciones<\/strong>: rebote ofensivo, canasta en continuaci\u00f3n, tap\u00f3n y mate (41-35). Todo antes de un triple de Fern\u00e1ndez que devolvi\u00f3 a los laguneros a un estado de cierta tranquilidad (44-35, 26&#8242;).<\/p>\n<p class=\"ft-text\">Pareci\u00f3 que el Canarias estaba en condici\u00f3n de volver a poner tierra de por medio, pero ah\u00ed tropezar en un nuevo bache. As\u00ed, el cuadro isle\u00f1o estuvo flojo en el rebote, no se mostr\u00f3 nada acertado desde el per\u00edmetro y, sobre todo, <strong>fue incapaz de frenar en defensa la aportaci\u00f3n de un Ricky Rubio en trance <\/strong>y autor de nueve puntos consecutivos para -a pesar del tiempo de Vidorreta- el 45-44. Momento delicado con el que <strong>acab\u00f3 Costa con un triple <\/strong>y, en especial, el equipo en global varias buenas defensas de 1&#215;1 que permitieron un parcial de 7-0 para el 52-44 con el que se cerr\u00f3 el acto.<\/p>\n<p>Sin poder matarlo<\/p>\n<p class=\"ft-text\">Sin poder romper el partido, <strong>el Canarias s\u00ed supo jugar en el alambre para mantener siempre la delantera <\/strong>pese a otro punto de intensidad en defensa que subi\u00f3 su rival (56-53), tambi\u00e9n m\u00e1s incisivo en el rebote ofensivo. <strong>Lo hizo con alguna buena defensa<\/strong> y aportaciones espor\u00e1dicas de Scrubb y <a class=\"ft-link ft-link--decoration\" href=\"https:\/\/www.eldia.es\/deportes\/cb-canarias\/2025\/08\/17\/van-beck-fichaje-la-laguna-tenerife-fan-mejor-equipo-europa-120705313.html\" rel=\"nofollow noopener\" target=\"_blank\">Van Beck (60-53).<\/a><\/p>\n<p class=\"ft-text\">El Joventut trat\u00f3 de alocar el partido, y estuvo muy cerca de sacar un r\u00e9dito superlativo (60-57), pero ah\u00ed<strong> el Canarias apret\u00f3 los dientes, supo defender a Tomic con peque\u00f1os y tom\u00f3 aire con un 2+1 de Abromaitis y dos canastas de Huertas (67-61, a 1&#8217;05\u00bb del final).<\/strong> Una buena defensa y un par de rebotes ofensivos terminaron de matar el choque en favor del cuadro lagunero, que adem\u00e1s de la victoria se lleva de Olot una sensaci\u00f3n m\u00e1s que reconocible y de la que hist\u00f3ricamente suele sali airoso: tener que sufrir -y saber hacerlo a la perfecci\u00f3n- casi hasta el suspiro final.<strong> Tan al l\u00edmite que incluso la Penya tuvo un triple sobre la bocina para forzar la pr\u00f3rroga.<\/strong><\/p>\n<p data-close=\"closedContent\" class=\"subscribeHideForDisplay\">Suscr\u00edbete para seguir leyendo<\/p>\n","protected":false},"excerpt":{"rendered":"Otra prueba sin sobresaltos y con una nueva victoria. Como sucediera el domingo ante el Zaragoza, La Laguna&hellip;\n","protected":false},"author":2,"featured_media":108876,"comment_status":"","ping_status":"","sticky":false,"template":"","format":"standard","meta":{"footnotes":""},"categories":[269],"tags":[299,298,1896,2609,20464,168,25,24,69,6839,33649,4080,23,167,18389,4453,1370,2886],"class_list":{"0":"post-108875","1":"post","2":"type-post","3":"status-publish","4":"format-standard","5":"has-post-thumbnail","7":"category-baloncesto","8":"tag-baloncesto","9":"tag-basketball","10":"tag-canarias","11":"tag-cb","12":"tag-cb-canarias","13":"tag-deportes","14":"tag-es","15":"tag-espana","16":"tag-guerra","17":"tag-la-laguna","18":"tag-renta","19":"tag-ricky-rubio","20":"tag-spain","21":"tag-sports","22":"tag-sufrir","23":"tag-sumar","24":"tag-tenerife","25":"tag-triunfo"},"share_on_mastodon":{"url":"","error":""},"_links":{"self":[{"href":"https:\/\/www.europesays.com\/es\/wp-json\/wp\/v2\/posts\/108875","targetHints":{"allow":["GET"]}}],"collection":[{"href":"https:\/\/www.europesays.com\/es\/wp-json\/wp\/v2\/posts"}],"about":[{"href":"https:\/\/www.europesays.com\/es\/wp-json\/wp\/v2\/types\/post"}],"author":[{"embeddable":true,"href":"https:\/\/www.europesays.com\/es\/wp-json\/wp\/v2\/users\/2"}],"replies":[{"embeddable":true,"href":"https:\/\/www.europesays.com\/es\/wp-json\/wp\/v2\/comments?post=108875"}],"version-history":[{"count":0,"href":"https:\/\/www.europesays.com\/es\/wp-json\/wp\/v2\/posts\/108875\/revisions"}],"wp:featuredmedia":[{"embeddable":true,"href":"https:\/\/www.europesays.com\/es\/wp-json\/wp\/v2\/media\/108876"}],"wp:attachment":[{"href":"https:\/\/www.europesays.com\/es\/wp-json\/wp\/v2\/media?parent=108875"}],"wp:term":[{"taxonomy":"category","embeddable":true,"href":"https:\/\/www.europesays.com\/es\/wp-json\/wp\/v2\/categories?post=108875"},{"taxonomy":"post_tag","embeddable":true,"href":"https:\/\/www.europesays.com\/es\/wp-json\/wp\/v2\/tags?post=108875"}],"curies":[{"name":"wp","href":"https:\/\/api.w.org\/{rel}","templated":true}]}}