{"id":108881,"date":"2025-09-11T23:40:13","date_gmt":"2025-09-11T23:40:13","guid":{"rendered":"https:\/\/www.europesays.com\/es\/108881\/"},"modified":"2025-09-11T23:40:13","modified_gmt":"2025-09-11T23:40:13","slug":"arcaicamente-bella-casa-blanca-por-tunon-y-albornoz-arquitectos","status":"publish","type":"post","link":"https:\/\/www.europesays.com\/es\/108881\/","title":{"rendered":"Arcaicamente bella. Casa Blanca por Tu\u00f1\u00f3n y Albornoz Arquitectos"},"content":{"rendered":"<p>Tu\u00f1\u00f3n y Albornoz Arquitectos es un estudio internacional de arquitectura dirigido por Emilio Tu\u00f1\u00f3n \u00c1lvarez (Madrid, 1958) y Carlos Mart\u00ednez de Albornoz (Huesca, 1978), en el que se cruzan la realizaci\u00f3n de proyectos y la construcci\u00f3n con la teor\u00eda y la ense\u00f1anza. Durante m\u00e1s de dos d\u00e9cadas Tu\u00f1\u00f3n y Albornoz Aquitectos, que surge como evoluci\u00f3n natural del despacho Mansilla+Tu\u00f1\u00f3n Arquitectos, ha alcanzado un gran reconocimiento nacional e internacional.<\/p>\n<p>La mayor parte de la obra de Tu\u00f1\u00f3n y Albornoz Aquitectos ha sido el resultado de primeros premios en concursos celebrados en Europa, Norteam\u00e9rica y Asia, en su mayor\u00eda de car\u00e1cter cultural para instituciones p\u00fablicas. El trabajo de Tu\u00f1\u00f3n y Albornoz Aquitectos incluye muchos de los museos espa\u00f1oles m\u00e1s prestigiosos, as\u00ed como numerosos proyectos de rehabilitaci\u00f3n y obra nueva, trabajando en contextos hist\u00f3ricos con un enfoque sensible a los valores culturales, ambientales y urbanos. Entre ellos, el Museo de Arte Contempor\u00e1neo Helga de Alvear de C\u00e1ceres (2020), el Museo de las Colecciones Reales de Madrid (2018), el Museo de Arte Contempor\u00e1neo MUSAC de Le\u00f3n (2004), el Auditorio de Le\u00f3n (2002), el Archivo Regional y Biblioteca de El \u00c1guila (2002), Museo de Bellas Artes de Castell\u00f3n (2000) y Museo Provincial de Bellas Artes de Zamora (1996).<\/p>\n<p>La calidad del trabajo de Tu\u00f1\u00f3n y Albornoz Aquitectos ha sido reconocida con algunos de los premios de arquitectura m\u00e1s importantes de Europa, como el Premio Mies van der Rohe (2007), el Premio Nacional de Arquitectura de Espa\u00f1a (2023), la Medalla de Oro al M\u00e9rito en Bellas Artes (2014) y el Premio Fad (2001,2007,2011,2017).<\/p>\n","protected":false},"excerpt":{"rendered":"Tu\u00f1\u00f3n y Albornoz Arquitectos es un estudio internacional de arquitectura dirigido por Emilio Tu\u00f1\u00f3n \u00c1lvarez (Madrid, 1958) y&hellip;\n","protected":false},"author":2,"featured_media":108882,"comment_status":"","ping_status":"","sticky":false,"template":"","format":"standard","meta":{"footnotes":""},"categories":[173],"tags":[229,233,231,230,232,234,146,147,25,24,23],"class_list":{"0":"post-108881","1":"post","2":"type-post","3":"status-publish","4":"format-standard","5":"has-post-thumbnail","7":"category-arte-y-diseno","8":"tag-arte","9":"tag-arte-y-diseno","10":"tag-arts","11":"tag-arts-and-design","12":"tag-design","13":"tag-diseno","14":"tag-entertainment","15":"tag-entretenimiento","16":"tag-es","17":"tag-espana","18":"tag-spain"},"share_on_mastodon":{"url":"","error":""},"_links":{"self":[{"href":"https:\/\/www.europesays.com\/es\/wp-json\/wp\/v2\/posts\/108881","targetHints":{"allow":["GET"]}}],"collection":[{"href":"https:\/\/www.europesays.com\/es\/wp-json\/wp\/v2\/posts"}],"about":[{"href":"https:\/\/www.europesays.com\/es\/wp-json\/wp\/v2\/types\/post"}],"author":[{"embeddable":true,"href":"https:\/\/www.europesays.com\/es\/wp-json\/wp\/v2\/users\/2"}],"replies":[{"embeddable":true,"href":"https:\/\/www.europesays.com\/es\/wp-json\/wp\/v2\/comments?post=108881"}],"version-history":[{"count":0,"href":"https:\/\/www.europesays.com\/es\/wp-json\/wp\/v2\/posts\/108881\/revisions"}],"wp:featuredmedia":[{"embeddable":true,"href":"https:\/\/www.europesays.com\/es\/wp-json\/wp\/v2\/media\/108882"}],"wp:attachment":[{"href":"https:\/\/www.europesays.com\/es\/wp-json\/wp\/v2\/media?parent=108881"}],"wp:term":[{"taxonomy":"category","embeddable":true,"href":"https:\/\/www.europesays.com\/es\/wp-json\/wp\/v2\/categories?post=108881"},{"taxonomy":"post_tag","embeddable":true,"href":"https:\/\/www.europesays.com\/es\/wp-json\/wp\/v2\/tags?post=108881"}],"curies":[{"name":"wp","href":"https:\/\/api.w.org\/{rel}","templated":true}]}}