{"id":108939,"date":"2025-09-12T00:13:09","date_gmt":"2025-09-12T00:13:09","guid":{"rendered":"https:\/\/www.europesays.com\/es\/108939\/"},"modified":"2025-09-12T00:13:09","modified_gmt":"2025-09-12T00:13:09","slug":"tribuna-estudiantes-palestinas-de-universidades-espanolas-atrapadas-solicitud-urgente-de-visados-y-evacuacion-el-salto","status":"publish","type":"post","link":"https:\/\/www.europesays.com\/es\/108939\/","title":{"rendered":"Tribuna | Estudiantes palestinas de universidades espa\u00f1olas atrapadas: Solicitud urgente de visados y evacuaci\u00f3n &#8211; El Salto"},"content":{"rendered":"<p>Red Universitaria por Palestina hace una solicitud urgente de concesi\u00f3n de visados y evacuaci\u00f3n desde Gaza\u00a0en esta carta abierta a Jos\u00e9 Manuel Albares, Ministro de Asuntos Exteriores, Uni\u00f3n Europea y Cooperaci\u00f3n Del Gobierno De Espa\u00f1a\u00a0en nombre de la Red Universitaria por Palestina y <a href=\"https:\/\/www.elsaltodiario.com\/palestina\/cuarenta-palestinos-asesinados-gaza-ultimas-24-horas-seis-muertos-un-tiroteo-jerusalen\" target=\"_blank\" rel=\"nofollow noopener\">ante al recrudecimiento del asedio<\/a> de Israel sobre Gaza en la \u00faltima semana.<\/p>\n<p>Actualmente, en Gaza se encuentran nueve estudiantes con matr\u00edcula en estudios de grado y posgrado en diferentes universidades y un profesor. A este grupo se sumar\u00edan tres estudiantes gazat\u00edes que en este momento se encuentran en El Cairo y una estudiante que se encuentra en L\u00edbano.<\/p>\n<p>Estimado Sr. Albares:<\/p>\n<p>El pasado 13 de mayo de 2025 nos dirigimos a su Ministerio, desde la Red Universitaria por Palestina (RUxP), integrada por representantes de las 50 universidades p\u00fablicas, a trav\u00e9s del Secretario de Estado de Asuntos Exteriores y Globales, solicitando la puesta en marcha de mecanismos que permitiesen la evacuaci\u00f3n urgente de la Franja de Gaza de un grupo de estudiantes gazat\u00edes matriculadas en nuestras instituciones universitarias.<\/p>\n<p>En apoyo a esta petici\u00f3n, el pasado 3 de junio el grupo parlamentario Sumar registr\u00f3 una serie de preguntas al Gobierno interes\u00e1ndose por la situaci\u00f3n de estas estudiantes y por las medidas adoptadas para poder evacuarlas de Gaza (PE 70567). Hasta la fecha, esas preguntas no han obtenido respuesta.<\/p>\n<p>Este silencio, esta inacci\u00f3n, ni es respetuosa con el sentir mayoritario de la sociedad espa\u00f1ola, que lleva meses clamando para que se impulsen medidas que pongan fin al sufrimiento del pueblo palestino y detengan el genocidio, ni es coherente con las manifestaciones p\u00fablicas del Gobierno de Espa\u00f1a.<\/p>\n<blockquote><p>Somos conscientes de que las operaciones de evacuaci\u00f3n de la Franja de Gaza son sumamente delicadas, ya que requieren de coordinaci\u00f3n con las autoridades israel\u00edes, pero no son imposibles<\/p><\/blockquote>\n<p>Somos conscientes de que las operaciones de evacuaci\u00f3n de la Franja de Gaza son sumamente delicadas, ya que requieren de coordinaci\u00f3n con las autoridades israel\u00edes, pero no son imposibles: pa\u00edses como<a href=\"https:\/\/www.ontheditch.com\/government-wont-help\/\" style=\"background-color: rgb(255, 255, 255); font-size: 1.25rem;\" rel=\"nofollow noopener\" target=\"_blank\"> <\/a><a href=\"https:\/\/www.ontheditch.com\/government-wont-help\/\" style=\"background-color: rgb(255, 255, 255); font-size: 1.25rem;\" rel=\"nofollow noopener\" target=\"_blank\">Irlanda<\/a> o<a href=\"https:\/\/www.diplomatie.gouv.fr\/en\/country-files\/israel-palestinian-territories\/news\/2025\/article\/israel-palestinian-territories-departures-from-the-gaza-strip-11-07-25?ref=ontheditch.com\" style=\"background-color: rgb(255, 255, 255); font-size: 1.25rem;\" rel=\"nofollow noopener\" target=\"_blank\"> <\/a><a href=\"https:\/\/www.diplomatie.gouv.fr\/en\/country-files\/israel-palestinian-territories\/news\/2025\/article\/israel-palestinian-territories-departures-from-the-gaza-strip-11-07-25?ref=ontheditch.com\" style=\"background-color: rgb(255, 255, 255); font-size: 1.25rem;\" rel=\"nofollow noopener\" target=\"_blank\">Francia<\/a> o<a href=\"https:\/\/www.theguardian.com\/education\/2025\/aug\/20\/nine-students-trapped-in-gaza-will-get-help-to-take-up-places-at-uk-universities\" style=\"background-color: rgb(255, 255, 255); font-size: 1.25rem;\" rel=\"nofollow noopener\" target=\"_blank\"> <\/a><a href=\"https:\/\/www.theguardian.com\/education\/2025\/aug\/20\/nine-students-trapped-in-gaza-will-get-help-to-take-up-places-at-uk-universities\" style=\"background-color: rgb(255, 255, 255); font-size: 1.25rem;\" rel=\"nofollow noopener\" target=\"_blank\">Reino Unido<\/a> han evacuado estudiantes en similares circunstancias. Desconocemos los motivos por los que el Gobierno de Espa\u00f1a no act\u00faa de la misma manera, y una explicaci\u00f3n es necesaria para la falta de acci\u00f3n del Estado.<\/p>\n<p>Actualmente en Gaza se encuentran nueve estudiantes con matr\u00edcula en estudios de grado y posgrado en diferentes universidades (5 en la Universidad de Ja\u00e9n, 2 en la Universidad Complutense de Madrid, 1 en la Universidad de Murcia y 1 en la Universidad de Sevilla), y un profesor invitado por la Universidad de Valencia. A este grupo se sumar\u00edan tres estudiantes gazat\u00edes, de grado y posgrado, con matr\u00edcula en la Universidad Complutense de Madrid, y que en este momento se encuentran en El Cairo, y una estudiante que se encuentra en L\u00edbano.<\/p>\n<blockquote><p>Existen precedentes de evacuaci\u00f3n desde Gaza por parte del Gobierno de Espa\u00f1a: tanto las realizadas para traer a familiares de residentes en Espa\u00f1a como las cuatro operaciones que han permitido trasladar a 43 menores<\/p><\/blockquote>\n<p>La indiferencia de este Ministerio  se hace a\u00fan m\u00e1s evidente cuando las universidades espa\u00f1olas en las que las  estudiantes est\u00e1n matriculadas, o las propias estudiantes, han conseguido  contactar directamente con los servicios consulares de Espa\u00f1a en la zona para  interesarse acerca de los tr\u00e1mites para conseguir un visado de estudios. Los  contactos desde decanatos, coordinaciones de m\u00e1ster o vicerrector\u00edas con el  Consulado General de Espa\u00f1a en Jerusal\u00e9n han obtenido de forma reiterada una  respuesta formal indicando que no est\u00e1 en su mano plantear tal acci\u00f3n. As\u00ed se  informaba escuetamente que esta v\u00eda est\u00e1 cerrada para residentes gazat\u00edes y no  es posible realizar ninguna gesti\u00f3n relacionada con la evacuaci\u00f3n de gazat\u00edes  que no tengan la nacionalidad espa\u00f1ola o sean familiares en primer grado de un  nacional espa\u00f1ol. Sin m\u00e1s.<\/p>\n<p>Sin embargo, <a href=\"https:\/\/www.elsaltodiario.com\/palestina\/espana-tratara-15-ninos-ninas-palestinas-quedan-10000-pacientes-necesitan-evacuacion\" target=\"_blank\" rel=\"nofollow noopener\">existen precedentes de evacuaci\u00f3n desde Gaza<\/a> de otras personas por parte del Gobierno de Espa\u00f1a: tanto las realizadas para traer a familiares en primer grado de residentes en Espa\u00f1a como las cuatro operaciones, que han permitido trasladar a 43 menores acompa\u00f1ados de casi un centenar de familiares, organizadas por el Ministerio de Sanidad. En cambio, no se ha tomado ninguna iniciativa para un grupo que adem\u00e1s no supera las diez personas.<\/p>\n<p>A\u00fan menos justificable resulta la nula disposici\u00f3n a tramitar y conceder visados para las 4 estudiantes que, procedentes de Gaza, ya se encuentran en Egipto y otros pa\u00edses de la zona como L\u00edbano. Una burocracia implacable pone obst\u00e1culos desde el inicio del proceso argumentando la falta de residencia \u201clegal\u201d que permite el acceso a los servicios consulares, no muestra ninguna flexibilidad en cuanto a cumplimiento de criterios para la obtenci\u00f3n del visado como estudiante, e incluso en algunos casos, finalmente, deniega su concesi\u00f3n a pesar de cumplirse los requisitos exigidos. No es posible aqu\u00ed alegar la complejidad de la coordinaci\u00f3n con el Estado de Israel. En este caso, se solicita a los servicios consulares que faciliten la tramitaci\u00f3n de los visados de estudiante a quienes ya est\u00e1n fuera de Gaza, decisi\u00f3n que entra directamente dentro de la competencia de nuestro Gobierno, y que supone una decisi\u00f3n pol\u00edtica coherente con la l\u00ednea de acci\u00f3n que defiende p\u00fablicamente su Ministerio.<\/p>\n<p>Estas dificultades en la tramitaci\u00f3n de visados afectan tambi\u00e9n a estudiantes y profesorado invitado residente en Cisjordania: ante la imposibilidad de movimiento en el territorio ocupado, el Consulado competente no facilita la gesti\u00f3n y\/o recepci\u00f3n de los visados, lleg\u00e1ndose incluso a perder becas ya concedidas el pasado curso acad\u00e9mico, como en el caso con un profesor de la Universidad An Najah (Nablus) invitado por la Universidad de Sevilla.<\/p>\n<p>Algunas de las estudiantes que integran este reducido grupo han disfrutado en cursos anteriores de estancias Erasmus en nuestras universidades, y con la mayor\u00eda de ellas llevamos muchos meses en contacto, cuando la precariedad de la conexi\u00f3n por internet lo permite, interes\u00e1ndonos por su situaci\u00f3n. Sembramos en ellas una esperanza, la de escapar del infierno en que se ha convertido Gaza, y nos interpelan constantemente acerca de la posibilidad de evacuarlas a Espa\u00f1a para poder continuar con sus estudios en un entorno seguro.<\/p>\n<blockquote><p>Abogamos por una soluci\u00f3n pol\u00edtica global que permita al pueblo palestino vivir en su tierra, en libertad, pero igualmente apoyamos cualquier v\u00eda que permita salvar del genocidio a cuantas personas sea posible<\/p><\/blockquote>\n<p>Desde la RUxP, abogamos por una soluci\u00f3n pol\u00edtica global que permita al pueblo palestino vivir en su tierra, en libertad, pero igualmente apoyamos cualquier v\u00eda que permita salvar del genocidio a cuantas personas sea posible. No se solicita evacuar a mil, dos mil o cien mil personas, se\u00f1or ministro. Se trata de salvar la vida a estudiantes ya matriculadas en universidades espa\u00f1olas y permitir que puedan continuar con sus estudios.<\/p>\n<p>Se\u00f1or Albares: reiteramos nuestra petici\u00f3n al Gobierno de Espa\u00f1a de que ponga en marcha los mecanismos necesarios para la concesi\u00f3n de visados y evacuaci\u00f3n desde Gaza, que facilite la llegada de las estudiantes que se encuentran actualmente en Egipto y L\u00edbano, y adapte a las actuales condiciones en Cisjordania la tramitaci\u00f3n de visados de estudiantado y profesorado becados o invitados por nuestras universidades, o programas de movilidad internacional.<\/p>\n<p>Nos ponemos a su disposici\u00f3n para colaborar, en la medida en que nos requieran, en la puesta en marcha de cualquier operativo que permita traer a nuestras estudiantes a Espa\u00f1a para continuar sus estudios.<\/p>\n<p>      Sobre la autor\u00eda de este art\u00edculo<\/p>\n<p>      Esta carta est\u00e1 firmada por David Pe\u00f1afuerte, de la Universidad de Ja\u00e9n, Auxiliadora Dur\u00e1n, de la Universidad de M\u00e1laga, Amal Abu-Warda P\u00e9rez, de la Universidad Complutense de Madrid y Mar\u00eda Jos\u00e9 Lera, de la Universidad de Sevilla, en nombre de la Red Universitaria por Palestina.<\/p>\n","protected":false},"excerpt":{"rendered":"Red Universitaria por Palestina hace una solicitud urgente de concesi\u00f3n de visados y evacuaci\u00f3n desde Gaza\u00a0en esta carta&hellip;\n","protected":false},"author":2,"featured_media":56531,"comment_status":"","ping_status":"","sticky":false,"template":"","format":"standard","meta":{"footnotes":""},"categories":[42],"tags":[517,17,18,13,14,79,11,61,62,63,64,19,20,9,10,15,16,76,12,21,22,2845,65,66,67],"class_list":{"0":"post-108939","1":"post","2":"type-post","3":"status-publish","4":"format-standard","5":"has-post-thumbnail","7":"category-internacional","8":"tag-actualidad","9":"tag-breaking-news","10":"tag-breakingnews","11":"tag-featured-news","12":"tag-featurednews","13":"tag-genocidio","14":"tag-headlines","15":"tag-internacional","16":"tag-international","17":"tag-international-news","18":"tag-internationalnews","19":"tag-latest-news","20":"tag-latestnews","21":"tag-news","22":"tag-noticias","23":"tag-noticias-destacadas","24":"tag-noticiasdestacadas","25":"tag-palestina","26":"tag-titulares","27":"tag-ultimas-noticias","28":"tag-ultimasnoticias","29":"tag-universidad","30":"tag-world","31":"tag-world-news","32":"tag-worldnews"},"share_on_mastodon":{"url":"","error":""},"_links":{"self":[{"href":"https:\/\/www.europesays.com\/es\/wp-json\/wp\/v2\/posts\/108939","targetHints":{"allow":["GET"]}}],"collection":[{"href":"https:\/\/www.europesays.com\/es\/wp-json\/wp\/v2\/posts"}],"about":[{"href":"https:\/\/www.europesays.com\/es\/wp-json\/wp\/v2\/types\/post"}],"author":[{"embeddable":true,"href":"https:\/\/www.europesays.com\/es\/wp-json\/wp\/v2\/users\/2"}],"replies":[{"embeddable":true,"href":"https:\/\/www.europesays.com\/es\/wp-json\/wp\/v2\/comments?post=108939"}],"version-history":[{"count":0,"href":"https:\/\/www.europesays.com\/es\/wp-json\/wp\/v2\/posts\/108939\/revisions"}],"wp:featuredmedia":[{"embeddable":true,"href":"https:\/\/www.europesays.com\/es\/wp-json\/wp\/v2\/media\/56531"}],"wp:attachment":[{"href":"https:\/\/www.europesays.com\/es\/wp-json\/wp\/v2\/media?parent=108939"}],"wp:term":[{"taxonomy":"category","embeddable":true,"href":"https:\/\/www.europesays.com\/es\/wp-json\/wp\/v2\/categories?post=108939"},{"taxonomy":"post_tag","embeddable":true,"href":"https:\/\/www.europesays.com\/es\/wp-json\/wp\/v2\/tags?post=108939"}],"curies":[{"name":"wp","href":"https:\/\/api.w.org\/{rel}","templated":true}]}}