{"id":108946,"date":"2025-09-12T00:17:15","date_gmt":"2025-09-12T00:17:15","guid":{"rendered":"https:\/\/www.europesays.com\/es\/108946\/"},"modified":"2025-09-12T00:17:15","modified_gmt":"2025-09-12T00:17:15","slug":"tomas-bastos-se-lleva-el-xxv-alfarero-de-oro","status":"publish","type":"post","link":"https:\/\/www.europesays.com\/es\/108946\/","title":{"rendered":"Tom\u00e1s Bastos se lleva el XXV Alfarero de Oro"},"content":{"rendered":"<p>El Ayuntamiento de Villaseca de la Sagra, organizador del certamen Alfarero de Oro, comunica los premios tras las votaciones de los miembros del jurado para los trofeos correspondientes a la XXV edici\u00f3n del Alfarero de Oro 2025, tras la celebraci\u00f3n de las ocho novilladas con picadores que han compuesto el ciclo.<\/p>\n<p>Los premios, que distinguen a los novilleros y profesionales m\u00e1s destacados, as\u00ed como a las ganader\u00edas que han marcado la presente edici\u00f3n, son los siguientes:<\/p>\n<p>Mejor Faena \u2013 Tom\u00e1s Bastos<\/p>\n<p>Mejor Novillo \u2013 N\u00ba 26 Enarbolado \u2013 Conde de Mayalde<\/p>\n<p>Mejor Ganader\u00eda &#8211; Conde de Mayalde<\/p>\n<p>Mejor Banderillero \u2013 H\u00e9ctor Garc\u00eda<\/p>\n<p>Mejor Pe\u00f3n de Brega &#8211; Daniel Duarte<\/p>\n<p>Mejor Picador \u2013 Trofeo Agust\u00edn P\u00e9rez \u00abMejorcito\u00bb \u2013 Jos\u00e9 Mar\u00eda Gonz\u00e1lez<\/p>\n<p>Triunfador del Alfarero de Oro 2025 &#8211; Tom\u00e1s Bastos<\/p>\n<p>\u00a0<\/p>\n","protected":false},"excerpt":{"rendered":"El Ayuntamiento de Villaseca de la Sagra, organizador del certamen Alfarero de Oro, comunica los premios tras las&hellip;\n","protected":false},"author":2,"featured_media":108947,"comment_status":"","ping_status":"","sticky":false,"template":"","format":"standard","meta":{"footnotes":""},"categories":[277],"tags":[373,168,25,24,1949,23,167,625,374,9519],"class_list":{"0":"post-108946","1":"post","2":"type-post","3":"status-publish","4":"format-standard","5":"has-post-thumbnail","7":"category-toreo","8":"tag-bullfighting","9":"tag-deportes","10":"tag-es","11":"tag-espana","12":"tag-ganaderia","13":"tag-spain","14":"tag-sports","15":"tag-tauromaquia","16":"tag-toreo","17":"tag-villaseca-de-la-sagra"},"share_on_mastodon":{"url":"","error":""},"_links":{"self":[{"href":"https:\/\/www.europesays.com\/es\/wp-json\/wp\/v2\/posts\/108946","targetHints":{"allow":["GET"]}}],"collection":[{"href":"https:\/\/www.europesays.com\/es\/wp-json\/wp\/v2\/posts"}],"about":[{"href":"https:\/\/www.europesays.com\/es\/wp-json\/wp\/v2\/types\/post"}],"author":[{"embeddable":true,"href":"https:\/\/www.europesays.com\/es\/wp-json\/wp\/v2\/users\/2"}],"replies":[{"embeddable":true,"href":"https:\/\/www.europesays.com\/es\/wp-json\/wp\/v2\/comments?post=108946"}],"version-history":[{"count":0,"href":"https:\/\/www.europesays.com\/es\/wp-json\/wp\/v2\/posts\/108946\/revisions"}],"wp:featuredmedia":[{"embeddable":true,"href":"https:\/\/www.europesays.com\/es\/wp-json\/wp\/v2\/media\/108947"}],"wp:attachment":[{"href":"https:\/\/www.europesays.com\/es\/wp-json\/wp\/v2\/media?parent=108946"}],"wp:term":[{"taxonomy":"category","embeddable":true,"href":"https:\/\/www.europesays.com\/es\/wp-json\/wp\/v2\/categories?post=108946"},{"taxonomy":"post_tag","embeddable":true,"href":"https:\/\/www.europesays.com\/es\/wp-json\/wp\/v2\/tags?post=108946"}],"curies":[{"name":"wp","href":"https:\/\/api.w.org\/{rel}","templated":true}]}}