{"id":108948,"date":"2025-09-12T00:18:09","date_gmt":"2025-09-12T00:18:09","guid":{"rendered":"https:\/\/www.europesays.com\/es\/108948\/"},"modified":"2025-09-12T00:18:09","modified_gmt":"2025-09-12T00:18:09","slug":"problemas-para-khamzat-chimaev-la-nueva-estrella-de-ufc-que-lo-reta-por-el-cinturon","status":"publish","type":"post","link":"https:\/\/www.europesays.com\/es\/108948\/","title":{"rendered":"\u00bfProblemas para Khamzat Chimaev? La nueva estrella de UFC que lo reta por el cintur\u00f3n"},"content":{"rendered":"<p>La divisi\u00f3n de peso medio de la <strong><a href=\"https:\/\/www.diariohuarpe.com\/tags\/ufc\" rel=\"nofollow noopener\" class=\"link-amp\" target=\"_blank\">UFC<\/a> <\/strong>est\u00e1 al rojo vivo tras la reciente victoria de <a href=\"https:\/\/www.instagram.com\/imavov_nassourdine\/?hl=es\" rel=\"nofollow noopener\" class=\"link-amp\" target=\"_blank\"><strong>Nassourdine Imavov<\/strong><\/a> en el Accor Arena de Par\u00eds. El peleador franc\u00e9s, conocido como &#8216;El Francotirador&#8217;, se impuso a Caio Borralho por decisi\u00f3n un\u00e1nime en una actuaci\u00f3n que, en principio, lo sit\u00faa como el pr\u00f3ximo aspirante al cintur\u00f3n. No obstante, una inminente pelea entre Reinier de Ridder y Anthony Hern\u00e1ndez el 18 de octubre en el UFC Vancouver podr\u00eda cambiar el panorama y determinar qui\u00e9n ser\u00e1 el pr\u00f3ximo rival de <strong>Khamzat Chimaev<\/strong>, el actual campe\u00f3n.<\/p>\n<p>La expectativa inicial era que el ganador del enfrentamiento entre Imavov y Borralho obtendr\u00eda el pasaje directo a la disputa por el t\u00edtulo. De hecho, a Imavov se le ofreci\u00f3 ser el peleador de reemplazo en el UFC 319, lo que subraya la importancia de este combate. Sin embargo, el presidente de la <strong>UFC<\/strong>, Dana White, ha sembrado la duda. En una reciente conferencia de prensa, admiti\u00f3 que, aunque lo l\u00f3gico es que Imavov sea el siguiente en la fila, una actuaci\u00f3n \u00abimpresionante\u00bb por parte de De Ridder o Hern\u00e1ndez podr\u00eda provocar un giro de 180 grados en la decisi\u00f3n.<\/p>\n<p>A pesar de su victoria, la actuaci\u00f3n de Imavov no fue lo suficientemente contundente como para cerrar por completo la puerta a sus rivales. El peleador franc\u00e9s reconoci\u00f3 que sufri\u00f3 una lesi\u00f3n en el tend\u00f3n de la pierna al comienzo de su pelea, lo que limit\u00f3 su capacidad para buscar un nocaut. Esta falta de \u00abfinalizaci\u00f3n\u00bb, un factor que suele ser decisivo para Dana White, le abre una oportunidad a los dos contendientes que se enfrentar\u00e1n en Vancouver.<\/p>\n<p>Varios interesados en el cintur\u00f3n de Khamzat Chimaev<\/p>\n<p>Reinier de Ridder llega a la <strong>UFC <\/strong>con un impresionante historial como doble campe\u00f3n de One Championship. Con un s\u00f3lido jiu-jitsu y un striking competente, ha conseguido cuatro victorias en 11 meses, tres de ellas por finalizaci\u00f3n, venciendo a nombres como Kevin Holland, Bo Nickal y Robert Whittaker. Por su parte, \u00abFluffy\u00bb Hern\u00e1ndez acumula una racha de ocho victorias consecutivas, demostrando una notable mejor\u00eda en cada combate. Con un cardio excepcional y un dominio de la pelea en el suelo, ha sometido a rivales de la talla de Dolidze y Kopylov, demostrando que es una fuerza a tener en cuenta.<\/p>\n<p>Ambos peleadores se encuentran en un gran momento de forma y el factor decisivo para Dana White ser\u00e1, sin duda, la capacidad de uno de ellos para lograr una finalizaci\u00f3n espectacular. Si De Ridder o Hern\u00e1ndez logran una victoria contundente, especialmente ahora que Imavov se encuentra lesionado y <strong>Chimaev <\/strong>ha manifestado su deseo de mantenerse activo, tendr\u00e1n una oportunidad de oro para arrebatarle el lugar a \u00abEl Francotirador\u00bb y convertirse en el pr\u00f3ximo aspirante al t\u00edtulo de las 185 libras.<\/p>\n<p>\u00a0<\/p>\n<p><script async src=\"\/\/www.instagram.com\/embed.js\"><\/script><\/p>\n","protected":false},"excerpt":{"rendered":"La divisi\u00f3n de peso medio de la UFC est\u00e1 al rojo vivo tras la reciente victoria de Nassourdine&hellip;\n","protected":false},"author":2,"featured_media":108949,"comment_status":"","ping_status":"","sticky":false,"template":"","format":"standard","meta":{"footnotes":""},"categories":[276],"tags":[168,25,24,23,167,343],"class_list":{"0":"post-108948","1":"post","2":"type-post","3":"status-publish","4":"format-standard","5":"has-post-thumbnail","7":"category-ufc","8":"tag-deportes","9":"tag-es","10":"tag-espana","11":"tag-spain","12":"tag-sports","13":"tag-ufc"},"share_on_mastodon":{"url":"","error":""},"_links":{"self":[{"href":"https:\/\/www.europesays.com\/es\/wp-json\/wp\/v2\/posts\/108948","targetHints":{"allow":["GET"]}}],"collection":[{"href":"https:\/\/www.europesays.com\/es\/wp-json\/wp\/v2\/posts"}],"about":[{"href":"https:\/\/www.europesays.com\/es\/wp-json\/wp\/v2\/types\/post"}],"author":[{"embeddable":true,"href":"https:\/\/www.europesays.com\/es\/wp-json\/wp\/v2\/users\/2"}],"replies":[{"embeddable":true,"href":"https:\/\/www.europesays.com\/es\/wp-json\/wp\/v2\/comments?post=108948"}],"version-history":[{"count":0,"href":"https:\/\/www.europesays.com\/es\/wp-json\/wp\/v2\/posts\/108948\/revisions"}],"wp:featuredmedia":[{"embeddable":true,"href":"https:\/\/www.europesays.com\/es\/wp-json\/wp\/v2\/media\/108949"}],"wp:attachment":[{"href":"https:\/\/www.europesays.com\/es\/wp-json\/wp\/v2\/media?parent=108948"}],"wp:term":[{"taxonomy":"category","embeddable":true,"href":"https:\/\/www.europesays.com\/es\/wp-json\/wp\/v2\/categories?post=108948"},{"taxonomy":"post_tag","embeddable":true,"href":"https:\/\/www.europesays.com\/es\/wp-json\/wp\/v2\/tags?post=108948"}],"curies":[{"name":"wp","href":"https:\/\/api.w.org\/{rel}","templated":true}]}}