{"id":108950,"date":"2025-09-12T00:19:11","date_gmt":"2025-09-12T00:19:11","guid":{"rendered":"https:\/\/www.europesays.com\/es\/108950\/"},"modified":"2025-09-12T00:19:11","modified_gmt":"2025-09-12T00:19:11","slug":"rahm-sobrevive-en-el-tramo-final-tras-un-inicio-irregular","status":"publish","type":"post","link":"https:\/\/www.europesays.com\/es\/108950\/","title":{"rendered":"Rahm sobrevive en el tramo final tras un inicio irregular"},"content":{"rendered":"<p><a class=\"v-mdl-ath__fig-a\" href=\"https:\/\/www.elcorreo.com\/autor\/carlos-nieto-5589.html\" title=\"Carlos Nieto\" rel=\"nofollow noopener\" target=\"_blank\"><br \/>\n<img decoding=\"async\" class=\"v-mdl-ath__img\" src=\"https:\/\/www.europesays.com\/es\/wp-content\/uploads\/2025\/07\/autor-5589-foto-1.png\" alt=\"Carlos Nieto\"\/><br \/>\n<\/a><\/p>\n<p class=\"v-mdl-ath__p v-mdl-ath__p--6\">\nJueves, 11 de septiembre 2025, 21:11<\/p>\n<p class=\"v-p\">Jon Rahm tuvo este jueves un irregular inicio en el BMW PGA, torneo en el que busca romper una sequ\u00eda de un a\u00f1o sin t\u00edtulos y llegar con la moral por las nubes a la Ryder Cup de Nueva York dentro de dos semanas. En Wentworth, donde colecciona dos segundos puestos y un cuarto, se le ha puesto cuesta arriba so\u00f1ar por lo m\u00e1s alto. Con una tarjeta de -1, se coloca al filo del corte y est\u00e1 a siete golpes de los col\u00edderes Ludvig Aberg, su compa\u00f1ero en el equipo europeo, y Tom Vaillant. El mejor espa\u00f1ol del d\u00eda fue el donostiarra Adri\u00e1n Otaegui (-5), que compite bajo bandera de Emiratos.<\/p>\n<p class=\"v-p\">Apenas hab\u00edan pasado 45 minutos del inicio del partido de Rahm \u2013arranc\u00f3 a las 13.45 horas de Espa\u00f1a, una menos en Londres\u2013 cuando el bocinazo por tormenta el\u00e9ctrica mand\u00f3 a los jugadores de vuelta a la Casa Club. La pausa se alarg\u00f3 durante hora y media. Los \u00faltimos golpes del vizca\u00edno antes del par\u00f3n fueron dos putts que supusieron el primer bogey del d\u00eda, un error del que se recuper\u00f3 tras la reanudaci\u00f3n al aprovechar el primer par 5 del campo. En ese cuarto hoyo pate\u00f3 incluso desde once metros para eagle.<\/p>\n<p class=\"v-p\">Sin embargo, no le dur\u00f3 demasiado su nuevo periplo al par de Wentworth. Rahm cometi\u00f3 dos fallos de forma consecutiva en los hoyos 5 y 6. En el primero, un par 3, la salida fue horrible, el approach inmediato insuficiente y el putt posterior de tres metros muy corto. En el siguiente, desde la calle no encontr\u00f3 green y fue a parar a un b\u00fanker del que se enred\u00f3 al sacarla. Se dej\u00f3 un compromiso de seis metros que tampoco entr\u00f3. En un visto y no visto el de Barrika se desplomaba en la tabla con apenas un tercio del recorrido completado.<\/p>\n<p class=\"v-p\">1. Tom Vaillant (FRA) -8<\/p>\n<p class=\"v-p\">-. Ludvig Aberg (SUE) -8<\/p>\n<p class=\"v-p\">3. Casey Jarvis (SUD) -7<\/p>\n<p class=\"v-p\">4. Antoine Rozner (FRA) -6<\/p>\n<p class=\"v-p\">-. Matt Fitzpatrick (ING) -6<\/p>\n<p class=\"v-p\">-. Richie Ramsey (ESC) -6<\/p>\n<p class=\"v-p\">-. Joakim Lagergren (SUE) -6<\/p>\n<p class=\"v-p\">8. Justin Rose (ING) -5<\/p>\n<p class=\"v-p\">-. Adri\u00e1n Otaegui (EAU) -5<\/p>\n<p class=\"v-p\">-. Shane Lowry (IRL) -5<\/p>\n<p class=\"v-p\">-. Viktor Hovland (NOR) -5<\/p>\n<p class=\"v-p\">-. Oliver Lindell (FIN) -5<\/p>\n<p class=\"v-p\">-. Darren Fichardt (SUD) -5<\/p>\n<p class=\"v-p\">-. Ewen Ferguson (ESC) -5<\/p>\n<p class=\"v-p\">-. Sam Bairstow (ING) -5<\/p>\n<p class=\"v-p\"><strong>67. Jon Rahm (ESP)-1<\/strong><\/p>\n<p class=\"v-p\">El nivel de juego no mejor\u00f3 y Rahm sufri\u00f3 de lo lindo para firmar pares. Se dejaba putts largu\u00edsimos que hac\u00edan en una quimera el birdie. Lo tuvo en su mano en el hoyo 8, cuando de forma incomprensible no acert\u00f3 desde apenas metro y medio. Un par tras otro hasta que en el 11 volvi\u00f3 a tropezar para caer hasta +3. En ese momento, despu\u00e9s de fallar un putt para par de cuatro metros, solo seis jugadores ten\u00edan una tarjeta peor a la del campe\u00f3n del LIV, que se recuperar\u00eda en el siguiente desaf\u00edo al aprovechar otro par 5, su salvavidas en un d\u00eda aciago que por momentos se dio bajo un fuerte aguacero.<\/p>\n<p><img decoding=\"async\" loading=\"lazy\" src=\"https:\/\/www.europesays.com\/es\/wp-content\/uploads\/2025\/09\/trio-ryder-kE0C-U2302902441431TuD-624x385@El Correo.jpg\" class=\"v-a-img\" width=\"624\" height=\"385\" alt=\"Rahm comparti\u00f3 recorrido en Wentworth con dos compa\u00f1eros de la Ryder como Rory McIlroy y Shane Lowry.\" data-voc-vtm-id=\"in-text-traffic\"\/><\/p>\n<p>Rahm comparti\u00f3 recorrido en Wentworth con dos compa\u00f1eros de la Ryder como Rory McIlroy y Shane Lowry.<\/p>\n<p>AFP<\/p>\n<p><img loading=\"lazy\" decoding=\"async\" src=\"https:\/\/www.europesays.com\/es\/wp-content\/uploads\/2025\/09\/trio-ryder-kE0C-U2302902441431TuD-624x385@El Correo.jpg\" class=\"v-mdl__img-z\" width=\"624\" height=\"385\" alt=\"\"\/><\/p>\n<p class=\"v-p\">A partir de entonces se desataron una serie de acontecimientos que convierten al golf en uno de los deportes m\u00e1s imprevisibles. Rahm cogi\u00f3 la calle del 13, pero roz\u00f3 sin querer la bola con su palo al aproximarse. Tras varios minutos de discusi\u00f3n con el \u00e1rbitro, le cay\u00f3 un golpe de penalidad. Acto seguido, su hierro mand\u00f3 dej\u00f3 la pelota a diez metros de bandera mientras no ocultaba su enfado con la decisi\u00f3n tomada por el juez. Entonces, contra las cuerdas, emboc\u00f3 ese putt para salvar el par que en condiciones normales hubiese sido un birdie. Hasta ese momento, por cierto, no hab\u00eda acertado desde m\u00e1s all\u00e1 de un metro.<\/p>\n<p>Desde la arena<\/p>\n<p class=\"v-p\">Cosas del golf, el hoyo 15 regal\u00f3 uno de los golpes de la jornada, de nuevo con el vizca\u00edno de protagonista. De la calle se fue al b\u00fanker y desde la arena, con el talud encima, ofreci\u00f3 un espectacular chip que acab\u00f3 con la bola en el agujero. Con esa &#8216;delicatessen&#8217; subi\u00f3 a +1, y despu\u00e9s al par tras un hierro sensacional que le brind\u00f3 un putt de dos metros que no perdon\u00f3. Y en el par 5 del 17, tras irse a los \u00e1rboles, tuvo margen de recuperaci\u00f3n y acert\u00f3 desde seis metros, ya en el green. Para terminar, arregl\u00f3 su visita al agua en el \u00faltimo hoyo, en el que pudo salvar el par.<\/p>\n<p>Comenta<\/p>\n<p>Reporta un error<\/p>\n","protected":false},"excerpt":{"rendered":"Jueves, 11 de septiembre 2025, 21:11 Jon Rahm tuvo este jueves un irregular inicio en el BMW PGA,&hellip;\n","protected":false},"author":2,"featured_media":108951,"comment_status":"","ping_status":"","sticky":false,"template":"","format":"standard","meta":{"footnotes":""},"categories":[275],"tags":[168,25,24,1058,329,4712,27932,330,15429,23,167,14238,575],"class_list":{"0":"post-108950","1":"post","2":"type-post","3":"status-publish","4":"format-standard","5":"has-post-thumbnail","7":"category-golf","8":"tag-deportes","9":"tag-es","10":"tag-espana","11":"tag-final","12":"tag-golf","13":"tag-inicio","14":"tag-irregular","15":"tag-rahm","16":"tag-sobrevive","17":"tag-spain","18":"tag-sports","19":"tag-tramo","20":"tag-tras"},"share_on_mastodon":{"url":"","error":""},"_links":{"self":[{"href":"https:\/\/www.europesays.com\/es\/wp-json\/wp\/v2\/posts\/108950","targetHints":{"allow":["GET"]}}],"collection":[{"href":"https:\/\/www.europesays.com\/es\/wp-json\/wp\/v2\/posts"}],"about":[{"href":"https:\/\/www.europesays.com\/es\/wp-json\/wp\/v2\/types\/post"}],"author":[{"embeddable":true,"href":"https:\/\/www.europesays.com\/es\/wp-json\/wp\/v2\/users\/2"}],"replies":[{"embeddable":true,"href":"https:\/\/www.europesays.com\/es\/wp-json\/wp\/v2\/comments?post=108950"}],"version-history":[{"count":0,"href":"https:\/\/www.europesays.com\/es\/wp-json\/wp\/v2\/posts\/108950\/revisions"}],"wp:featuredmedia":[{"embeddable":true,"href":"https:\/\/www.europesays.com\/es\/wp-json\/wp\/v2\/media\/108951"}],"wp:attachment":[{"href":"https:\/\/www.europesays.com\/es\/wp-json\/wp\/v2\/media?parent=108950"}],"wp:term":[{"taxonomy":"category","embeddable":true,"href":"https:\/\/www.europesays.com\/es\/wp-json\/wp\/v2\/categories?post=108950"},{"taxonomy":"post_tag","embeddable":true,"href":"https:\/\/www.europesays.com\/es\/wp-json\/wp\/v2\/tags?post=108950"}],"curies":[{"name":"wp","href":"https:\/\/api.w.org\/{rel}","templated":true}]}}