{"id":108954,"date":"2025-09-12T00:21:07","date_gmt":"2025-09-12T00:21:07","guid":{"rendered":"https:\/\/www.europesays.com\/es\/108954\/"},"modified":"2025-09-12T00:21:07","modified_gmt":"2025-09-12T00:21:07","slug":"no-se-lo-creen-ni-ellos-las-dos-preguntas-que-se-hace-jesus-gallego-y-que-retratan-la-gestion-de-la-vuelta-ciclista-a-espana-mas-deportes","status":"publish","type":"post","link":"https:\/\/www.europesays.com\/es\/108954\/","title":{"rendered":"\u00abNo se lo creen ni ellos\u00bb: las dos preguntas que se hace Jes\u00fas Gallego y que retratan la gesti\u00f3n de La Vuelta Ciclista a Espa\u00f1a | M\u00e1s deportes"},"content":{"rendered":"<p>Esta edici\u00f3n de La Vuelta a Espa\u00f1a es una de las m\u00e1s pol\u00e9micas de los \u00faltimos a\u00f1os. La raz\u00f3n son las continuas manifestaciones por diferentes puntos de la geograf\u00eda espa\u00f1ola en contra del ataque de las fuerzas israel\u00edes al pueblo palestino en la franja de Gaza. Una situaci\u00f3n que ha puesto en jaque a la organizaci\u00f3n de la prueba espa\u00f1ola y que ha provocado cambios nunca vistos antes durante la celebraci\u00f3n de esta cl\u00e1sica del a\u00f1o ciclista. Jes\u00fas Gallego, director de Hora 25 Deportes, critica la gesti\u00f3n por parte de la organizaci\u00f3n y lanza dos preguntas al aire que invitan a la reflexi\u00f3n de cara a pruebas futuras. <\/p>\n<p>M\u00e1s informaci\u00f3n<\/p>\n<p>La participaci\u00f3n del equipo de Israel-Premier Tech ha despertado la indignaci\u00f3n de los manifestantes que aprovechan cada etapa de La Vuelta a Espa\u00f1a para manifestarse en contra de que por las calles espa\u00f1olas se pasee la bandera del estado israel\u00ed. Tal es la situaci\u00f3n de tensi\u00f3n que en las \u00faltimas etapas la organizaci\u00f3n de La Vuelta ha decidido modificar el recorrido de las pruebas para evitar incidentes. El \u00faltimo cambio se produjo en la etapa 18 que recorr\u00eda Valladolid. La contrarreloj programada en Pucela se ha recortado de 27 km a 12 km y ha supuesto en t\u00e9rminos deportivos la posibilidad de que Joao Almeida le compita m\u00e1s de lo esperado el maillot rojo a Jonas Vingegaard. <\/p>\n<p>En relaci\u00f3n con la seguridad del evento, se han elevado los dispositivos policiales que se encargan de velar por la seguridad de los ciclistas y manifestantes en las diferentes etapas. <a href=\"https:\/\/cadenaser.com\/nacional\/2025\/09\/11\/dos-detenidos-en-la-etapa-18-de-la-vuelta-cuando-han-intentado-saltar-las-vallas-de-contencion-al-paso-de-un-ciclista-del-equipo-israel-cadena-ser\/\" target=\"_blank\" rel=\"nofollow noopener\" title=\"https:\/\/cadenaser.com\/nacional\/2025\/09\/11\/dos-detenidos-en-la-etapa-18-de-la-vuelta-cuando-han-intentado-saltar-las-vallas-de-contencion-al-paso-de-un-ciclista-del-equipo-israel-cadena-ser\/\">Durante la etapa en Valladolid, se han producido dos detenciones tras la violaci\u00f3n del per\u00edmetro de seguridad por parte de dos manifestantes<\/a>, que intentaron agredir a los ciclistas del equipo Premier Tech saltando la valla que separaba a los corredores del p\u00fablico que se congregaba en las calles. La previsi\u00f3n de lo que se espera para este fin de semana en el final de La Vuelta es un clima tenso y lleno de manifestantes por las calles defendiendo la causa palestina. Esto ha provocado que el despliegue que se espera para la etapa de este domingo en Madrid sea el m\u00e1s elevado desde la cumbre de la OTAN en la capital del Espa\u00f1a. <\/p>\n<p>Jes\u00fas Gallego: \u00abLa Vuelta fall\u00f3 en la previsi\u00f3n y en el di\u00e1logo con la UCI\u00bb<\/p>\n<p>\u00abHay especial preocupaci\u00f3n por las dos etapas, de s\u00e1bado y domingo, que se celebrar\u00e1n en Madrid\u00bb, se\u00f1al\u00f3 el presentador de Hora 25 Deportes. \u00abQuiero dejar dos preguntar para la organizaci\u00f3n. Si antes de iniciarse La Vuelta, la organizaci\u00f3n con Javier Guill\u00e9n al frente, hubiera advertido seriamente a la UCI de que no se iba a poder garantizar el normal desarrollo de la carrera por la participaci\u00f3n del equipo de Israel ya que eran previsibles las protestas y el ambiente iba a perjudicar el espect\u00e1culo, \u00bfde verdad la UCi le dir\u00eda a la Vuelta que tendr\u00eda que apechugar con todo ello? \u00bfDe verdad? Yo no me lo creo. La Vuelta fall\u00f3 en la previsi\u00f3n y en el di\u00e1logo con la UCI\u00bb.<\/p>\n<p>La segunda pregunta que me hago: si el a\u00f1o que viene contin\u00faa la masacre en Gaza y se llega a los 90 mil muertos, y el equipo ciclista de Israel tiene los puntos para participar en la Vuelta ciclista, \u00bfde verdad que Javier Guill\u00e9n nos va a decir a todos que no se puede hacer nada por evitarlo con tantos muertos? \u00a1No se lo creen ni ellos! Eso demuestra que se podr\u00eda haber hecho ya hoy\u00bb, sentenci\u00f3 el presentador de Hora 25 Deportes.<\/p>\n","protected":false},"excerpt":{"rendered":"Esta edici\u00f3n de La Vuelta a Espa\u00f1a es una de las m\u00e1s pol\u00e9micas de los \u00faltimos a\u00f1os. La&hellip;\n","protected":false},"author":2,"featured_media":108955,"comment_status":"","ping_status":"","sticky":false,"template":"","format":"standard","meta":{"footnotes":""},"categories":[273],"tags":[313,312,168,25,24,23,167],"class_list":{"0":"post-108954","1":"post","2":"type-post","3":"status-publish","4":"format-standard","5":"has-post-thumbnail","7":"category-ciclismo","8":"tag-ciclismo","9":"tag-cycling","10":"tag-deportes","11":"tag-es","12":"tag-espana","13":"tag-spain","14":"tag-sports"},"share_on_mastodon":{"url":"","error":""},"_links":{"self":[{"href":"https:\/\/www.europesays.com\/es\/wp-json\/wp\/v2\/posts\/108954","targetHints":{"allow":["GET"]}}],"collection":[{"href":"https:\/\/www.europesays.com\/es\/wp-json\/wp\/v2\/posts"}],"about":[{"href":"https:\/\/www.europesays.com\/es\/wp-json\/wp\/v2\/types\/post"}],"author":[{"embeddable":true,"href":"https:\/\/www.europesays.com\/es\/wp-json\/wp\/v2\/users\/2"}],"replies":[{"embeddable":true,"href":"https:\/\/www.europesays.com\/es\/wp-json\/wp\/v2\/comments?post=108954"}],"version-history":[{"count":0,"href":"https:\/\/www.europesays.com\/es\/wp-json\/wp\/v2\/posts\/108954\/revisions"}],"wp:featuredmedia":[{"embeddable":true,"href":"https:\/\/www.europesays.com\/es\/wp-json\/wp\/v2\/media\/108955"}],"wp:attachment":[{"href":"https:\/\/www.europesays.com\/es\/wp-json\/wp\/v2\/media?parent=108954"}],"wp:term":[{"taxonomy":"category","embeddable":true,"href":"https:\/\/www.europesays.com\/es\/wp-json\/wp\/v2\/categories?post=108954"},{"taxonomy":"post_tag","embeddable":true,"href":"https:\/\/www.europesays.com\/es\/wp-json\/wp\/v2\/tags?post=108954"}],"curies":[{"name":"wp","href":"https:\/\/api.w.org\/{rel}","templated":true}]}}