{"id":108956,"date":"2025-09-12T00:22:09","date_gmt":"2025-09-12T00:22:09","guid":{"rendered":"https:\/\/www.europesays.com\/es\/108956\/"},"modified":"2025-09-12T00:22:09","modified_gmt":"2025-09-12T00:22:09","slug":"el-exjefe-de-racing-bulls-senala-el-mayor-problema-de-tsunoda","status":"publish","type":"post","link":"https:\/\/www.europesays.com\/es\/108956\/","title":{"rendered":"El exjefe de Racing Bulls se\u00f1ala el mayor problema de Tsunoda"},"content":{"rendered":"<p>El futuro de Yuki Tsunoda en Red Bull Racing sigue siendo incierto. Al igual que los pilotos de Racing Bulls, Liam Lawson e Isack Hadjar, el japon\u00e9s a\u00fan no sabe qu\u00e9 le espera para la temporada 2026 de F1.<\/p>\n<p>Tras cuatro temporadas, Tsunoda dio el salto al equipo principal de la compa\u00f1\u00eda, pero los resultados hasta ahora han sido decepcionantes, y la c\u00fapula de Red Bull ya ha indicado que quiere tomar una decisi\u00f3n sobre las alineaciones de pilotos para 2026 alrededor del Gran Premio de M\u00e9xico.<\/p>\n<p>Durante parte de la temporada, Tsunoda ha competido junto a Max Verstappen con material m\u00e1s antiguo y, en Monza, tampoco dispuso de la actualizaci\u00f3n del suelo que recibi\u00f3 el cuatro veces campe\u00f3n. En el Gran Premio de Italia, adem\u00e1s, tuvo que completar parte de la carrera con da\u00f1os en su coche tras un contacto con Lawson. Sin embargo, pese a esas circunstancias, la diferencia en meta fue considerable: ochenta segundos.<\/p>\n<p>Franz Tost, quien trabaj\u00f3 durante varios a\u00f1os con Tsunoda cuando era jefe de lo que actualmente es Racing Bulls, asegura que no se trata de una falta de talento, pero ve un \u00e1rea clara en la que el piloto puede mejorar.<\/p>\n<p>\u00abYuki es naturalmente muy r\u00e1pido, pero quiz\u00e1 eso tambi\u00e9n sea parte del problema\u00bb, declar\u00f3 el exjefe del equipo de Faenza a Servus TV. \u00abEn las categor\u00edas junior siempre mostr\u00f3 actuaciones impresionantes, tanto en F\u00f3rmula 3 como en F\u00f3rmula 2. En aquel entonces, todo parec\u00eda resultarle bastante f\u00e1cil. Y siempre le dec\u00eda: &#8216;Yuki, en la F\u00f3rmula 1 tienes que trabajar duro'\u00bb.<\/p>\n<p>Seg\u00fan Tost, es precisamente en ese aspecto donde Tsunoda no est\u00e1 cumpliendo. En su opini\u00f3n, el piloto de Red Bull \u00abno es lo suficientemente trabajador\u00bb.<\/p>\n<p>\u00abSi yo fuera entre medio segundo y un segundo m\u00e1s lento que mi compa\u00f1ero de equipo, me quedar\u00eda d\u00eda y noche en el paddock o me sumergir\u00eda en los datos hasta entender por qu\u00e9 soy m\u00e1s lento\u00bb, afirm\u00f3 Tost. \u00abEse es el nivel al que Yuki todav\u00eda debe llegar. Es talentoso, pero lamentablemente no lo suficientemente dedicado, no trabaja lo suficiente para compensar esa carencia\u00bb.<\/p>\n<p>\u00abAhora depende de \u00e9l si se desarrolla m\u00e1s o no. Tiene que elevar realmente su nivel\u00bb.<\/p>\n<p>M\u00e1s de la F\u00f3rmula 1:<\/p>\n<p>En este art\u00edculo<\/p>\n<p>Sea el primero en enterarse y suscr\u00edbase para recibir actualizaciones por correo electr\u00f3nico en tiempo real sobre estos temas.<\/p>\n<p>    Suscr\u00edbase a nuevas alertas<\/p>\n","protected":false},"excerpt":{"rendered":"El futuro de Yuki Tsunoda en Red Bull Racing sigue siendo incierto. Al igual que los pilotos de&hellip;\n","protected":false},"author":2,"featured_media":108957,"comment_status":"","ping_status":"","sticky":false,"template":"","format":"standard","meta":{"footnotes":""},"categories":[270],"tags":[168,37490,25,24,306,271,272,37491,1230,2092,23,167,2105],"class_list":{"0":"post-108956","1":"post","2":"type-post","3":"status-publish","4":"format-standard","5":"has-post-thumbnail","7":"category-formula-1","8":"tag-deportes","9":"tag-el-exjefe-de-racing-bulls-seu00f1ala-el-mayor-problema-de-tsunoda","10":"tag-es","11":"tag-espana","12":"tag-f1","13":"tag-formula-1","14":"tag-formula1","15":"tag-franz-tost","16":"tag-fu00f3rmula-1","17":"tag-red-bull-racing","18":"tag-spain","19":"tag-sports","20":"tag-yuki-tsunoda"},"share_on_mastodon":{"url":"","error":""},"_links":{"self":[{"href":"https:\/\/www.europesays.com\/es\/wp-json\/wp\/v2\/posts\/108956","targetHints":{"allow":["GET"]}}],"collection":[{"href":"https:\/\/www.europesays.com\/es\/wp-json\/wp\/v2\/posts"}],"about":[{"href":"https:\/\/www.europesays.com\/es\/wp-json\/wp\/v2\/types\/post"}],"author":[{"embeddable":true,"href":"https:\/\/www.europesays.com\/es\/wp-json\/wp\/v2\/users\/2"}],"replies":[{"embeddable":true,"href":"https:\/\/www.europesays.com\/es\/wp-json\/wp\/v2\/comments?post=108956"}],"version-history":[{"count":0,"href":"https:\/\/www.europesays.com\/es\/wp-json\/wp\/v2\/posts\/108956\/revisions"}],"wp:featuredmedia":[{"embeddable":true,"href":"https:\/\/www.europesays.com\/es\/wp-json\/wp\/v2\/media\/108957"}],"wp:attachment":[{"href":"https:\/\/www.europesays.com\/es\/wp-json\/wp\/v2\/media?parent=108956"}],"wp:term":[{"taxonomy":"category","embeddable":true,"href":"https:\/\/www.europesays.com\/es\/wp-json\/wp\/v2\/categories?post=108956"},{"taxonomy":"post_tag","embeddable":true,"href":"https:\/\/www.europesays.com\/es\/wp-json\/wp\/v2\/tags?post=108956"}],"curies":[{"name":"wp","href":"https:\/\/api.w.org\/{rel}","templated":true}]}}