{"id":108975,"date":"2025-09-12T00:39:12","date_gmt":"2025-09-12T00:39:12","guid":{"rendered":"https:\/\/www.europesays.com\/es\/108975\/"},"modified":"2025-09-12T00:39:12","modified_gmt":"2025-09-12T00:39:12","slug":"las-selecciones-cantabras-inician-el-camino-al-cesa-bm-2026","status":"publish","type":"post","link":"https:\/\/www.europesays.com\/es\/108975\/","title":{"rendered":"Las Selecciones C\u00e1ntabras inician el camino al CESA BM 2026"},"content":{"rendered":"<p>Publicado el 11 septiembre 2025<\/p>\n<ul>\n<li><strong>Los equipos regionales ponen en marcha este domingo 14 de septiembre el nuevo curso deportivo con el arranque de los entrenamientos.<\/strong><\/li>\n<\/ul>\n<p>Las Selecciones C\u00e1ntabras inauguran la temporada 2025\/26 este domingo 14 de septiembre. Los seis equipos de las categor\u00edas infantil, cadete y juvenil, tanto en modalidad masculina como femenina, comenzar\u00e1n a trabajar con el objetivo de llegar en las mejores condiciones al pr\u00f3ximo Campeonato de Espa\u00f1a de Selecciones Auton\u00f3micas (CESA BM 2026).<\/p>\n<p>El inicio de la actividad marca el punto de partida de un ambicioso plan de preparaci\u00f3n que se prolongar\u00e1 durante los pr\u00f3ximos cuatro meses. Durante este periodo, los combinados auton\u00f3micos alternar\u00e1n sesiones de entrenamientos con la disputa de varios torneos, con el fin de poner a prueba su evoluci\u00f3n competitiva frente a otras selecciones y equipos de referencia.<\/p>\n<p>Desde la Federaci\u00f3n C\u00e1ntabra de Balonmano se pone de manifiesto la importancia de este proceso, que no solo busca el m\u00e1ximo rendimiento deportivo, sino tambi\u00e9n continuar con el trabajo formativo de j\u00f3venes talentos de la regi\u00f3n. El cuerpo t\u00e9cnico ha dise\u00f1ado una planificaci\u00f3n que combina exigencia f\u00edsica, aspectos t\u00e1cticos y refuerzo de la cohesi\u00f3n grupal, claves para afrontar con garant\u00edas la gran cita nacional de enero.<\/p>\n<p>Con este arranque, la cantera c\u00e1ntabra comienza un nuevo camino cargado de ilusi\u00f3n, compromiso y aspiraciones deportivas. La meta est\u00e1 clara: llegar al CESA BM 2026 con equipos competitivos, capaces de representar con orgullo a Cantabria y de consolidar el crecimiento del balonmano auton\u00f3mico en la escena nacional.<\/p>\n<p>Imagen: CESA BM 2025.<\/p>\n","protected":false},"excerpt":{"rendered":"Publicado el 11 septiembre 2025 Los equipos regionales ponen en marcha este domingo 14 de septiembre el nuevo&hellip;\n","protected":false},"author":2,"featured_media":108976,"comment_status":"","ping_status":"","sticky":false,"template":"","format":"standard","meta":{"footnotes":""},"categories":[278],"tags":[376,2771,11929,168,25,24,2500,375,12887,23,167],"class_list":{"0":"post-108975","1":"post","2":"type-post","3":"status-publish","4":"format-standard","5":"has-post-thumbnail","7":"category-balonmano","8":"tag-balonmano","9":"tag-cantabria","10":"tag-cesa","11":"tag-deportes","12":"tag-es","13":"tag-espana","14":"tag-federacion","15":"tag-handball","16":"tag-selecciones-cantabras","17":"tag-spain","18":"tag-sports"},"share_on_mastodon":{"url":"","error":""},"_links":{"self":[{"href":"https:\/\/www.europesays.com\/es\/wp-json\/wp\/v2\/posts\/108975","targetHints":{"allow":["GET"]}}],"collection":[{"href":"https:\/\/www.europesays.com\/es\/wp-json\/wp\/v2\/posts"}],"about":[{"href":"https:\/\/www.europesays.com\/es\/wp-json\/wp\/v2\/types\/post"}],"author":[{"embeddable":true,"href":"https:\/\/www.europesays.com\/es\/wp-json\/wp\/v2\/users\/2"}],"replies":[{"embeddable":true,"href":"https:\/\/www.europesays.com\/es\/wp-json\/wp\/v2\/comments?post=108975"}],"version-history":[{"count":0,"href":"https:\/\/www.europesays.com\/es\/wp-json\/wp\/v2\/posts\/108975\/revisions"}],"wp:featuredmedia":[{"embeddable":true,"href":"https:\/\/www.europesays.com\/es\/wp-json\/wp\/v2\/media\/108976"}],"wp:attachment":[{"href":"https:\/\/www.europesays.com\/es\/wp-json\/wp\/v2\/media?parent=108975"}],"wp:term":[{"taxonomy":"category","embeddable":true,"href":"https:\/\/www.europesays.com\/es\/wp-json\/wp\/v2\/categories?post=108975"},{"taxonomy":"post_tag","embeddable":true,"href":"https:\/\/www.europesays.com\/es\/wp-json\/wp\/v2\/tags?post=108975"}],"curies":[{"name":"wp","href":"https:\/\/api.w.org\/{rel}","templated":true}]}}