{"id":108983,"date":"2025-09-12T00:45:10","date_gmt":"2025-09-12T00:45:10","guid":{"rendered":"https:\/\/www.europesays.com\/es\/108983\/"},"modified":"2025-09-12T00:45:10","modified_gmt":"2025-09-12T00:45:10","slug":"que-necesita-mclaren-para-ser-campeon-de-constructores-en-baku","status":"publish","type":"post","link":"https:\/\/www.europesays.com\/es\/108983\/","title":{"rendered":"\u00bfQu\u00e9 necesita McLaren para ser campe\u00f3n de Constructores en Bak\u00fa?"},"content":{"rendered":"<p>Tras el\u00a0<strong>Gran Premio de Italia<\/strong>,<strong>\u00a0Oscar Piastri<\/strong>\u00a0se mantiene al frente del\u00a0<strong>Campeonato de Pilotos<\/strong>\u00a0con\u00a0<strong>324<\/strong>\u00a0puntos. Su compa\u00f1ero\u00a0<strong>Lando Norris<\/strong>\u00a0recort\u00f3 la diferencia y ahora est\u00e1 a\u00a0<strong>31<\/strong>\u00a0unidades, luego de terminar segundo en Monza.\u00a0<strong>Max Verstappen<\/strong>\u00a0ocupa el tercer lugar a\u00a0<strong>63<\/strong>\u00a0puntos del l\u00edder, mientras que\u00a0<strong>George Russell<\/strong>\u00a0y\u00a0<strong>Charles Leclerc<\/strong>\u00a0completan el Top-5.<\/p>\n<p>La diferencia es a\u00fan m\u00e1s contundente en el\u00a0<strong>Campeonato de Constructores<\/strong>:\u00a0<strong>McLaren lidera con 617 puntos, lejos de Ferrari, escolta con 280<\/strong>. Con ocho fechas en disputa, el conjunto de Woking podr\u00eda coronarse en Azerbaiy\u00e1n.<\/p>\n<p>\u00bfQu\u00e9 necesita McLaren para asegurarse el t\u00edtulo en Bak\u00fa?\u00a0<strong>El equipo brit\u00e1nico deber\u00e1 ampliar su ventaja a 346 puntos sobre el segundo equipo en la tabla de posiciones para consagrarse campe\u00f3n el pr\u00f3ximo fin de semana<\/strong>.<\/p>\n<p><strong>Con una victoria y un tercer puesto en Bak\u00fa, McLaren asegurar\u00e1 el Campeonato de Constructores<\/strong>, independientemente de los dem\u00e1s resultados.\u00a0<strong>Si no logra imponerse, le bastar\u00e1 con estirar su ventaja en al menos nueve puntos sobre Ferrari, adem\u00e1s de no ceder m\u00e1s de 12 unidades frente a Mercedes ni 32 respecto a Red Bull<\/strong>.<\/p>\n","protected":false},"excerpt":{"rendered":"Tras el\u00a0Gran Premio de Italia,\u00a0Oscar Piastri\u00a0se mantiene al frente del\u00a0Campeonato de Pilotos\u00a0con\u00a0324\u00a0puntos. Su compa\u00f1ero\u00a0Lando Norris\u00a0recort\u00f3 la diferencia y&hellip;\n","protected":false},"author":2,"featured_media":108984,"comment_status":"","ping_status":"","sticky":false,"template":"","format":"standard","meta":{"footnotes":""},"categories":[270],"tags":[168,25,24,306,271,272,2104,2704,2106,23,167],"class_list":{"0":"post-108983","1":"post","2":"type-post","3":"status-publish","4":"format-standard","5":"has-post-thumbnail","7":"category-formula-1","8":"tag-deportes","9":"tag-es","10":"tag-espana","11":"tag-f1","12":"tag-formula-1","13":"tag-formula1","14":"tag-lando-norris","15":"tag-mclaren","16":"tag-oscar-piastri","17":"tag-spain","18":"tag-sports"},"share_on_mastodon":{"url":"","error":""},"_links":{"self":[{"href":"https:\/\/www.europesays.com\/es\/wp-json\/wp\/v2\/posts\/108983","targetHints":{"allow":["GET"]}}],"collection":[{"href":"https:\/\/www.europesays.com\/es\/wp-json\/wp\/v2\/posts"}],"about":[{"href":"https:\/\/www.europesays.com\/es\/wp-json\/wp\/v2\/types\/post"}],"author":[{"embeddable":true,"href":"https:\/\/www.europesays.com\/es\/wp-json\/wp\/v2\/users\/2"}],"replies":[{"embeddable":true,"href":"https:\/\/www.europesays.com\/es\/wp-json\/wp\/v2\/comments?post=108983"}],"version-history":[{"count":0,"href":"https:\/\/www.europesays.com\/es\/wp-json\/wp\/v2\/posts\/108983\/revisions"}],"wp:featuredmedia":[{"embeddable":true,"href":"https:\/\/www.europesays.com\/es\/wp-json\/wp\/v2\/media\/108984"}],"wp:attachment":[{"href":"https:\/\/www.europesays.com\/es\/wp-json\/wp\/v2\/media?parent=108983"}],"wp:term":[{"taxonomy":"category","embeddable":true,"href":"https:\/\/www.europesays.com\/es\/wp-json\/wp\/v2\/categories?post=108983"},{"taxonomy":"post_tag","embeddable":true,"href":"https:\/\/www.europesays.com\/es\/wp-json\/wp\/v2\/tags?post=108983"}],"curies":[{"name":"wp","href":"https:\/\/api.w.org\/{rel}","templated":true}]}}