{"id":108998,"date":"2025-09-12T00:58:07","date_gmt":"2025-09-12T00:58:07","guid":{"rendered":"https:\/\/www.europesays.com\/es\/108998\/"},"modified":"2025-09-12T00:58:07","modified_gmt":"2025-09-12T00:58:07","slug":"burgos-no-dispone-de-mas-capacidad-electrica-para-implantar-nuevas-empresas","status":"publish","type":"post","link":"https:\/\/www.europesays.com\/es\/108998\/","title":{"rendered":"Burgos no dispone de m\u00e1s capacidad el\u00e9ctrica para implantar nuevas empresas"},"content":{"rendered":"<p>La electricidad, mejor dicho, su acuciante ausencia es el principal problema al que se enfrenta el desarrollo industrial de Burgos y, por extensi\u00f3n, de la mayor parte de Espa\u00f1a. La realidad es muy preocupante:En la provincia no existe en la actualidad ning\u00fan nudo de conexi\u00f3n disponible y abierto para facilitar la energ\u00eda suficiente para la implantaci\u00f3n de nuevos proyectos empresariales. Son 124 nudos repartidos por todo el territorio, con especial presencia en los grandes centros urbanos e industriales (Burgos, Aranda de Duero y Miranda de Ebro), y en solo 6 centros se podr\u00edan contemplar suministros en el largo plazo, siempre y cuando se refuerce la red de distribuci\u00f3n, uno de los grandes problemas a los que se enfrenta el pa\u00eds.\u00a0<\/p>\n<p>Este es el preocupante panorama que dibujan los mapas de capacidad de consumo para conectar la demanda, unas herramientas digitales y p\u00fablicas, supervisadas por la Comisi\u00f3n Nacional de los Mercados y la Competencia (CNMC), que desde este martes est\u00e1n obligadas a publicar y actualizar todos los gestores de la red de distribuci\u00f3n, entre ellos I-DE Iberdrola, compa\u00f1\u00eda hegem\u00f3nica en el territorio provincial.<\/p>\n<p>Los mapas ofrecen informaci\u00f3n de cada nudo de la red con tensi\u00f3n \u00a0superior a 1 kilovoltio (kV) y su primera publicaci\u00f3n deja claro un mensaje: el 83,4% de los puntos de suministros disponibles en la geograf\u00eda espa\u00f1ola est\u00e1n saturados y no pueden atender nuevas demandas de energ\u00eda, lo que congela cualquier posibilidad de crecimiento industrial en su entorno.\u00a0<\/p>\n<blockquote class=\"QuoteComentario\">\n<p>La falta de electricidad es ya un problema empresarial de primer nivel<\/p>\n<\/blockquote>\n<p>En el caso de Burgos, ese porcentaje se dispara hasta el 100%, lo que supone un serio h\u00e1ndicap para cualquier proyecto industrial que se plantee en los pr\u00f3ximos a\u00f1os, desde la implantaci\u00f3n de los centros de datos, claves para atender los requerimientos de la econom\u00eda digital, pasado por los grandes proyectos de descarbonizaci\u00f3n de los procesos industriales en marcha, hasta la implantaci\u00f3n de la red de cargadores para los veh\u00edculos el\u00e9ctricos o la puesta en funcionamiento de la econom\u00eda del hidr\u00f3geno, que tambi\u00e9n necesita de la electricidad en sus procesos.<\/p>\n<p>El problema que tiene Burgos no es exclusivo y tambi\u00e9n lo sufren a nivel regional \u00c1vila, Segovia y Soria, mientras que las provincias de Palencia, Zamora, Valladolid, Le\u00f3n y Salamanca mantienen porcentajes m\u00ednimos de disponibilidad el\u00e9ctrica, entre el 17% y el 4%, lo que les otorga una ventaja competitiva a la hora de atraer industria en estos momentos. Hay otros territorios vecinos, como es el caso del Pa\u00eds Vasco o La Rioja, que est\u00e1n igual que Burgos, saturados. \u00a0\u00a0<\/p>\n<p>La falta de energ\u00eda y la enorme competencia en torno a la misma entra as\u00ed de lleno en los ya acuciantes problemas a los que se enfrenta el futuro industrial de Burgos: la falta de mano de obra cualificada, suelo industrial competitivo, competencia de otros territorios y pa\u00edses, cambios de los modelos productivos como en la automoci\u00f3n.<\/p>\n<blockquote class=\"QuoteComentario\">\n<p>Las el\u00e9ctricas \u00a0urgen un cambio regulatorio que haga viables las inversiones\u00a0<\/p>\n<\/blockquote>\n<p>El mapa de consumo confirma que en Burgos hay una demanda ocupada de m\u00e1s de 1.050 megavatios de potencia (MW), siendo sus principales puntos de consumo los grandes pol\u00edgonos industriales.<\/p>\n<p>Los mapas dejan claro que, en estos momentos, no hay posibilidad alguna de atender proyectos industriales que superen demandas de decenas de MW (que ya son la mayor\u00eda) e incluso lo hay que superan el centenar.\u00a0<\/p>\n<p>La \u00fanica alternativa a largo plazo la presentan los 6 nudos que tienen posibilidades de refuerzo y que se ubican en Briviesca (2), Cerezo de R\u00edo Tir\u00f3n, Pancorbo, Quintanapalla y Villafranca Montes de Oca. Estos nudos, detalla Iberdrola, podr\u00edan ganar capacidad condicionada a la ejecuci\u00f3n de refuerzos en la red de distribuci\u00f3n. \u00a0 \u00a0 \u00a0\u00a0<\/p>\n<p><strong>Soluciones. <\/strong>La Asociaci\u00f3n de Empresas de Energ\u00eda El\u00e9ctrica (Aelec), a la que pertenecen Endesa, Iberdrola y EDP Espa\u00f1a, explica que el origen de la saturaci\u00f3n no solo obedece al incremento de solicitudes de acceso y conexi\u00f3n sino a que en los \u00faltimos a\u00f1os, \u00abse ha seguido un ritmo inversor y unos criterios distintos a los que exig\u00eda al crecimiento de la demanda, mucho m\u00e1s intenso y concentrada en determinados puntos\u00bb.<\/p>\n<p>Por ello, ven \u00abimprescindible\u00bb reforzar y digitalizar la red de distribuci\u00f3n, incrementando su capacidad para integrar la nueva demanda el\u00e9ctrica.<\/p>\n<p>Eso requiere, a su juicio, tener un esquema regulatorio y modelo retributivo que permita la realizaci\u00f3n de las inversiones para lo que se precisa, por un lado, un modelo retributivo \u00abcoherente y estable\u00bb que asegure la recuperaci\u00f3n de las inversiones y, por otro, una retribuci\u00f3n financiera adecuada que permita el pago de los capitales (recursos propios y ajenos) y atraiga la inversi\u00f3n necesaria, incentivando las inversiones que sirvan para incrementar la capacidad.<\/p>\n<blockquote class=\"QuoteComentario\">\n<p>M\u00e1s de la mitad de la electricidad consumida en la provincia, el 54,7%, es de uso industrial. Burgos es la provincia de la regi\u00f3n con mayor consumo en este \u00e1mbito y se ve muy afectada por los problemas en la demanda\u00a0<\/p>\n<\/blockquote>\n<p>Al mismo tiempo, consideran fundamental contar con una planificaci\u00f3n \u00e1gil y mecanismos r\u00e1pidos que permitan reforzar la red all\u00ed donde la demanda lo requiera, evitando cuellos de botella que frenen la transici\u00f3n energ\u00e9tica y procedimientos para liberar capacidad.<\/p>\n<p>\u00abSin estas condiciones, no ser\u00e1 posible conectar a la industria, la vivienda, el almacenamiento o la movilidad el\u00e9ctrica, desaprovechando el potencial de las energ\u00edas renovables y limitando el crecimiento econ\u00f3mico y la competitividad que la electrificaci\u00f3n puede aportar a Espa\u00f1a\u00bb, concluyen.<\/p>\n","protected":false},"excerpt":{"rendered":"La electricidad, mejor dicho, su acuciante ausencia es el principal problema al que se enfrenta el desarrollo industrial&hellip;\n","protected":false},"author":2,"featured_media":108999,"comment_status":"","ping_status":"","sticky":false,"template":"","format":"standard","meta":{"footnotes":""},"categories":[80],"tags":[3592,623,82,6539,95,94,2308,25,24,2893,17650,23],"class_list":{"0":"post-108998","1":"post","2":"type-post","3":"status-publish","4":"format-standard","5":"has-post-thumbnail","7":"category-economia","8":"tag-aranda-de-duero","9":"tag-burgos","10":"tag-business","11":"tag-cnmc","12":"tag-economia","13":"tag-economy","14":"tag-empresas","15":"tag-es","16":"tag-espana","17":"tag-industria","18":"tag-miranda-de-ebro","19":"tag-spain"},"share_on_mastodon":{"url":"","error":""},"_links":{"self":[{"href":"https:\/\/www.europesays.com\/es\/wp-json\/wp\/v2\/posts\/108998","targetHints":{"allow":["GET"]}}],"collection":[{"href":"https:\/\/www.europesays.com\/es\/wp-json\/wp\/v2\/posts"}],"about":[{"href":"https:\/\/www.europesays.com\/es\/wp-json\/wp\/v2\/types\/post"}],"author":[{"embeddable":true,"href":"https:\/\/www.europesays.com\/es\/wp-json\/wp\/v2\/users\/2"}],"replies":[{"embeddable":true,"href":"https:\/\/www.europesays.com\/es\/wp-json\/wp\/v2\/comments?post=108998"}],"version-history":[{"count":0,"href":"https:\/\/www.europesays.com\/es\/wp-json\/wp\/v2\/posts\/108998\/revisions"}],"wp:featuredmedia":[{"embeddable":true,"href":"https:\/\/www.europesays.com\/es\/wp-json\/wp\/v2\/media\/108999"}],"wp:attachment":[{"href":"https:\/\/www.europesays.com\/es\/wp-json\/wp\/v2\/media?parent=108998"}],"wp:term":[{"taxonomy":"category","embeddable":true,"href":"https:\/\/www.europesays.com\/es\/wp-json\/wp\/v2\/categories?post=108998"},{"taxonomy":"post_tag","embeddable":true,"href":"https:\/\/www.europesays.com\/es\/wp-json\/wp\/v2\/tags?post=108998"}],"curies":[{"name":"wp","href":"https:\/\/api.w.org\/{rel}","templated":true}]}}