{"id":109000,"date":"2025-09-12T00:59:08","date_gmt":"2025-09-12T00:59:08","guid":{"rendered":"https:\/\/www.europesays.com\/es\/109000\/"},"modified":"2025-09-12T00:59:08","modified_gmt":"2025-09-12T00:59:08","slug":"el-parlamento-europeo-apoya-la-suspension-parcial-del-acuerdo-comercial-con-israel-de-von-der-leyen-pero-no-menciona-el-genocidio","status":"publish","type":"post","link":"https:\/\/www.europesays.com\/es\/109000\/","title":{"rendered":"El Parlamento Europeo apoya la suspensi\u00f3n parcial del acuerdo comercial con Israel de Von der Leyen, pero no menciona el genocidio"},"content":{"rendered":"<p class=\"article-text\">\n        Sin hacer menci\u00f3n al genocidio de Gaza para evitar el freno de los eurodiputados de determinados pa\u00edses, el Parlamento Europeo ha aprobado este jueves una resoluci\u00f3n que respalda la propuesta que lanz\u00f3 la presidenta de la Comisi\u00f3n Europea, Ursula Von der Leyen, de medidas coercitivas con Israel para intentar acabar con la crisis humanitaria que sufre la poblaci\u00f3n palestina.\n    <\/p>\n<p class=\"article-text\">\n        El Partido Popular Europeo ha conseguido tumbar todas las enmiendas que alud\u00edan a un genocidio en Gaza. El argumento esgrimido es el utilizado normalmente por la Comisi\u00f3n Europea: hay que esperar a la decisi\u00f3n del Tribunal Internacional de Justicia a que dicte si lo que est\u00e1 ocurriendo en la franja de territorio palestino es un genocidio o no. La resoluci\u00f3n ha salido aprobada por 305 votos a favor, 151 en contra y 122 abstenciones.\n    <\/p>\n<p class=\"article-text\">\n        Lo que han aprobado los parlamentarios europeos es el respaldo de las medidas que anunci\u00f3 Von der Leyen porque todav\u00eda no hay una propuesta formal y oficial sobre este asunto. Esta resoluci\u00f3n no es vinculante para la Comisi\u00f3n Europea. Las medidas que propuso la presidenta en su discurso sobre el Estado de la Uni\u00f3n fueron las siguientes: \u201cSuspenderemos nuestro apoyo bilateral a Israel. Suspenderemos todos los pagos en estas \u00e1reas, sin afectar nuestra colaboraci\u00f3n con la sociedad civil israel\u00ed ni con Yad Vashem. Propondremos sanciones a los ministros extremistas y a los colonos violentos. Y tambi\u00e9n propondremos una suspensi\u00f3n parcial del Acuerdo de asociaci\u00f3n en materia comercial. En tercer lugar, el pr\u00f3ximo mes crearemos un Grupo de Donantes para Palestina, que incluir\u00e1 un instrumento espec\u00edfico para la reconstrucci\u00f3n de Gaza\u201d.\n    <\/p>\n<p class=\"article-text\">\n        A pesar de que la resoluci\u00f3n es m\u00e1s floja de lo que esperaban los parlamentarios de izquierdas y liberales, se ha llegado a un consenso en aras de lograr algun tipo de presi\u00f3n sobre Israel. En el documento se menciona \u201cla situaci\u00f3n humanitaria catastr\u00f3fica en la Franja de Gaza\u201d, urgen a proteger y asegurar la distribuci\u00f3n de ayuda humanitaria, piden un alto el fuego permanente e inmediato y reclaman la liberaci\u00f3n de todos los rehenes a la vez que condenan los cr\u00edmenes de Ham\u00e1s contra Israel.\n    <\/p>\n<p class=\"article-text\">\n        Los eurodiputados subrayan que el derecho de Israel a defenderse no puede justificar una acci\u00f3n militar indiscriminada en Gaza y expresan su preocupaci\u00f3n por las continuas operaciones militares del Ej\u00e9rcito israel\u00ed, que han provocado un sufrimiento insoportable a la poblaci\u00f3n civil. Adem\u00e1s, denuncian el uso de civiles como escudos humanos por parte de Ham\u00e1s.\n    <\/p>\n<p class=\"article-text\">\n        El Partido Popular Europeo ha tenido un viaje de ida y vuelta alrededor de la crisis humanitaria de Gaza. Aunque en un principio no quiso firmar la resoluci\u00f3n, sus eurodiputados cambiaron de opini\u00f3n al comprobar que la presidenta de la Comisi\u00f3n Europea, de su mismo partido, hab\u00eda adoptado una posici\u00f3n m\u00e1s cr\u00edtica y dura con Israel durante su discurso.\n    <\/p>\n<p>    <a href=\"https:\/\/www.eldiario.es\/internacional\/von-der-leyen-propone-suspension-acuerdo-comercial-israel-frenar-genocidio-gaza_1_12591007.html\" data-mrf-recirculation=\"saber-mas-abajo\" data-dl-event=\"saber-mas-abajo\" rel=\"nofollow noopener\" target=\"_blank\"><\/p>\n<p class=\"know-more__title\">Von der Leyen propone la suspensi\u00f3n parcial del acuerdo comercial con Israel para frenar el genocidio de Gaza\n<\/p>\n<p>            <img decoding=\"async\" class=\"lazy\" loading=\"lazy\" data-src=\"https:\/\/static.eldiario.es\/clip\/f427ecb0-cb95-4de6-90f8-3b94ed4fe550_16-9-aspect-ratio_default_0.jpg\" src=\"data:image\/svg+xml,%3Csvg xmlns=\" http:=\"\" viewbox=\"0 0 880 495\" alt=\"Von der Leyen propone la suspensi\u00f3n parcial del acuerdo comercial con Israel para frenar el genocidio de Gaza\"\/><\/p>\n<p>                        <\/a><\/p>\n<p class=\"article-text\">\n        Es la primera resoluci\u00f3n sobre la situaci\u00f3n en Gaza en m\u00e1s de un a\u00f1o de legislatura a pesar de los escalofriantes datos: mas de 62.000 v\u00edctimas mortales. M\u00e1s de un centenar de ni\u00f1os y ni\u00f1as fallecidos por desnutrici\u00f3n. 156.000 heridos de guerra. Unos 220 periodistas y 1.600 trabajadores sanitarios asesinados.\n    <\/p>\n","protected":false},"excerpt":{"rendered":"Sin hacer menci\u00f3n al genocidio de Gaza para evitar el freno de los eurodiputados de determinados pa\u00edses, el&hellip;\n","protected":false},"author":2,"featured_media":109001,"comment_status":"","ping_status":"","sticky":false,"template":"","format":"standard","meta":{"footnotes":""},"categories":[42],"tags":[945,948,17,18,5057,5787,5824,13,14,79,11,61,62,63,64,74,19,20,5788,37498,9,689,10,15,16,7681,14863,7680,12,21,22,5786,65,66,67],"class_list":{"0":"post-109000","1":"post","2":"type-post","3":"status-publish","4":"format-standard","5":"has-post-thumbnail","7":"category-internacional","8":"tag-acuerdo","9":"tag-aprueba","10":"tag-breaking-news","11":"tag-breakingnews","12":"tag-comercial","13":"tag-der","14":"tag-europeo","15":"tag-featured-news","16":"tag-featurednews","17":"tag-genocidio","18":"tag-headlines","19":"tag-internacional","20":"tag-international","21":"tag-international-news","22":"tag-internationalnews","23":"tag-israel","24":"tag-latest-news","25":"tag-latestnews","26":"tag-leyen","27":"tag-menciona","28":"tag-news","29":"tag-no","30":"tag-noticias","31":"tag-noticias-destacadas","32":"tag-noticiasdestacadas","33":"tag-parcial","34":"tag-parlamento","35":"tag-suspension","36":"tag-titulares","37":"tag-ultimas-noticias","38":"tag-ultimasnoticias","39":"tag-von","40":"tag-world","41":"tag-world-news","42":"tag-worldnews"},"share_on_mastodon":{"url":"","error":""},"_links":{"self":[{"href":"https:\/\/www.europesays.com\/es\/wp-json\/wp\/v2\/posts\/109000","targetHints":{"allow":["GET"]}}],"collection":[{"href":"https:\/\/www.europesays.com\/es\/wp-json\/wp\/v2\/posts"}],"about":[{"href":"https:\/\/www.europesays.com\/es\/wp-json\/wp\/v2\/types\/post"}],"author":[{"embeddable":true,"href":"https:\/\/www.europesays.com\/es\/wp-json\/wp\/v2\/users\/2"}],"replies":[{"embeddable":true,"href":"https:\/\/www.europesays.com\/es\/wp-json\/wp\/v2\/comments?post=109000"}],"version-history":[{"count":0,"href":"https:\/\/www.europesays.com\/es\/wp-json\/wp\/v2\/posts\/109000\/revisions"}],"wp:featuredmedia":[{"embeddable":true,"href":"https:\/\/www.europesays.com\/es\/wp-json\/wp\/v2\/media\/109001"}],"wp:attachment":[{"href":"https:\/\/www.europesays.com\/es\/wp-json\/wp\/v2\/media?parent=109000"}],"wp:term":[{"taxonomy":"category","embeddable":true,"href":"https:\/\/www.europesays.com\/es\/wp-json\/wp\/v2\/categories?post=109000"},{"taxonomy":"post_tag","embeddable":true,"href":"https:\/\/www.europesays.com\/es\/wp-json\/wp\/v2\/tags?post=109000"}],"curies":[{"name":"wp","href":"https:\/\/api.w.org\/{rel}","templated":true}]}}